{"id":16331,"date":"2022-01-28T12:37:51","date_gmt":"2022-01-28T09:37:51","guid":{"rendered":"http:\/\/akdenizolaygazetesi.com\/?p=16331"},"modified":"2022-01-28T12:37:51","modified_gmt":"2022-01-28T09:37:51","slug":"cukurova-5-6-subatta-arslankoyde-bulusacak","status":"publish","type":"post","link":"https:\/\/akdenizolaygazetesi.com\/?p=16331","title":{"rendered":"&#8220;\u00c7UKUROVA, 5-6 \u015eUBAT&#8217;TA ARSLANK\u00d6Y&#8217;DE BULU\u015eACAK&#8221;"},"content":{"rendered":"<p>Heyecanla beklenen Toroslar 2. Kar Festivali&#8217;nin tarihi, il\u00e7enin y\u00fcksek kesimlerinde devam eden yo\u011fun kar ya\u011f\u0131\u015f\u0131 nedeniyle 5-6 \u015eubat 2022 tarihine ertelendi.<\/p>\n<p>Mersin&#8217;de ilk kez Toroslar Belediyesi taraf\u0131ndan Arslank\u00f6y Yaylas\u0131nda d\u00fczenlenen Kar Festivalinin ilki, Mersin ve \u00e7evre il\u00e7elerinin yan\u0131 s\u0131ra Adana, Hatay ve Kayseri illerinden yakla\u015f\u0131k 20 bin ki\u015finin kat\u0131l\u0131m\u0131yla ger\u00e7ekle\u015fmi\u015fti.<\/p>\n<p>Belediye, festivalin ikincisine haz\u0131rlan\u0131yor. 7&#8217;den 70&#8217;e herkes, kar\u0131n, e\u015fsiz do\u011fan\u0131n, k\u0131\u015f sporlar\u0131n\u0131n, m\u00fczi\u011fin ve e\u011flencenin tad\u0131n\u0131 bu y\u0131l da doyas\u0131ya ya\u015fayacak.<\/p>\n<p>&#8220;1453 RAKIMDA KAR FEST\u0130VAL\u0130 \u0130LE DOLU DOLU 2 G\u00dcN&#8221;<\/p>\n<p>Toroslar Belediye Ba\u015fkan\u0131 Ats\u0131z Af\u015f\u0131n Y\u0131lmaz, herkesi festivalin co\u015fkusuna kat\u0131lmaya davet etti.<\/p>\n<p>Festival ile T\u00fcm T\u00fcrkiye&#8217;ye k\u0131\u015f turizminin ve sporlar\u0131n\u0131n Toroslar&#8217;da da yap\u0131laca\u011f\u0131n\u0131n en g\u00fczel mesaj\u0131n\u0131 verdiklerini belirten Ba\u015fkan Y\u0131lmaz; &#8220;Akdeniz ve Mersin denince akla yaz turizmi ve deniz gelir. Ama bizim ad\u0131m\u0131z Toroslar. Biz, ad\u0131m\u0131z\u0131 birlik ve beraberli\u011fin timsali olan Toroslar&#8217;dan, karl\u0131 da\u011flar\u0131m\u0131zdan al\u0131yoruz. T\u00fcm hem\u015fehrilerimizi 5 \u015eubat Cumartesi ve 6 \u015eubat Pazar g\u00fcn\u00fc 1453 rak\u0131ml\u0131 yaylam\u0131z Arslank\u00f6y&#8217;e bekliyoruz&#8221; dedi.<\/p>\n<p>&#8220;Mersin&#8217;de bir ilki ger\u00e7ekle\u015ftirdi\u011fimiz Kar Festivalimizin ikincisinde de sportif etkinlikler ve birbirinden e\u011flenceli aktivitelerle g\u00f6rsel bir \u015f\u00f6len sunaca\u011f\u0131z&#8221; diyen Ba\u015fkan Y\u0131lmaz; &#8220;Bu hafta sonu yapmay\u0131 planlad\u0131\u011f\u0131m\u0131z Kar Festivalimizi, yo\u011fun kar ya\u011f\u0131\u015f\u0131 nedeniyle 5-6 \u015eubat 2022 tarihine erteledik. Festivale kat\u0131lan vatanda\u015flar\u0131m\u0131z hem e\u011flenecek hem de profesyonel sporcularla kayak, snowboard ve k\u0131zakla kayma keyfine de ortak olacak. Yaylalar\u0131m\u0131z\u0131n yaz\u0131 ayr\u0131, k\u0131\u015f\u0131 ayr\u0131 g\u00fczel. K\u0131\u015f mevsiminde beyaza b\u00fcr\u00fcnen bu do\u011fal g\u00fczelli\u011fi herkesin g\u00f6rmesini istiyoruz&#8221; \u015feklinde konu\u015ftu.<\/p>\n","protected":false},"excerpt":{"rendered":"<p>Heyecanla beklenen Toroslar 2. Kar Festivali&#8217;nin tarihi, il\u00e7enin y\u00fcksek kesimlerinde devam eden yo\u011fun kar ya\u011f\u0131\u015f\u0131 nedeniyle 5-6 \u015eubat 2022 tarihine ertelendi. Mersin&#8217;de ilk kez Toroslar Belediyesi taraf\u0131ndan Arslank\u00f6y Yaylas\u0131nda d\u00fczenlenen &hellip; <a href=\"https:\/\/akdenizolaygazetesi.com\/?p=16331\" class=\"more-link\">Devam\u0131n\u0131 Oku&#8230;<\/a><\/p>\n","protected":false},"author":2,"featured_media":16332,"comment_status":"open","ping_status":"open","sticky":false,"template":"","format":"standard","meta":[],"categories":[1,2,3,10],"tags":[],"_links":{"self":[{"href":"https:\/\/akdenizolaygazetesi.com\/index.php?rest_route=\/wp\/v2\/posts\/16331"}],"collection":[{"href":"https:\/\/akdenizolaygazetesi.com\/index.php?rest_route=\/wp\/v2\/posts"}],"about":[{"href":"https:\/\/akdenizolaygazetesi.com\/index.php?rest_route=\/wp\/v2\/types\/post"}],"author":[{"embeddable":true,"href":"https:\/\/akdenizolaygazetesi.com\/index.php?rest_route=\/wp\/v2\/users\/2"}],"replies":[{"embeddable":true,"href":"https:\/\/akdenizolaygazetesi.com\/index.php?rest_route=%2Fwp%2Fv2%2Fcomments&post=16331"}],"version-history":[{"count":1,"href":"https:\/\/akdenizolaygazetesi.com\/index.php?rest_route=\/wp\/v2\/posts\/16331\/revisions"}],"predecessor-version":[{"id":16333,"href":"https:\/\/akdenizolaygazetesi.com\/index.php?rest_route=\/wp\/v2\/posts\/16331\/revisions\/16333"}],"wp:featuredmedia":[{"embeddable":true,"href":"https:\/\/akdenizolaygazetesi.com\/index.php?rest_route=\/wp\/v2\/media\/16332"}],"wp:attachment":[{"href":"https:\/\/akdenizolaygazetesi.com\/index.php?rest_route=%2Fwp%2Fv2%2Fmedia&parent=16331"}],"wp:term":[{"taxonomy":"category","embeddable":true,"href":"https:\/\/akdenizolaygazetesi.com\/index.php?rest_route=%2Fwp%2Fv2%2Fcategories&post=16331"},{"taxonomy":"post_tag","embeddable":true,"href":"https:\/\/akdenizolaygazetesi.com\/index.php?rest_route=%2Fwp%2Fv2%2Ftags&post=16331"}],"curies":[{"name":"wp","href":"https:\/\/api.w.org\/{rel}","templated":true}]}}