{"id":16340,"date":"2022-01-28T12:45:06","date_gmt":"2022-01-28T09:45:06","guid":{"rendered":"http:\/\/akdenizolaygazetesi.com\/?p=16340"},"modified":"2022-01-28T12:45:06","modified_gmt":"2022-01-28T09:45:06","slug":"tum-ekiplerimizle-sahadayiz","status":"publish","type":"post","link":"https:\/\/akdenizolaygazetesi.com\/?p=16340","title":{"rendered":"&#8220;T\u00dcM EK\u0130PLER\u0130M\u0130ZLE SAHADAYIZ&#8221;"},"content":{"rendered":"<p>Toroslar Belediye Ba\u015fkan\u0131 Ats\u0131z Af\u015f\u0131n Y\u0131lmaz, il\u00e7enin y\u00fcksek kesimlerinde devam eden karla m\u00fccadele \u00e7al\u0131\u015fmalar\u0131n\u0131 g\u00fcn boyu takip etti.<\/p>\n<p>Ba\u015fkan Y\u0131lmaz; &#8220;\u00c7evik Belediyecilik anlay\u0131\u015f\u0131m\u0131z do\u011frultusunda Meteorolojiden gelen uyar\u0131lar\u0131 dikkate alarak gerekli haz\u0131rl\u0131klar\u0131m\u0131z\u0131 yapm\u0131\u015ft\u0131k. \u00c7ok \u015f\u00fck\u00fcr il\u00e7emizin y\u00fcksek kesimlerinde herhangi bir olumsuzluk olmad\u0131&#8221; dedi.<\/p>\n<p>Toroslar Belediyesi, yaylalarda gece g\u00fcnd\u00fcz teyakkuz halinde \u00e7al\u0131\u015f\u0131yor. Yo\u011fun kar ya\u011f\u0131\u015f\u0131n\u0131n ula\u015f\u0131mda aksakl\u0131klara yol a\u00e7mamas\u0131 i\u00e7in t\u00fcm ekip ve ekipmanlar\u0131yla h\u0131zl\u0131 bir \u015fekilde hareket eden belediye, karda mahsur kalan vatanda\u015flara da an\u0131nda ula\u015farak yard\u0131m\u0131na ko\u015fuyor.<\/p>\n<p>Ba\u015fkan Y\u0131lmaz&#8217;dan Karla M\u00fccadele Ekibine Te\u015fekk\u00fcr Ziyareti<\/p>\n<p>Ba\u015fkan Y\u0131lmaz, Karla M\u00fccadele ve Acil Durum Afet ekiplerini sahada ziyaret etti. Arslank\u00f6y, Kavakl\u0131p\u0131nar, Kurudere ve Horozlu Mahallelerinde \u00e7al\u0131\u015fma arkada\u015flar\u0131yla bir araya gelerek kolayl\u0131klar dileyen Ba\u015fkan Y\u0131lmaz, ekiplerine ve mahalle sakinlerine cezerye ikram\u0131nda bulundu.<\/p>\n<p>Birim m\u00fcd\u00fcrleriyle ger\u00e7ekle\u015ftirdi\u011fi mahalle ziyaretlerinde yo\u011fun ilgiyle kar\u015f\u0131lanan Ba\u015fkan Y\u0131lmaz, esnaf ve vatanda\u015flarla sohbet edip taleplerini dinledi.<\/p>\n<p>Ba\u015fkan Y\u0131lmaz; &#8220;40 y\u0131l\u0131n en y\u00fcksek kar ya\u011f\u0131\u015f\u0131n\u0131n ya\u015fand\u0131\u011f\u0131 yaylalar\u0131m\u0131zda devam eden olumsuz hava \u015fartlar\u0131ndan dolay\u0131 vatanda\u015flar\u0131m\u0131z\u0131n ma\u011fdur olmamas\u0131 i\u00e7in \u00e7al\u0131\u015fmalar\u0131m\u0131z\u0131 aral\u0131ks\u0131z bir \u015fekilde s\u00fcrd\u00fcr\u00fcyoruz. T\u00fcm ekiplerimizle ve i\u015f makinelerimizle sahaday\u0131z. Vatanda\u015flar\u0131m\u0131z, herhangi bir s\u0131k\u0131nt\u0131da Belediyemizin 0324 322 72 00 numaral\u0131 telefonundan ekiplerimize ula\u015fabilirler. Hem\u015fehrilerimizden de iste\u011fimiz yola tedbirli \u00e7\u0131kmalar\u0131d\u0131r&#8221; ifadelerini kulland\u0131.<\/p>\n","protected":false},"excerpt":{"rendered":"<p>Toroslar Belediye Ba\u015fkan\u0131 Ats\u0131z Af\u015f\u0131n Y\u0131lmaz, il\u00e7enin y\u00fcksek kesimlerinde devam eden karla m\u00fccadele \u00e7al\u0131\u015fmalar\u0131n\u0131 g\u00fcn boyu takip etti. Ba\u015fkan Y\u0131lmaz; &#8220;\u00c7evik Belediyecilik anlay\u0131\u015f\u0131m\u0131z do\u011frultusunda Meteorolojiden gelen uyar\u0131lar\u0131 dikkate alarak gerekli &hellip; <a href=\"https:\/\/akdenizolaygazetesi.com\/?p=16340\" class=\"more-link\">Devam\u0131n\u0131 Oku&#8230;<\/a><\/p>\n","protected":false},"author":2,"featured_media":16341,"comment_status":"open","ping_status":"open","sticky":false,"template":"","format":"standard","meta":[],"categories":[2,3,5],"tags":[],"_links":{"self":[{"href":"https:\/\/akdenizolaygazetesi.com\/index.php?rest_route=\/wp\/v2\/posts\/16340"}],"collection":[{"href":"https:\/\/akdenizolaygazetesi.com\/index.php?rest_route=\/wp\/v2\/posts"}],"about":[{"href":"https:\/\/akdenizolaygazetesi.com\/index.php?rest_route=\/wp\/v2\/types\/post"}],"author":[{"embeddable":true,"href":"https:\/\/akdenizolaygazetesi.com\/index.php?rest_route=\/wp\/v2\/users\/2"}],"replies":[{"embeddable":true,"href":"https:\/\/akdenizolaygazetesi.com\/index.php?rest_route=%2Fwp%2Fv2%2Fcomments&post=16340"}],"version-history":[{"count":1,"href":"https:\/\/akdenizolaygazetesi.com\/index.php?rest_route=\/wp\/v2\/posts\/16340\/revisions"}],"predecessor-version":[{"id":16343,"href":"https:\/\/akdenizolaygazetesi.com\/index.php?rest_route=\/wp\/v2\/posts\/16340\/revisions\/16343"}],"wp:featuredmedia":[{"embeddable":true,"href":"https:\/\/akdenizolaygazetesi.com\/index.php?rest_route=\/wp\/v2\/media\/16341"}],"wp:attachment":[{"href":"https:\/\/akdenizolaygazetesi.com\/index.php?rest_route=%2Fwp%2Fv2%2Fmedia&parent=16340"}],"wp:term":[{"taxonomy":"category","embeddable":true,"href":"https:\/\/akdenizolaygazetesi.com\/index.php?rest_route=%2Fwp%2Fv2%2Fcategories&post=16340"},{"taxonomy":"post_tag","embeddable":true,"href":"https:\/\/akdenizolaygazetesi.com\/index.php?rest_route=%2Fwp%2Fv2%2Ftags&post=16340"}],"curies":[{"name":"wp","href":"https:\/\/api.w.org\/{rel}","templated":true}]}}