{"id":16344,"date":"2022-01-28T12:47:51","date_gmt":"2022-01-28T09:47:51","guid":{"rendered":"http:\/\/akdenizolaygazetesi.com\/?p=16344"},"modified":"2022-01-28T12:47:51","modified_gmt":"2022-01-28T09:47:51","slug":"buyuksehir-vatandaslari-kar-esaretinden-kurtariyor","status":"publish","type":"post","link":"https:\/\/akdenizolaygazetesi.com\/?p=16344","title":{"rendered":"B\u00dcY\u00dcK\u015eEH\u0130R, VATANDA\u015eLARI KAR ESARET\u0130NDEN KURTARIYOR"},"content":{"rendered":"<p>Mersin B\u00fcy\u00fck\u015fehir Belediyesi, y\u00fcksek kesimlerde etkili olan kar ya\u011f\u0131\u015f\u0131 nedeniyle vatanda\u015flar\u0131n herhangi bir olumsuzluk ya\u015famamas\u0131 i\u00e7in Mersin&#8217;in d\u00f6rt bir yan\u0131nda karla m\u00fccadele \u00e7al\u0131\u015fmalar\u0131n\u0131 s\u00fcrd\u00fcr\u00fcyor. B\u00fcy\u00fck\u015fehir Belediyesi Yol Yap\u0131m Bak\u0131m ve Onar\u0131m Dairesi ile Muhtarl\u0131k \u0130\u015fleri Dairesi ekipleri, koordineli bir \u015fekilde y\u00fcr\u00fctt\u00fckleri karla m\u00fccadele \u00e7al\u0131\u015fmalar\u0131nda 7\/24 etkin bir \u015fekilde g\u00f6rev \u00fcstleniyor. Kar k\u00fcreme, tuzlama ve yol a\u00e7ma \u00e7al\u0131\u015fmalar\u0131na devam eden ekipler, gelen ihbarlar \u00fczerine h\u0131zl\u0131 bir \u015fekilde b\u00f6lgeye ula\u015farak vatanda\u015flar\u0131n yard\u0131m\u0131na ko\u015fuyor. Ekipler, son olarak kar kal\u0131nl\u0131\u011f\u0131 2,5 metreyi bulan Erdemli&#8217;de maden oca\u011f\u0131nda mahsur kalan bir madenciyi kurtard\u0131.<br \/>\n4 g\u00fcn mahsur kald\u0131<br \/>\nG\u00f6rev yapt\u0131\u011f\u0131 maden oca\u011f\u0131nda tek ba\u015f\u0131na kalan ve yard\u0131m bekleyen Saffet Yanar&#8217;a ula\u015fan ekipler, \u00f6nce i\u015f makinalar\u0131 ile yoldan kar engelini kald\u0131rd\u0131, ard\u0131ndan Yanar&#8217;\u0131 bulundu\u011fu yerden kurtard\u0131. 4 g\u00fcnd\u00fcr maden oca\u011f\u0131nda mahsur kalan Saffet Yanar, &#8220;Kar\u0131n i\u00e7inde \u015fu an donmu\u015f durumday\u0131m, beynim donmu\u015f, tek d\u00fc\u015f\u00fcncem; ailem, \u00e7ocuklar\u0131m, bir an evvel onlara kavu\u015fmak. Allah raz\u0131 olsun Vahap Se\u00e7er&#8217;den de ekibinden de t\u00fcm belediye \u00e7al\u0131\u015fanlar\u0131ndan ve sizlerden de. Beni tekrardan hayata kavu\u015fturdunuz, \u00e7ocuklar\u0131ma kavu\u015fturdunuz&#8221; dedi. Mahsur kald\u0131\u011f\u0131 g\u00fcnlerde ya\u015fad\u0131klar\u0131n\u0131 anlatan Yanar, &#8220;\u00c7ocuklar\u0131mla ya\u015fad\u0131\u011f\u0131m g\u00fczel g\u00fcnleri hissettim, tekrardan onlara kavu\u015fabilmeyi hayal ettim. Biri gelecek illa ki buradan kurtaracak diye hayal ettim, d\u00fc\u015f\u00fcnd\u00fcm. \u00c7ok \u015f\u00fck\u00fcr ki sizler \u00e7\u0131kt\u0131n\u0131z, geldiniz&#8221; diye konu\u015ftu.<br \/>\nBirlikte \u00e7al\u0131\u015ft\u0131\u011f\u0131 arkada\u015f\u0131yla irtibat\u0131 kesilince yaln\u0131z kald\u0131\u011f\u0131n\u0131 s\u00f6yleyen Yanar, &#8220;Oldu\u011fumuz b\u00f6lgede mermer oca\u011f\u0131n\u0131n bek\u00e7ili\u011fini yapmaktay\u0131z arkada\u015f\u0131mla birlikte. Arkada\u015f\u0131m erza\u011f\u0131m\u0131z\u0131 ve ekme\u011fimizi almak i\u00e7in a\u015fa\u011f\u0131ya indi. Kar da baya\u011f\u0131 bir \u015fiddetlenmi\u015fti, tipiden dolay\u0131 \u00e7\u0131kamad\u0131 kendisi. Elektrik de kesik oldu\u011fu i\u00e7in birbirimizle irtibat\u0131m\u0131z\u0131 kaybettik \u015farj\u0131m bitti\u011fi i\u00e7in. 4 g\u00fcnd\u00fcr yaln\u0131z\u0131m. B\u00fcy\u00fck\u015fehir Belediyesi&#8217;ne, Vahap Se\u00e7er Ba\u015fkan\u0131m\u0131za \u00e7ok te\u015fekk\u00fcr ediyoruz&#8221; dedi.<br \/>\nG\u00fclnar&#8217;da da yollar a\u00e7\u0131k tutuldu<br \/>\nB\u00fcy\u00fck\u015fehir Belediyesi ekipleri, G\u00fclnar il\u00e7esinde yakla\u015f\u0131k 1 metreyi bulan kal\u0131n kar \u00f6rt\u00fcs\u00fcne kar\u015f\u0131 da seferber oldu. \u00d6zellikle kar kal\u0131nl\u0131\u011f\u0131n\u0131n gittik\u00e7e artt\u0131\u011f\u0131 y\u00fcksek kesimlerde \u00e7al\u0131\u015fma y\u00fcr\u00fcten ekipler, kar k\u00fcreme ve tuzlama \u00e7al\u0131\u015fmas\u0131 yapt\u0131. \u00c7al\u0131\u015fmalara Yol Yap\u0131m Bak\u0131m ve Onar\u0131m Dairesi Ba\u015fkan\u0131 Suat Ba\u011fr\u0131a\u00e7\u0131k ile Muhtarl\u0131k \u0130\u015fleri Dairesi Ba\u015fkan\u0131 Zeki Aksoy da e\u015flik etti. B\u00fcy\u00fck\u015fehir ekipleri, G\u00fclnar il\u00e7esinde kar ya\u011f\u0131\u015f\u0131 nedeniyle kapanan yollar\u0131 a\u00e7arak, vatanda\u015flar\u0131n ma\u011fduriyetini giderdi.<br \/>\n&#8220;Bu ya\u011f\u0131\u015flara ra\u011fmen g\u00fcnde \u00fc\u00e7 sefer greyderimiz yollar\u0131m\u0131z\u0131 a\u00e7t\u0131&#8221;<br \/>\nG\u00fclnar il\u00e7esi Yarmasu Mahalle Muhtar\u0131 Mustafa G\u00fcne\u015f, B\u00fcy\u00fck\u015fehir Belediyesi karla m\u00fccadele ekiplerinin g\u00fcnl\u00fck belirli periyotlarda \u00e7al\u0131\u015ft\u0131\u011f\u0131n\u0131, yollar\u0131 hep a\u00e7\u0131k tuttu\u011funu belirterek, \u015funlar\u0131 s\u00f6yledi:<br \/>\n&#8220;Bu \u00e7ift\u00e7ilerimizin beyaz alt\u0131n\u0131. Verdi\u011fine \u015f\u00fck\u00fcr. Hi\u00e7bir acizli\u011fimiz yok, hi\u00e7bir s\u0131k\u0131nt\u0131m\u0131z da olmad\u0131. B\u00fcy\u00fck\u015fehir Belediyemize, ba\u015fta Vahap Se\u00e7er Ba\u015fkan\u0131m\u0131za \u00e7ok te\u015fekk\u00fcr ediyoruz. Bu ya\u011f\u0131\u015flara ra\u011fmen g\u00fcnde \u00fc\u00e7 sefer greyderimiz yollar\u0131m\u0131z\u0131 a\u00e7t\u0131. Ge\u00e7en gece saat 03.00&#8217;te vatanda\u015flar\u0131m\u0131z mahsur kald\u0131. Biz dedik &#8216;vatanda\u015flar\u0131m\u0131z mahsur kald\u0131.&#8217; &#8216;2 saat i\u00e7inde geliriz&#8217; dediler. 1 saat i\u00e7inde geldiler. Be\u015f \u00f6\u011frenciyi kurtard\u0131lar. Vahap Ba\u015fkan\u0131m\u0131z&#8217;dan Allah raz\u0131 olsun. Tipi de \u00e7ok fazla, eksi 15&#8217;leri, eksi 18&#8217;leri g\u00f6rd\u00fck. Geceleri \u00e7ok tipi var. Belen&#8217;de 1,5-2 metreye do\u011fru kar\u0131 greyder a\u00e7amad\u0131, B\u00fcy\u00fck\u015fehir Belediyemizin dozeri geldi a\u00e7t\u0131. Akabinde daire ba\u015fkanlar\u0131m\u0131z da geldi. Bu yaylan\u0131n ba\u015f\u0131nda, bu tipide bizi ziyaret ettiler. Ger\u00e7ekten de kar esaretini kusursuz atlatt\u0131k. \u015eu an kar kal\u0131nl\u0131\u011f\u0131 1 metreyi ge\u00e7ti tahmini olarak. Yollar\u0131m\u0131z hi\u00e7 kapanmad\u0131. G\u00fcnl\u00fck \u00fc\u00e7 sefer. Gece 03.00&#8217;te a\u00e7\u0131l\u0131yor, sabah a\u00e7\u0131l\u0131yor, \u00f6\u011flene do\u011fru a\u00e7\u0131l\u0131yor. Bir greyder b\u00f6lgemizde gece-g\u00fcnd\u00fcz d\u00f6n\u00fcp duruyor.&#8221;<\/p>\n","protected":false},"excerpt":{"rendered":"<p>Mersin B\u00fcy\u00fck\u015fehir Belediyesi, y\u00fcksek kesimlerde etkili olan kar ya\u011f\u0131\u015f\u0131 nedeniyle vatanda\u015flar\u0131n herhangi bir olumsuzluk ya\u015famamas\u0131 i\u00e7in Mersin&#8217;in d\u00f6rt bir yan\u0131nda karla m\u00fccadele \u00e7al\u0131\u015fmalar\u0131n\u0131 s\u00fcrd\u00fcr\u00fcyor. B\u00fcy\u00fck\u015fehir Belediyesi Yol Yap\u0131m Bak\u0131m ve &hellip; <a href=\"https:\/\/akdenizolaygazetesi.com\/?p=16344\" class=\"more-link\">Devam\u0131n\u0131 Oku&#8230;<\/a><\/p>\n","protected":false},"author":2,"featured_media":16345,"comment_status":"open","ping_status":"open","sticky":false,"template":"","format":"standard","meta":[],"categories":[1,2,3],"tags":[],"_links":{"self":[{"href":"https:\/\/akdenizolaygazetesi.com\/index.php?rest_route=\/wp\/v2\/posts\/16344"}],"collection":[{"href":"https:\/\/akdenizolaygazetesi.com\/index.php?rest_route=\/wp\/v2\/posts"}],"about":[{"href":"https:\/\/akdenizolaygazetesi.com\/index.php?rest_route=\/wp\/v2\/types\/post"}],"author":[{"embeddable":true,"href":"https:\/\/akdenizolaygazetesi.com\/index.php?rest_route=\/wp\/v2\/users\/2"}],"replies":[{"embeddable":true,"href":"https:\/\/akdenizolaygazetesi.com\/index.php?rest_route=%2Fwp%2Fv2%2Fcomments&post=16344"}],"version-history":[{"count":1,"href":"https:\/\/akdenizolaygazetesi.com\/index.php?rest_route=\/wp\/v2\/posts\/16344\/revisions"}],"predecessor-version":[{"id":16346,"href":"https:\/\/akdenizolaygazetesi.com\/index.php?rest_route=\/wp\/v2\/posts\/16344\/revisions\/16346"}],"wp:featuredmedia":[{"embeddable":true,"href":"https:\/\/akdenizolaygazetesi.com\/index.php?rest_route=\/wp\/v2\/media\/16345"}],"wp:attachment":[{"href":"https:\/\/akdenizolaygazetesi.com\/index.php?rest_route=%2Fwp%2Fv2%2Fmedia&parent=16344"}],"wp:term":[{"taxonomy":"category","embeddable":true,"href":"https:\/\/akdenizolaygazetesi.com\/index.php?rest_route=%2Fwp%2Fv2%2Fcategories&post=16344"},{"taxonomy":"post_tag","embeddable":true,"href":"https:\/\/akdenizolaygazetesi.com\/index.php?rest_route=%2Fwp%2Fv2%2Ftags&post=16344"}],"curies":[{"name":"wp","href":"https:\/\/api.w.org\/{rel}","templated":true}]}}