{"id":16350,"date":"2022-01-28T17:42:42","date_gmt":"2022-01-28T14:42:42","guid":{"rendered":"http:\/\/akdenizolaygazetesi.com\/?p=16350"},"modified":"2022-01-28T17:42:42","modified_gmt":"2022-01-28T14:42:42","slug":"vali-su-yikilmak-uzere-olan-tarihi-yapi-cok-onemli-bir-islev-kazandi","status":"publish","type":"post","link":"https:\/\/akdenizolaygazetesi.com\/?p=16350","title":{"rendered":"Vali Su; \u201cY\u0131k\u0131lmak \u00fczere olan tarihi yap\u0131 \u00e7ok \u00f6nemli bir i\u015flev kazand\u0131\u201d"},"content":{"rendered":"<p>Akdeniz Belediyesi\u2019nin; Mersin Valili\u011finin deste\u011fi, Akdeniz Kent Konseyi\u2019nin katk\u0131lar\u0131yla yok olmak \u00fczere olan tarihi bir Mersin Evi\u2019ni restore ederek, \u201cMersin\u2019e \u0130z B\u0131rakanlar M\u00fczesine\u201d d\u00f6n\u00fc\u015ft\u00fcrd\u00fc\u011f\u00fc binan\u0131n a\u00e7\u0131l\u0131\u015f\u0131, kent protokol\u00fcn\u00fcn kat\u0131ld\u0131\u011f\u0131 g\u00f6rkemli bir t\u00f6renle ger\u00e7ekle\u015fti.<br \/>\nA\u00e7\u0131l\u0131\u015fa; Mersin Valisi Ali \u0130hsan Su, Akdeniz Kaymakam\u0131 Muhittin Pamuk, Mersin Milletvekilleri Ali Cumhur Ta\u015fk\u0131n ve Hac\u0131 \u00d6zkan, Mersin Baro Ba\u015fkan\u0131 Gazi \u00d6zdemir, Mersin \u0130l Jandarma Alay Komutan\u0131 Tu\u011fgeneral Necip \u00c7ar\u0131kc\u0131o\u011flu, Sahil G\u00fcvenlik Akdeniz B\u00f6lge Komutan\u0131 Albay O\u011fuz Bavbek, Akdeniz Belediye Ba\u015fkan\u0131 M. Mustafa G\u00fcltak, Mezitli Belediye Ba\u015fkan\u0131 Ne\u015fet Tarhan, Toroslar Belediye Ba\u015fkan\u0131 Ats\u0131z Af\u015f\u0131n Y\u0131lmaz, Mersin \u0130l Emniyet M\u00fcd\u00fcr\u00fc Mehmet Aslan, Akdeniz \u0130l\u00e7e Emniyet M\u00fcd\u00fcr\u00fc Hac\u0131 Ahmet Turgut, Mersin \u0130l Milli E\u011fitim M\u00fcd\u00fcr\u00fc \u00c2dem Koca, Akdeniz \u0130l\u00e7e Milli E\u011fitim M\u00fcd\u00fcr\u00fc \u00c2dem \u015eim\u015fek, \u0130l K\u00fclt\u00fcr ve Turizm M\u00fcd\u00fcr\u00fc Emre Duru, Mersin \u0130l M\u00fcft\u00fcs\u00fc \u015eaban Kondi, Akdeniz M\u00fcft\u00fcs\u00fc \u0130brahim Yavuz, Mersin Ticaret ve Sanayi Odas\u0131 Ba\u015fkan\u0131 Ayhan K\u0131z\u0131ltan, Akdeniz Kent Konseyi Ba\u015fkan\u0131 Mustafa Erim; Mersin \u0130dmanyurdu Onursal Menajeri ve eski Milli Boks\u00f6r Hac\u0131 Bayram Birinci, muhtarlar ile siyasi parti ve sivil toplum \u00f6rg\u00fct\u00fc temsilcileri kat\u0131ld\u0131.<br \/>\nVali Su; \u201cY\u0131k\u0131lmak \u00fczere olan tarihi yap\u0131 \u00e7ok \u00f6nemli bir i\u015flev kazand\u0131\u201d<br \/>\nMersin\u2019e \u0130z B\u0131rakanlar M\u00fczesi\u2019nin a\u00e7\u0131l\u0131\u015f t\u00f6reninde bir konu\u015fma yapan Mersin Valisi Ali \u0130hsan Su; Valilik olarak kentteki ve il\u00e7elerdeki k\u00fclt\u00fcrel ve tarihi de\u011ferler ile ilgili ciddi \u00e7al\u0131\u015fmalar ger\u00e7ekle\u015ftirdiklerini ifade etti. Mersin\u2019in bir a\u00e7\u0131k hava m\u00fczesi oldu\u011funu ifade eden Vali Su; \u201cBizler de bu eserlerimizi projelendirip restorasyonunu yap\u0131yor ve mutlaka ona bir i\u015flev kazand\u0131r\u0131yoruz. Bir y\u0131l \u00f6nce y\u0131k\u0131lmak \u00fczere olan bu binay\u0131 sahibinden sat\u0131n ald\u0131k. Ard\u0131ndan proje haz\u0131rlay\u0131p restorasyonuna ba\u015flad\u0131k. Mustafa G\u00fcltak Ba\u015fkan\u0131m\u0131z; Akdeniz Kent Konseyi Ba\u015fkan\u0131 Mustafa Erim karde\u015fimle birlikte bu yap\u0131y\u0131 \u00e7ok g\u00fczel bir hale getirdiler\u201d \u015feklinde konu\u015ftu.<br \/>\nMersin\u2019in yeti\u015ftirdi\u011fi \u00e7ok \u00f6nemli isim ve de\u011ferler oldu\u011funu vurgulayan Vali Su, \u201cYeni neslimize bu isimleri tan\u0131tmam\u0131z laz\u0131m. \u00c7\u00fcnk\u00fc Mersin\u2019de yeti\u015fmi\u015f, o kadar \u00f6nemli ki\u015fi var ki, Milli m\u00fccadeleden tutun, g\u00fcn\u00fcm\u00fcze kadar&#8230; O anlamda yeni neslimize bu de\u011ferlerimizi tan\u0131tmak, misafirlerimize burada yeti\u015fen insanlar\u0131m\u0131z\u0131 anlatmak, b\u00f6ylelikle bir vizyon ortaya koymak; Bu anlamda \u2018Mersin\u2019e iz B\u0131rakanlar M\u00fczesi\u2019 fikri do\u011fdu. Tadilat, onar\u0131m ve proje bitti ve i\u015fte bug\u00fcn bu g\u00fczel m\u00fczemizi hep birlikte Mersinlilerin hizmetine a\u00e7\u0131yoruz. Eme\u011fi ge\u00e7en Milletvekillerimize, Belediye Ba\u015fkan\u0131m\u0131z Mustafa G\u00fcltak Beye, Mustafa Erim karde\u015fim ve ekibine, eme\u011fi ge\u00e7en t\u00fcm arkada\u015flar\u0131m\u0131za \u00e7ok te\u015fekk\u00fcr ediyor, en kalbi \u015f\u00fckranlar\u0131m\u0131 dile getiriyorum\u201d dedi.<br \/>\nMersin Milletvekillerinden te\u015fekk\u00fcr\u2026<br \/>\n\u0130z B\u0131rakanlar M\u00fczesi\u2019nin a\u00e7\u0131l\u0131\u015f\u0131na kat\u0131lan Mersin Milletvekilleri Hac\u0131 \u00d6zkan ve Ali Cumhur Ta\u015fk\u0131n da t\u00f6rende yapt\u0131klar\u0131 konu\u015fmada, Akdeniz\u2019i de\u011fi\u015ftirip d\u00f6n\u00fc\u015ft\u00fcren hizmetleri, proje ve \u00e7al\u0131\u015fmalar\u0131ndan \u00f6t\u00fcr\u00fc Akdeniz Belediye Ba\u015fkan\u0131 Mustafa G\u00fcltak\u2019\u0131 tebrik ettiler. Y\u0131k\u0131l\u0131p yok olmak \u00fczere olan tescilli ve tarihi bir Mersin evinin restore edilerek \u0130z B\u0131rakanlar M\u00fczesi olarak kente kazand\u0131r\u0131lmas\u0131n\u0131n \u00f6nemine dikkat \u00e7eken Milletvekilleri \u00d6zkan ve Ta\u015fk\u0131n, m\u00fczenin hayat bulmas\u0131n\u0131 sa\u011flayan Vali Ali \u0130hsan Su, Akdeniz Belediye Ba\u015fkan\u0131 Mustafa G\u00fcltak ve Kent Konseyi Ba\u015fkan\u0131 Mustafa Erim\u2019e te\u015fekk\u00fcr ettiler. Mersin Milletvekilleri \u00d6zkan ve Ta\u015fk\u0131n, ay\u0131r\u0131m yapmadan kente hizmet veren t\u00fcm belediyelere, talep ettikleri destekleri sunmaya devam edeceklerinin de alt\u0131n\u0131 \u00e7izdiler.<br \/>\nBa\u015fkan G\u00fcltak; \u201cG\u00f6reve geldi\u011fimizden beri Akdeniz\u2019i de\u011fi\u015ftirmek i\u00e7in \u00e7al\u0131\u015f\u0131yoruz\u201d<br \/>\nAkdeniz Belediye Ba\u015fkan\u0131 M. Mustafa G\u00fcltak da konu\u015fmas\u0131nda, Akdeniz\u2019in, \u015fehrin kalbi oldu\u011funu bir kez daha vurgulad\u0131; \u201cAkdeniz, tarihi ve bulundu\u011fu pozisyon gere\u011fi Mersin\u2019in en eski ve buram buram tarih kokan il\u00e7elerinden bir tanesi. Bir yandan liman\u0131, bir yandan serbest b\u00f6lgesi ve sanayi alanlar\u0131yla da \u015fehrin ticaret kap\u0131s\u0131. Ancak bug\u00fcne kadar baz\u0131 \u015feyler eksik b\u0131rak\u0131lm\u0131\u015f. G\u00f6reve geldi\u011fimiz g\u00fcnden beri bu durumu de\u011fi\u015ftirmek i\u00e7in \u00e7al\u0131\u015f\u0131yoruz\u201d dedi.<br \/>\n\u201c\u015eehrin haf\u0131zas\u0131 i\u00e7ine bir yolculuk yapabileceksiniz\u201d<br \/>\n\u0130z B\u0131rakanlar M\u00fczesi\u2019nin ortaya \u00e7\u0131k\u0131\u015f hik\u00e2yesini de anlatt\u0131\u011f\u0131 konu\u015fmas\u0131nda Ba\u015fkan G\u00fcltak, \u015fu ifadeleri kaydetti; \u201cMersin merkezde misafirlerimizi getirip a\u011f\u0131rlayabilece\u011fimiz, \u2018Mersin\u2019 deyince akl\u0131n\u0131za ne geliyor?\u2019 \u2018Nas\u0131l bir \u015fehir?\u2019 \u2018Kimler gelmi\u015f, kimler gitmi\u015f?\u2019 denildi\u011finde anlataca\u011f\u0131n\u0131z pek fazla kaynak yok. Fakat \u015fimdi \u015fehrin tam ortas\u0131nda, ister al\u0131\u015fveri\u015f yaparken ister misafirlerinizi gezdirirken 15-20 dakika i\u00e7inde Mersin\u2019in tarihini g\u00f6rebilece\u011finiz, \u00e7ay\u0131n\u0131z\u0131 kahvenizi i\u00e7ip soluklanabilece\u011finiz bir m\u00fczeden bahsediyoruz. Kentimizin son 120 y\u0131l\u0131n\u0131n yan\u0131 s\u0131ra, tarih \u00f6ncesi kay\u0131tlar\u0131n da yer al\u0131p sergilendi\u011fi bir m\u00fcze.\u201d<br \/>\n\u201cTarihi bina y\u0131k\u0131lmak \u00fczere idi, 7 odal\u0131 bir m\u00fczeye d\u00f6n\u00fc\u015ft\u00fcrd\u00fck\u201d<br \/>\nBa\u015fkan G\u00fcltak; yanm\u0131\u015f ve y\u0131k\u0131lmak \u00fczere tarihi Mersin Evi\u2019ni, bug\u00fcn 7 odadan olu\u015fan bir m\u00fczeye d\u00f6n\u00fc\u015ft\u00fcrd\u00fcklerinin alt\u0131n\u0131 \u00e7izdi\u011fi konu\u015fmas\u0131nda, \u201cYap\u0131n\u0131n restorasyonu bittikten sonra Mersin \u00dcniversitesi\u2019nden hocalar\u0131m\u0131z, Akdeniz Kent Konseyi Ba\u015fkan\u0131 Mustafa Erim ba\u015fkanl\u0131\u011f\u0131nda, \u00fcyelerimiz de olmak \u00fczere ciddi bir heyet burada \u00e7al\u0131\u015ft\u0131. \u00c7\u00fcnk\u00fc son 120 y\u0131l\u0131n tutanaklar\u0131n\u0131 taramak, Osmanl\u0131 tutanaklar\u0131n\u0131 incelemek, bu isimleri bulmak kolay de\u011fildi. Kent konseyi iyi bir \u00e7al\u0131\u015fma yapt\u0131 ve sonu\u00e7ta da bu m\u00fczeyi hep birlikte hayata kazand\u0131rd\u0131k. \u015eehrimizin ortas\u0131nda bulunan tarihi Mersin Evi\u2019ni butik bir m\u00fczeye d\u00f6n\u00fc\u015ft\u00fcrmekten dolay\u0131 mutluyuz\u201d diye konu\u015ftu.<br \/>\n\u015eehrin tak\u0131m\u0131 Mersin \u0130dmanyurdu\u2019na ayr\u0131 bir oda haz\u0131rland\u0131<br \/>\nProjeyi, Mersin Valili\u011fi ile birlikte haz\u0131rlad\u0131klar\u0131n\u0131 belirten Ba\u015fkan G\u00fcltak; \u201cSay\u0131n Valimiz bizleri \u00e7ok destekledi. Bug\u00fcn m\u00fczemizin buralara kadar gelmesinde aslan pay\u0131, tabi ki Say\u0131n Valimiz, Say\u0131n Milletvekillerimiz ve Akdeniz Kent Konseyi Ba\u015fkan\u0131m\u0131z Say\u0131n Mustafa Erim\u2019e aittir. Bu nedenle kendilerine \u00e7ok te\u015fekk\u00fcr ediyorum. Onlar\u0131n deste\u011fi olmasayd\u0131, biz bu i\u015fi buralara kadar getiremezdik\u201d dedi. \u0130lk g\u00f6z a\u011fr\u0131s\u0131 olan Mersin \u0130dmanyurdu\u2019na (M\u0130Y) da m\u00fczede ayr\u0131 bir oda haz\u0131rlad\u0131klar\u0131n\u0131 belirten Ba\u015fkan G\u00fcltak; 100 y\u0131ll\u0131k M\u0130Y\u2019in tarih\u00e7esini, ma\u00e7lar\u0131n\u0131, \u015fampiyonluklar\u0131n\u0131 yans\u0131tan bin 600 adet kare ve hat\u0131ran\u0131n m\u00fczede yer ald\u0131\u011f\u0131n\u0131 kaydetti.<br \/>\nErim; \u201c\u015eehirler haf\u0131zas\u0131n\u0131 kaybetti\u011finde, manevi de\u011ferlerini de yitirir\u201d<br \/>\nAkdeniz Kent Konseyi Ba\u015fkan\u0131 Mustafa Erim de yapt\u0131\u011f\u0131 konu\u015fmada, yakla\u015f\u0131k 1 y\u0131ll\u0131k yo\u011fun emek ve \u00e7aban\u0131n ard\u0131ndan \u0130z B\u0131rakanlar M\u00fczesi\u2019nin tamamlanarak \u015fehre kazand\u0131r\u0131ld\u0131\u011f\u0131n\u0131 ifade etti. \u015eehirlerin haf\u0131zas\u0131 oldu\u011funu dile getiren Erim; \u201c\u015eehirler haf\u0131zas\u0131n\u0131 kaybetti\u011finde, manevi ve k\u00fclt\u00fcrel t\u00fcm de\u011ferlerini de kaybederler. \u0130\u015fte bu kentin haf\u0131zas\u0131n\u0131n \u00f6nemli bir par\u00e7as\u0131 olan bu yap\u0131da, bu \u015fehirde ya\u015fayan, iz b\u0131rakanlar\u0131 anlatarak, \u015fehrin haf\u0131zas\u0131n\u0131 korumaya \u00e7al\u0131\u015ft\u0131k. \u00c7\u00fcnk\u00fc bazen mimari bir yap\u0131y\u0131 gelecek ku\u015faklara ta\u015f\u0131mak, binlerce ciltlik kitap ta\u015f\u0131maktan \u00e7ok daha etkili olmaktad\u0131r\u201d \u015feklinde konu\u015ftu.<br \/>\nKonu\u015fmalar\u0131n ard\u0131ndan, \u00f6nce plaket takdimi ard\u0131ndan da a\u00e7\u0131l\u0131\u015fa kat\u0131lan protokol \u00fcyeleri taraf\u0131ndan kurdele kesilerek Mersin\u2019e \u0130z B\u0131rakanlar M\u00fczesi\u2019nin a\u00e7\u0131l\u0131\u015f\u0131 ger\u00e7ekle\u015ftirildi. Kent protokol\u00fc, kurdele kesiminden sonra m\u00fczeyi ziyaret ederek tek tek odalar\u0131 gezip, sergilenen foto\u011fraf ve belgeleri inceledi.<\/p>\n","protected":false},"excerpt":{"rendered":"<p>Akdeniz Belediyesi\u2019nin; Mersin Valili\u011finin deste\u011fi, Akdeniz Kent Konseyi\u2019nin katk\u0131lar\u0131yla yok olmak \u00fczere olan tarihi bir Mersin Evi\u2019ni restore ederek, \u201cMersin\u2019e \u0130z B\u0131rakanlar M\u00fczesine\u201d d\u00f6n\u00fc\u015ft\u00fcrd\u00fc\u011f\u00fc binan\u0131n a\u00e7\u0131l\u0131\u015f\u0131, kent protokol\u00fcn\u00fcn kat\u0131ld\u0131\u011f\u0131 g\u00f6rkemli &hellip; <a href=\"https:\/\/akdenizolaygazetesi.com\/?p=16350\" class=\"more-link\">Devam\u0131n\u0131 Oku&#8230;<\/a><\/p>\n","protected":false},"author":2,"featured_media":16351,"comment_status":"open","ping_status":"open","sticky":false,"template":"","format":"standard","meta":[],"categories":[1,2,3,5],"tags":[],"_links":{"self":[{"href":"https:\/\/akdenizolaygazetesi.com\/index.php?rest_route=\/wp\/v2\/posts\/16350"}],"collection":[{"href":"https:\/\/akdenizolaygazetesi.com\/index.php?rest_route=\/wp\/v2\/posts"}],"about":[{"href":"https:\/\/akdenizolaygazetesi.com\/index.php?rest_route=\/wp\/v2\/types\/post"}],"author":[{"embeddable":true,"href":"https:\/\/akdenizolaygazetesi.com\/index.php?rest_route=\/wp\/v2\/users\/2"}],"replies":[{"embeddable":true,"href":"https:\/\/akdenizolaygazetesi.com\/index.php?rest_route=%2Fwp%2Fv2%2Fcomments&post=16350"}],"version-history":[{"count":1,"href":"https:\/\/akdenizolaygazetesi.com\/index.php?rest_route=\/wp\/v2\/posts\/16350\/revisions"}],"predecessor-version":[{"id":16352,"href":"https:\/\/akdenizolaygazetesi.com\/index.php?rest_route=\/wp\/v2\/posts\/16350\/revisions\/16352"}],"wp:featuredmedia":[{"embeddable":true,"href":"https:\/\/akdenizolaygazetesi.com\/index.php?rest_route=\/wp\/v2\/media\/16351"}],"wp:attachment":[{"href":"https:\/\/akdenizolaygazetesi.com\/index.php?rest_route=%2Fwp%2Fv2%2Fmedia&parent=16350"}],"wp:term":[{"taxonomy":"category","embeddable":true,"href":"https:\/\/akdenizolaygazetesi.com\/index.php?rest_route=%2Fwp%2Fv2%2Fcategories&post=16350"},{"taxonomy":"post_tag","embeddable":true,"href":"https:\/\/akdenizolaygazetesi.com\/index.php?rest_route=%2Fwp%2Fv2%2Ftags&post=16350"}],"curies":[{"name":"wp","href":"https:\/\/api.w.org\/{rel}","templated":true}]}}