{"id":16353,"date":"2022-01-29T17:08:50","date_gmt":"2022-01-29T14:08:50","guid":{"rendered":"http:\/\/akdenizolaygazetesi.com\/?p=16353"},"modified":"2022-01-29T17:08:50","modified_gmt":"2022-01-29T14:08:50","slug":"vardiya-duzeninin-3-katina-cikildi-40-jenerator-saglandi","status":"publish","type":"post","link":"https:\/\/akdenizolaygazetesi.com\/?p=16353","title":{"rendered":"Vardiya d\u00fczeninin 3 kat\u0131na \u00e7\u0131k\u0131ld\u0131, 40 jenerat\u00f6r sa\u011fland\u0131"},"content":{"rendered":"<p>Mersin ve Adana k\u0131rsal\u0131nda 316 ara\u00e7 ve 1349 saha \u00e7al\u0131\u015fan\u0131yla Toroslar EDA\u015e kaliteli ve kesintisiz enerji i\u00e7in m\u00fccadelesini s\u00fcrd\u00fcr\u00fcyor.<\/p>\n<p>Toroslar Elektrik Da\u011f\u0131t\u0131m A.\u015e. (Toroslar EDA\u015e) son g\u00fcnlerde Mersin ve Adana\u2019da etkisini g\u00f6steren yo\u011fun kar ya\u011f\u0131\u015f\u0131 ve f\u0131rt\u0131na nedeniyle elektrik da\u011f\u0131t\u0131m \u015febekesinde buz y\u00fck\u00fc ve a\u011fa\u00e7 devrilmeleriyle olu\u015fan ar\u0131zalara m\u00fcdahale etmeyi s\u00fcrd\u00fcr\u00fcyor. <\/p>\n<p>Elektrik da\u011f\u0131t\u0131m hizmetinin kesintisiz devam etmesi i\u00e7in 24 saat g\u00f6rev yapan Toroslar EDA\u015e ekipleri, kar kal\u0131nl\u0131\u011f\u0131n\u0131n bir metreye ula\u015ft\u0131\u011f\u0131 zorlu arazi ko\u015fullar\u0131nda \u00e7al\u0131\u015fmalar\u0131n\u0131 s\u00fcrd\u00fcr\u00fcyor.<\/p>\n<p>Toroslar EDA\u015e Da\u011f\u0131t\u0131m Direkt\u00f6r\u00fc Mehmet Kayac\u0131 konuya ili\u015fkin de\u011ferlendirmesinde \u015funlar\u0131 kaydetti:<\/p>\n<p>\u201cHizmet saham\u0131zda ge\u00e7en haftadan bu yana ya\u015fanan kuvvetli r\u00fczg\u00e2r ve yo\u011fun kar ya\u011f\u0131\u015f\u0131yla birlikte \u00f6zellikle Mersin ve Adana illerimizdeki elektrik da\u011f\u0131t\u0131m \u015febekemizde buz y\u00fck\u00fc ve a\u011fa\u00e7 devrilmesi kaynakl\u0131 normalin \u00fczerinde ar\u0131zalar meydana geldi. Ya\u011fan sulu kar, r\u00fczg\u00e2r\u0131n da etkisiyle iletkenler \u00fczerinde bir buz tabakas\u0131 olu\u015fmas\u0131na neden oldu ve bu durum iletkenler \u00fczerinde olu\u015fan a\u011f\u0131rl\u0131\u011f\u0131n etkisiyle iletkenlerin kopmas\u0131na ve direklerin devrilmesine neden oldu. \u00d6te yandan, \u00fczerindeki kar\u0131n a\u011f\u0131rl\u0131\u011f\u0131n\u0131 ta\u015f\u0131yamayan a\u011fa\u00e7lar devrilerek elektrik \u015febekesinin zarar g\u00f6rmesine neden oldu. Do\u011fas\u0131 itibariyle afetlere \u00e7ok a\u00e7\u0131k bir yap\u0131da olan \u015febekeyi y\u0131l boyunca k\u0131\u015fa haz\u0131rlarken Mersin ve Adana\u2019ya 430 milyon lira yeni yat\u0131r\u0131m, 60 milyon lira tutar\u0131nda da bak\u0131m \u00e7al\u0131\u015fmas\u0131 ger\u00e7ekle\u015ftirdik. Hem \u015fehir merkezi hem de k\u0131rsalda t\u00fcm \u015febekeye bak\u0131m faaliyetlerini aksatmadan y\u00fcr\u00fctt\u00fck.\u201d<\/p>\n<p>Vardiya d\u00fczeninin 3 kat\u0131na \u00e7\u0131k\u0131ld\u0131, 40 jenerat\u00f6r sa\u011fland\u0131<\/p>\n<p>Kayac\u0131, afet haz\u0131rl\u0131k planlar\u0131 \u00e7er\u00e7evesinde, sahada ihtiya\u00e7 duyulacak t\u00fcm malzemeleri tedarik ederek y\u0131l boyunca depoland\u0131\u011f\u0131n\u0131 belirterek \u2018\u2019Mevcut durumda Mersin ve Adana illerimizde i\u015f g\u00fcc\u00fc ve ara\u00e7 say\u0131s\u0131 olarak normal vardiya d\u00fczeninin 3 kat\u0131na \u00e7\u0131karak sahada 316 ara\u00e7 ve 1349 \u00e7al\u0131\u015fan\u0131m\u0131zla ar\u0131zalara m\u00fcdahale ediyoruz. Elektri\u011fe acil ihtiya\u00e7 duyulan yerlere 40 adet jenerat\u00f6r nakledilerek b\u00fcy\u00fck bir k\u0131sm\u0131 vatanda\u015flar\u0131m\u0131z\u0131n hizmetine sunulmu\u015ftur. \u00c7al\u0131\u015fanlar\u0131m\u0131z\u0131n i\u015f sa\u011fl\u0131\u011f\u0131 ve g\u00fcvenli\u011fi ile vatanda\u015flar\u0131m\u0131z\u0131n da can ve mal g\u00fcvenli\u011fini dikkate alarak \u00e7al\u0131\u015fmalar\u0131m\u0131z\u0131 h\u0131zl\u0131 bir \u015fekilde ger\u00e7ekle\u015ftirmekteyiz. T\u00fcm bu s\u00fcre\u00e7te kamu ve \u00f6zel sekt\u00f6rdeki ilgili t\u00fcm payda\u015flar\u0131m\u0131zla da koordineli \u015fekilde \u00e7al\u0131\u015fmalar\u0131m\u0131z\u0131 s\u00fcrd\u00fcr\u00fcyoruz\u2019\u2019 ifadelerini kulland\u0131.<\/p>\n","protected":false},"excerpt":{"rendered":"<p>Mersin ve Adana k\u0131rsal\u0131nda 316 ara\u00e7 ve 1349 saha \u00e7al\u0131\u015fan\u0131yla Toroslar EDA\u015e kaliteli ve kesintisiz enerji i\u00e7in m\u00fccadelesini s\u00fcrd\u00fcr\u00fcyor. Toroslar Elektrik Da\u011f\u0131t\u0131m A.\u015e. (Toroslar EDA\u015e) son g\u00fcnlerde Mersin ve Adana\u2019da &hellip; <a href=\"https:\/\/akdenizolaygazetesi.com\/?p=16353\" class=\"more-link\">Devam\u0131n\u0131 Oku&#8230;<\/a><\/p>\n","protected":false},"author":2,"featured_media":16354,"comment_status":"open","ping_status":"open","sticky":false,"template":"","format":"standard","meta":[],"categories":[2,3,5],"tags":[],"_links":{"self":[{"href":"https:\/\/akdenizolaygazetesi.com\/index.php?rest_route=\/wp\/v2\/posts\/16353"}],"collection":[{"href":"https:\/\/akdenizolaygazetesi.com\/index.php?rest_route=\/wp\/v2\/posts"}],"about":[{"href":"https:\/\/akdenizolaygazetesi.com\/index.php?rest_route=\/wp\/v2\/types\/post"}],"author":[{"embeddable":true,"href":"https:\/\/akdenizolaygazetesi.com\/index.php?rest_route=\/wp\/v2\/users\/2"}],"replies":[{"embeddable":true,"href":"https:\/\/akdenizolaygazetesi.com\/index.php?rest_route=%2Fwp%2Fv2%2Fcomments&post=16353"}],"version-history":[{"count":1,"href":"https:\/\/akdenizolaygazetesi.com\/index.php?rest_route=\/wp\/v2\/posts\/16353\/revisions"}],"predecessor-version":[{"id":16355,"href":"https:\/\/akdenizolaygazetesi.com\/index.php?rest_route=\/wp\/v2\/posts\/16353\/revisions\/16355"}],"wp:featuredmedia":[{"embeddable":true,"href":"https:\/\/akdenizolaygazetesi.com\/index.php?rest_route=\/wp\/v2\/media\/16354"}],"wp:attachment":[{"href":"https:\/\/akdenizolaygazetesi.com\/index.php?rest_route=%2Fwp%2Fv2%2Fmedia&parent=16353"}],"wp:term":[{"taxonomy":"category","embeddable":true,"href":"https:\/\/akdenizolaygazetesi.com\/index.php?rest_route=%2Fwp%2Fv2%2Fcategories&post=16353"},{"taxonomy":"post_tag","embeddable":true,"href":"https:\/\/akdenizolaygazetesi.com\/index.php?rest_route=%2Fwp%2Fv2%2Ftags&post=16353"}],"curies":[{"name":"wp","href":"https:\/\/api.w.org\/{rel}","templated":true}]}}