{"id":16359,"date":"2022-01-29T17:13:27","date_gmt":"2022-01-29T14:13:27","guid":{"rendered":"http:\/\/akdenizolaygazetesi.com\/?p=16359"},"modified":"2022-01-29T17:13:27","modified_gmt":"2022-01-29T14:13:27","slug":"biz-bu-kurslari-is-gucu-piyasasinin-ihtiyaclarina-yonelik-olarak-duzenledik","status":"publish","type":"post","link":"https:\/\/akdenizolaygazetesi.com\/?p=16359","title":{"rendered":"&#8220;Biz bu kurslar\u0131 i\u015f g\u00fcc\u00fc piyasas\u0131n\u0131n ihtiya\u00e7lar\u0131na y\u00f6nelik olarak d\u00fczenledik&#8221;"},"content":{"rendered":"<p>Mersin B\u00fcy\u00fck\u015fehir Belediyesi Kariyer Merkezi, payda\u015flar\u0131 ile ba\u015flatt\u0131\u011f\u0131 Yetenek D\u00f6n\u00fc\u015f\u00fcm Projesi kapsam\u0131nda hayata ge\u00e7irece\u011fi Genel Muhasebe kursunun ard\u0131ndan bu kez de Y\u00f6netici Asistanl\u0131\u011f\u0131 Kursu i\u00e7in m\u00fclakat ger\u00e7ekle\u015ftirdi.<\/p>\n<p>15 ki\u015fi kurstan yararlanacak<\/p>\n<p>Kongre ve Sergi Saray\u0131&#8217;nda ger\u00e7ekle\u015ftirilen Y\u00f6netici Asistanl\u0131\u011f\u0131 Kursu m\u00fclakatlar\u0131 i\u00e7in bir\u00e7ok ki\u015fi ba\u015fvurdu. Kursun kontenjan\u0131 ise 15 ki\u015fi olarak belirlendi. M\u00fclakatta ba\u015far\u0131l\u0131 olan adaylar kursa kat\u0131lmaya ve e\u011fitim almaya hak kazanacak. 8 \u015eubat&#8217;ta ba\u015flayacak ve 27 May\u0131s&#8217;a kadar s\u00fcrecek kursta 371 saat e\u011fitim verilecek.<\/p>\n<p>B\u00fcy\u00fck\u015fehir Belediyesi&#8217;nin; \u0130\u015eKUR ve \u0130l Milli E\u011fitim M\u00fcd\u00fcrl\u00fc\u011f\u00fc ile ger\u00e7ekle\u015ftirdi\u011fi protokol \u00e7er\u00e7evesinde ba\u015flat\u0131lan Yetenek D\u00f6n\u00fc\u015f\u00fcm Projesi ile i\u015f g\u00fcc\u00fc piyasas\u0131n\u0131n ihtiya\u00e7lar\u0131na y\u00f6nelik olarak belirlenen mesleki e\u011fitim kurslar\u0131, adaylar\u0131n istihdam edilebilirli\u011fini ve yetkinli\u011fini art\u0131racak.<\/p>\n<p>&#8220;Biz bu kurslar\u0131 i\u015f g\u00fcc\u00fc piyasas\u0131n\u0131n ihtiya\u00e7lar\u0131na y\u00f6nelik olarak d\u00fczenledik&#8221;<\/p>\n<p>Yetenek D\u00f6n\u00fc\u015f\u00fcm Projesi&#8217;nin mesleki e\u011fitim kurslar\u0131 hakk\u0131nda bilgi veren Kariyer Merkezi M\u00fcd\u00fcr\u00fc Serkan \u00d6zada, &#8220;Biz bu kurslar\u0131 i\u015f g\u00fcc\u00fc piyasas\u0131n\u0131n ihtiya\u00e7lar\u0131na y\u00f6nelik olarak d\u00fczenledik. Herhangi bir hobi kursu de\u011fil. Buradan mezun olacak ki\u015fileri i\u015f g\u00fcc\u00fc piyasas\u0131nda istihdama kazand\u0131rma hedefimiz var. Yetenek D\u00f6n\u00fc\u015f\u00fcm Projesi&#8217;nin en \u00f6nemli bile\u015fenlerinden bir tanesi mesleki e\u011fitim k\u0131sm\u0131. Bunu Halk E\u011fitim Merkezleri ile yapaca\u011f\u0131z. Di\u011fer taraftan kariyer ko\u00e7lu\u011fu, i\u015f arama becerileri e\u011fitimleri, CV olu\u015fturma, m\u00fclakat sim\u00fclasyonlar\u0131, profesyonellerle deneyim bulu\u015fmas\u0131 ve i\u015f arama dan\u0131\u015fmanl\u0131\u011f\u0131n\u0131n bir araya geldi\u011fi bir paket program olarak hizmete sunduk&#8221; dedi.<\/p>\n<p>\u00d6zada, projeleri y\u00fcr\u00fct\u00fcrken kentteki sivil toplum kurulu\u015fu, oda ve \u00fcniversitelerle i\u015f birli\u011fi i\u00e7erisinde olacaklar\u0131n\u0131 ifade ederek, &#8220;\u00d6rne\u011fin bir y\u00f6netici asistanl\u0131\u011f\u0131, bilgisayarl\u0131 muhasebe veya turizm alan\u0131nda bir kurs a\u00e7\u0131yorsak bunlarla ilgili odalar veya \u00fcniversitelerdeki b\u00f6l\u00fcmlerle ili\u015fkilendirerek, i\u015f arayanlara hem akademik destek sa\u011flamak istiyoruz hem istihdama kat\u0131lmalar\u0131na y\u00f6nelik \u00e7al\u0131\u015fma ger\u00e7ekle\u015ftirmek istiyoruz&#8221; diye konu\u015ftu.<\/p>\n<p>&#8220;Mesleki anlamda geli\u015ftirici kurslara y\u00f6nelmek istiyoruz&#8221;<\/p>\n<p>Kurslar i\u00e7in ilginin yo\u011fun oldu\u011funu s\u00f6zlerine ekleyen \u00d6zada, &#8220;Biz bu kurslar\u0131 kamuoyuna ilk duyurdu\u011fumuz zaman yo\u011fun bir ilgiyle kar\u015f\u0131la\u015ft\u0131k. Biz &#8216;kursu a\u00e7ar\u0131z, talepleri toplar\u0131z&#8217; diye d\u00fc\u015f\u00fcn\u00fcrken, daha kurslar a\u00e7\u0131lmadan talepler gelmeye ba\u015flad\u0131. Hobi veya ki\u015fisel geli\u015fim kurslar\u0131ndan ziyade, mesleki anlamda geli\u015ftirici kurslara y\u00f6nelmek istiyoruz. Bunlarla ilgili m\u00fclakat sim\u00fclasyonlar\u0131yla da i\u015f arayanlar\u0131n istihdama kazand\u0131r\u0131lmas\u0131n\u0131 hedefliyoruz&#8221; dedi.<\/p>\n<p>Kariyer Merkezi&#8217;nin Yetenek D\u00f6n\u00fc\u015f\u00fcm Projesi kapsam\u0131nda; Muhasebe-Finans, Bili\u015fim Teknolojileri, D\u0131\u015f Ticaret-Lojistik, Sat\u0131\u015f-Pazarlama, Y\u00f6netim ve Organizasyon ile Ki\u015fisel Geli\u015fim gibi kurs mod\u00fcllerinin de hayata ge\u00e7irilmesi planlan\u0131yor.<\/p>\n","protected":false},"excerpt":{"rendered":"<p>Mersin B\u00fcy\u00fck\u015fehir Belediyesi Kariyer Merkezi, payda\u015flar\u0131 ile ba\u015flatt\u0131\u011f\u0131 Yetenek D\u00f6n\u00fc\u015f\u00fcm Projesi kapsam\u0131nda hayata ge\u00e7irece\u011fi Genel Muhasebe kursunun ard\u0131ndan bu kez de Y\u00f6netici Asistanl\u0131\u011f\u0131 Kursu i\u00e7in m\u00fclakat ger\u00e7ekle\u015ftirdi. 15 ki\u015fi kurstan &hellip; <a href=\"https:\/\/akdenizolaygazetesi.com\/?p=16359\" class=\"more-link\">Devam\u0131n\u0131 Oku&#8230;<\/a><\/p>\n","protected":false},"author":2,"featured_media":16360,"comment_status":"open","ping_status":"open","sticky":false,"template":"","format":"standard","meta":[],"categories":[1,2,3],"tags":[],"_links":{"self":[{"href":"https:\/\/akdenizolaygazetesi.com\/index.php?rest_route=\/wp\/v2\/posts\/16359"}],"collection":[{"href":"https:\/\/akdenizolaygazetesi.com\/index.php?rest_route=\/wp\/v2\/posts"}],"about":[{"href":"https:\/\/akdenizolaygazetesi.com\/index.php?rest_route=\/wp\/v2\/types\/post"}],"author":[{"embeddable":true,"href":"https:\/\/akdenizolaygazetesi.com\/index.php?rest_route=\/wp\/v2\/users\/2"}],"replies":[{"embeddable":true,"href":"https:\/\/akdenizolaygazetesi.com\/index.php?rest_route=%2Fwp%2Fv2%2Fcomments&post=16359"}],"version-history":[{"count":1,"href":"https:\/\/akdenizolaygazetesi.com\/index.php?rest_route=\/wp\/v2\/posts\/16359\/revisions"}],"predecessor-version":[{"id":16361,"href":"https:\/\/akdenizolaygazetesi.com\/index.php?rest_route=\/wp\/v2\/posts\/16359\/revisions\/16361"}],"wp:featuredmedia":[{"embeddable":true,"href":"https:\/\/akdenizolaygazetesi.com\/index.php?rest_route=\/wp\/v2\/media\/16360"}],"wp:attachment":[{"href":"https:\/\/akdenizolaygazetesi.com\/index.php?rest_route=%2Fwp%2Fv2%2Fmedia&parent=16359"}],"wp:term":[{"taxonomy":"category","embeddable":true,"href":"https:\/\/akdenizolaygazetesi.com\/index.php?rest_route=%2Fwp%2Fv2%2Fcategories&post=16359"},{"taxonomy":"post_tag","embeddable":true,"href":"https:\/\/akdenizolaygazetesi.com\/index.php?rest_route=%2Fwp%2Fv2%2Ftags&post=16359"}],"curies":[{"name":"wp","href":"https:\/\/api.w.org\/{rel}","templated":true}]}}