{"id":1636,"date":"2020-11-04T18:22:11","date_gmt":"2020-11-04T15:22:11","guid":{"rendered":"http:\/\/mersinekonomipolitikagazetesi.com\/?p=1636"},"modified":"2020-11-04T18:22:11","modified_gmt":"2020-11-04T15:22:11","slug":"oecd-ulkeleri-arasinda-2-siradayiz","status":"publish","type":"post","link":"https:\/\/akdenizolaygazetesi.com\/?p=1636","title":{"rendered":"OECD \u00dcLKELER\u0130 ARASINDA 2. SIRADAYIZ"},"content":{"rendered":"<p>Bakan L\u00fctfi Elvan 2017 y\u0131l\u0131 d\u00f6rd\u00fcnc\u00fc \u00e7eyrek ve y\u0131ll\u0131k GSYH verilerine ili\u015fkin de\u011ferlendirme yaparak T\u00fcrkiye ekonomisinin G-20 \u00fclkeleri i\u00e7erisinde zirvede, OECD \u00fclkeleri aras\u0131nda ise ikinci s\u0131rada yer ald\u0131\u011f\u0131n\u0131 s\u00f6yledi.<\/p>\n<blockquote type=\"cite\">\n<div>\n<div dir=\"ltr\">\n<div>\n<p><span style=\"font-size:16px;\">Kalk\u0131nma Bakan\u0131 L\u00fctfi Elvan 2017 y\u0131l\u0131 d\u00f6rd\u00fcnc\u00fc \u00e7eyrek ve y\u0131ll\u0131k GSYH verilerine ili\u015fkin de\u011ferlendirme yapt\u0131.<\/span><\/p>\n<p><span style=\"font-size:16px;\">\u2018Ekonomide sa\u011fl\u0131kl\u0131 ve g\u00fc\u00e7l\u00fc b\u00fcy\u00fcme\u2019 ba\u015fl\u0131\u011f\u0131 alt\u0131nda Kalk\u0131nma Bakan\u0131 L\u00fctfi Elvan de\u011ferlendirmesini ger\u00e7ekle\u015ftirdi.<\/span><\/p>\n<p><span style=\"font-size:16px;\">A\u00e7\u0131klama konu\u015fmas\u0131n\u0131 ger\u00e7ekle\u015ftiren Elvan,\u00a02017 y\u0131l\u0131nda T\u00fcrkiye ekonomisi y\u00fczde 7,4\u2019l\u00fck g\u00fc\u00e7l\u00fc b\u00fcy\u00fcme ile 2013\u2019ten sonraki en iyi performansa ula\u015ft\u0131\u011f\u0131n\u0131 dile getirdi.<\/span><\/p>\n<p><span style=\"font-size:16px;\">Y\u0131l\u0131n son \u00e7eyre\u011finde y\u00fczde 7,3 ile piyasa beklentilerinin \u00fcst\u00fcnde bir b\u00fcy\u00fcme ger\u00e7ekle\u015fti\u011fi belirtildi.<\/span><\/p>\n<p>\u00a0<\/p>\n<p><span style=\"font-size:16px;\">Elde edilen rakamlar\u0131n b\u00fcy\u00fck bir ba\u015far\u0131 oldu\u011funu kaydeden Elvan: \u201cBu ba\u015far\u0131da h\u00fck\u00fcmetimizce zaman\u0131nda devreye konulan tedbirler ve bunlar\u0131n kararl\u0131 bir \u015fekilde uygulanmas\u0131 b\u00fcy\u00fck bir paya sahiptir. Geldi\u011fimiz noktada T\u00fcrkiye ekonomisi b\u00fcy\u00fcmesi ile G-20 \u00fclkeleri i\u00e7erisinde zirvede, OECD \u00fclkeleri aras\u0131nda ise ikinci s\u0131rada yer alm\u0131\u015ft\u0131r.\u201d dedi.<\/span><\/p>\n<p>\u00a0<\/p>\n<p><span style=\"font-size:16px;\">\u201cBU GEL\u0130\u015eME 2018 YILI B\u00dcY\u00dcMES\u0130NE DE OLUMLU Y\u00d6NDE YANSIYACAKTIR\u201d<\/span><\/p>\n<p>\u00a0<\/p>\n<p><span style=\"font-size:16px;\">B\u00fcy\u00fcmenin bile\u015fenleri g\u00fc\u00e7l\u00fc, sa\u011fl\u0131kl\u0131 ve kapsay\u0131c\u0131 bir tabloyu ortaya koydu\u011funu vurgulayan Elvan: \u201c D\u00f6rd\u00fcnc\u00fc \u00e7eyrekte b\u00fcy\u00fcmenin temel kaynaklar\u0131na \u00fcretim y\u00f6n\u00fcnden bak\u0131ld\u0131\u011f\u0131nda; sanayi sekt\u00f6r\u00fc (y\u00fczde 8,8 b\u00fcy\u00fcme h\u0131z\u0131 \/ katk\u0131s\u0131 1,8 puan) ve in\u015faat dahil hizmetler sekt\u00f6r\u00fcn\u00fcn (y\u00fczde 7,6 b\u00fcy\u00fcme h\u0131z\u0131 \/ katk\u0131s\u0131 4,7 puan) temel itici g\u00fc\u00e7 oldu\u011fu g\u00f6r\u00fclmektedir. Ayn\u0131 d\u00f6nem talep y\u00f6n\u00fcnden incelendi\u011finde ise \u00f6zel t\u00fcketim (y\u00fczde 6,6 art\u0131\u015f \/ katk\u0131s\u0131 4,1 puan) ve toplam sabit sermaye yat\u0131r\u0131mlar\u0131 (y\u00fczde 6 art\u0131\u015f \/ katk\u0131s\u0131 1,8 puan) \u00f6ne \u00e7\u0131kmaktad\u0131r. Makine-te\u00e7hizat yat\u0131r\u0131m\u0131 bu d\u00f6nemde y\u00fczde 8,3 artarak b\u00fcy\u00fcmeye 1 puan katk\u0131da bulunmu\u015ftur. Hi\u00e7 \u015f\u00fcphe yok ki bu geli\u015fme 2018 y\u0131l\u0131 b\u00fcy\u00fcmesine de olumlu y\u00f6nde yans\u0131yacakt\u0131r.\u201d \u015feklinde belirtti.<\/span><\/p>\n<p>\u00a0<\/p>\n<p><span style=\"font-size:16px;\">\u201cBU PERFORMANS EKONOM\u0130M\u0130Z\u0130N G\u00dcC\u00dc, DAYANIKLILI\u011eINI G\u00d6STER\u0130R\u201d<\/span><\/p>\n<p>\u00a0<\/p>\n<p><span style=\"font-size:16px;\">Y\u0131ll\u0131k y\u00fczde 7,4\u2019l\u00fck b\u00fcy\u00fcme performans\u0131 \u00fcretim a\u00e7\u0131s\u0131ndan olduk\u00e7a g\u00fc\u00e7l\u00fc bir yap\u0131 ortaya koydu\u011funu kaydeden Elvan:\u201d Sanayi sekt\u00f6r\u00fcnde y\u00fczde 9,2 (katk\u0131s\u0131 1,8 puan),\u00a0 in\u015faat dahil hizmetler sekt\u00f6r\u00fcnde y\u00fczde 7,7 (katk\u0131s\u0131 4,8 puan) ve tar\u0131mda y\u00fczde 4,7 (katk\u0131s\u0131 0,3 puan) oran\u0131nda y\u00fcksek bir b\u00fcy\u00fcme ger\u00e7ekle\u015fmi\u015ftir. Talep a\u00e7\u0131s\u0131ndan ise; \u00f6zel t\u00fcketim y\u00fczde 6,1 (katk\u0131s\u0131 3,7 puan) ve sabit sermaye yat\u0131r\u0131mlar\u0131 y\u00fczde 7,3 (katk\u0131s\u0131 2,2 puan) art\u0131\u015fla y\u0131ll\u0131k b\u00fcy\u00fcmeye katk\u0131da bulunmu\u015ftur. 2016 y\u0131l\u0131na k\u0131yasla 2017 y\u0131l\u0131nda b\u00fcy\u00fcme h\u0131z\u0131 a\u00e7\u0131s\u0131ndan 3 kat\u0131n \u00fczerinde bir sabit sermaye yat\u0131r\u0131m\u0131 ve 10 kat\u0131n \u00fczerinde mal ve hizmet ihracat\u0131 art\u0131\u015f\u0131 ger\u00e7ekle\u015fmi\u015ftir. Bu performans ekonomimizin g\u00fcc\u00fc, dayan\u0131kl\u0131l\u0131\u011f\u0131 ve istihdam olu\u015fturma kapasitesi a\u00e7\u0131s\u0131ndan olduk\u00e7a \u00f6nemli bir g\u00f6stergedir.\u201d ifadelerini kulland\u0131.<\/span><\/p>\n<p>\u00a0<\/p>\n<p><span style=\"font-size:16px;\">\u201cT\u00dcRK\u0130YE HEDEFLER\u0130NE EM\u0130N ADIMLARLA \u0130LERLEYECEKT\u0130R\u201d<\/span><\/p>\n<p>\u00a0<\/p>\n<p><span style=\"font-size:16px;\">Evlan, g\u00fc\u00e7l\u00fc b\u00fcy\u00fcme ile birlikte kamu maliyesi ve bankac\u0131l\u0131k sekt\u00f6r\u00fcn\u00fcn bilan\u00e7o yap\u0131s\u0131 ekonominin sa\u011flam temeller \u00fczerinde ilerledi\u011fini g\u00f6sterdi\u011fini belirtti. Elvan: \u201c Nitekim b\u00fct\u00e7e a\u00e7\u0131\u011f\u0131n\u0131n milli gelire oran\u0131 Orta Vadeli Program tahmininin yar\u0131m puan alt\u0131nda kalarak y\u00fczde 1,5 olarak ger\u00e7ekle\u015fmi\u015f ve kamu bor\u00e7 stokunun milli gelire oran\u0131 yakla\u015f\u0131k y\u00fczde 28 olmu\u015ftur. Bir\u00e7ok \u00f6nc\u00fc g\u00f6sterge ile olumlu bir giri\u015f yapt\u0131\u011f\u0131m\u0131z 2018 y\u0131l\u0131nda da ekonomimiz b\u00fcy\u00fcmesini s\u00fcrd\u00fcrecek, yak\u0131nda a\u00e7\u0131klanacak yeni te\u015fvik paketi ve tedbirlerle bu s\u00fcre\u00e7 desteklenecektir. Yap\u0131sal reformlara da devam edilerek enflasyon ve cari a\u00e7\u0131k kal\u0131c\u0131 olarak a\u015fa\u011f\u0131 \u00e7ekilecektir. T\u00fcrkiye ekonomisi g\u00fc\u00e7l\u00fcd\u00fcr; kararl\u0131 ekonomi y\u00f6netimi, dinamik ve \u00fcretken \u00f6zel sekt\u00f6r\u00fc ile bu g\u00fcc\u00fcn\u00fc koruyacakt\u0131r. Milletimizin de deste\u011fiyle T\u00fcrkiye hedeflerine emin ad\u0131mlarla ilerleyecektir.\u201d \u015feklinde c\u00fcmlelerini tamamlad\u0131.<\/span><\/p>\n<p>\u00a0<\/p>\n<\/div>\n<\/div>\n<\/div>\n<\/blockquote>\n","protected":false},"excerpt":{"rendered":"<p>Bakan L\u00fctfi Elvan 2017 y\u0131l\u0131 d\u00f6rd\u00fcnc\u00fc \u00e7eyrek ve y\u0131ll\u0131k GSYH verilerine ili\u015fkin de\u011ferlendirme yaparak T\u00fcrkiye ekonomisinin G-20 \u00fclkeleri i\u00e7erisinde zirvede, OECD \u00fclkeleri aras\u0131nda ise ikinci s\u0131rada yer ald\u0131\u011f\u0131n\u0131 s\u00f6yledi. Kalk\u0131nma &hellip; <a href=\"https:\/\/akdenizolaygazetesi.com\/?p=1636\" class=\"more-link\">Devam\u0131n\u0131 Oku&#8230;<\/a><\/p>\n","protected":false},"author":1,"featured_media":0,"comment_status":"open","ping_status":"open","sticky":false,"template":"","format":"standard","meta":[],"categories":[],"tags":[],"_links":{"self":[{"href":"https:\/\/akdenizolaygazetesi.com\/index.php?rest_route=\/wp\/v2\/posts\/1636"}],"collection":[{"href":"https:\/\/akdenizolaygazetesi.com\/index.php?rest_route=\/wp\/v2\/posts"}],"about":[{"href":"https:\/\/akdenizolaygazetesi.com\/index.php?rest_route=\/wp\/v2\/types\/post"}],"author":[{"embeddable":true,"href":"https:\/\/akdenizolaygazetesi.com\/index.php?rest_route=\/wp\/v2\/users\/1"}],"replies":[{"embeddable":true,"href":"https:\/\/akdenizolaygazetesi.com\/index.php?rest_route=%2Fwp%2Fv2%2Fcomments&post=1636"}],"version-history":[{"count":0,"href":"https:\/\/akdenizolaygazetesi.com\/index.php?rest_route=\/wp\/v2\/posts\/1636\/revisions"}],"wp:attachment":[{"href":"https:\/\/akdenizolaygazetesi.com\/index.php?rest_route=%2Fwp%2Fv2%2Fmedia&parent=1636"}],"wp:term":[{"taxonomy":"category","embeddable":true,"href":"https:\/\/akdenizolaygazetesi.com\/index.php?rest_route=%2Fwp%2Fv2%2Fcategories&post=1636"},{"taxonomy":"post_tag","embeddable":true,"href":"https:\/\/akdenizolaygazetesi.com\/index.php?rest_route=%2Fwp%2Fv2%2Ftags&post=1636"}],"curies":[{"name":"wp","href":"https:\/\/api.w.org\/{rel}","templated":true}]}}