{"id":16362,"date":"2022-01-29T17:16:10","date_gmt":"2022-01-29T14:16:10","guid":{"rendered":"http:\/\/akdenizolaygazetesi.com\/?p=16362"},"modified":"2022-01-29T17:16:10","modified_gmt":"2022-01-29T14:16:10","slug":"talep-ve-sikayetler-ilgili-birimlere-bildirildi","status":"publish","type":"post","link":"https:\/\/akdenizolaygazetesi.com\/?p=16362","title":{"rendered":"Talep ve \u015fik\u00e2yetler ilgili birimlere bildirildi"},"content":{"rendered":"<p>Akdeniz Belediye Ba\u015fkan\u0131 M. Mustafa G\u00fcltak, \u00f6zellikle hava muhalefeti nedeniyle k\u0131sa bir s\u00fcre ara verdi\u011fi esnaf bulu\u015fmalar\u0131na, Kuvvay\u0131 Milliye Caddesi \u00fczerinde faaliyet g\u00f6steren esnaflar\u0131 ziyaret ederek yeniden ba\u015flad\u0131.<br \/>\nHafta sonunda, Tarihi Kuru \u00c7e\u015fme \u00f6n\u00fcnden ba\u015flad\u0131\u011f\u0131 ziyaretinde Ba\u015fkan G\u00fcltak, esnaflar ve her ya\u015ftan vatanda\u015f\u0131n yo\u011fun ilgisiyle kar\u015f\u0131la\u015ft\u0131. Ziyaret etti\u011fi her i\u015fyerinde i\u015fletme sahipleri ve al\u0131\u015fveri\u015f yapan vatanda\u015flarla sohbet eden Ba\u015fkan G\u00fcltak, yer yer \u00e7ay davetlerini de k\u0131rmad\u0131, esnaflarla sohbet edip ikram edilen \u00e7aylar\u0131n\u0131 i\u00e7ti.<br \/>\nTalep ve \u015fik\u00e2yetler ilgili birimlere bildirildi<br \/>\nAkdeniz Belediyesi olarak kente ve il\u00e7eye kazand\u0131rd\u0131klar\u0131 hizmet, proje ve \u00e7al\u0131\u015fmalar\u0131 da anlatan Ba\u015fkan G\u00fcltak, esnaf ve vatanda\u015flar\u0131n \u015fik\u00e2yet veya talepleri olup olmad\u0131\u011f\u0131n\u0131 da sordu. Dile getirilen \u00e7e\u015fitli s\u0131k\u0131nt\u0131lar\u0131 dinleyip not ettiren Ba\u015fkan G\u00fcltak, sorun veya s\u0131k\u0131nt\u0131lar\u0131n en k\u0131sa s\u00fcrede \u00e7\u00f6z\u00fcm\u00fc y\u00f6n\u00fcnde ilgili birimlere talimat verdi.<br \/>\nZiyaretine ili\u015fkin k\u0131sa bir a\u00e7\u0131klama yapan Akdeniz Belediye Ba\u015fkan\u0131 G\u00fcltak, bir araya geldi\u011fi esnaf ve vatanda\u015flardan ald\u0131\u011f\u0131 geri d\u00f6n\u00fc\u015flerin; belediyenin yapt\u0131\u011f\u0131 hizmet ve \u00e7al\u0131\u015fmalar\u0131n niteli\u011fi ve yeterlili\u011fi a\u00e7\u0131s\u0131ndan da \u00f6nemli bir g\u00f6sterge oldu\u011funu ifade etti.<br \/>\nEsnaf ve mahalle bulu\u015fmalar\u0131 devam edecek<br \/>\nHavalar\u0131n d\u00fczelmesiyle birlikte, mahalle ve esnaf ziyaretlerini eskiden oldu\u011fu gibi aral\u0131ks\u0131z s\u00fcrd\u00fcrece\u011fini kaydeden Ba\u015fkan G\u00fcltak; halktan kopmayan bir anlay\u0131\u015fla, il\u00e7e sakinleri ile her f\u0131rsatta bir araya gelmeye, halk\u0131 dinlemeye ve hizmetleri de vatanda\u015flardan gelen talepler do\u011frultusunda \u00fcretmeye devam edeceklerini s\u00f6zlerine ekledi. <\/p>\n","protected":false},"excerpt":{"rendered":"<p>Akdeniz Belediye Ba\u015fkan\u0131 M. Mustafa G\u00fcltak, \u00f6zellikle hava muhalefeti nedeniyle k\u0131sa bir s\u00fcre ara verdi\u011fi esnaf bulu\u015fmalar\u0131na, Kuvvay\u0131 Milliye Caddesi \u00fczerinde faaliyet g\u00f6steren esnaflar\u0131 ziyaret ederek yeniden ba\u015flad\u0131. Hafta sonunda, &hellip; <a href=\"https:\/\/akdenizolaygazetesi.com\/?p=16362\" class=\"more-link\">Devam\u0131n\u0131 Oku&#8230;<\/a><\/p>\n","protected":false},"author":2,"featured_media":16363,"comment_status":"open","ping_status":"open","sticky":false,"template":"","format":"standard","meta":[],"categories":[1,2,3,5],"tags":[],"_links":{"self":[{"href":"https:\/\/akdenizolaygazetesi.com\/index.php?rest_route=\/wp\/v2\/posts\/16362"}],"collection":[{"href":"https:\/\/akdenizolaygazetesi.com\/index.php?rest_route=\/wp\/v2\/posts"}],"about":[{"href":"https:\/\/akdenizolaygazetesi.com\/index.php?rest_route=\/wp\/v2\/types\/post"}],"author":[{"embeddable":true,"href":"https:\/\/akdenizolaygazetesi.com\/index.php?rest_route=\/wp\/v2\/users\/2"}],"replies":[{"embeddable":true,"href":"https:\/\/akdenizolaygazetesi.com\/index.php?rest_route=%2Fwp%2Fv2%2Fcomments&post=16362"}],"version-history":[{"count":1,"href":"https:\/\/akdenizolaygazetesi.com\/index.php?rest_route=\/wp\/v2\/posts\/16362\/revisions"}],"predecessor-version":[{"id":16364,"href":"https:\/\/akdenizolaygazetesi.com\/index.php?rest_route=\/wp\/v2\/posts\/16362\/revisions\/16364"}],"wp:featuredmedia":[{"embeddable":true,"href":"https:\/\/akdenizolaygazetesi.com\/index.php?rest_route=\/wp\/v2\/media\/16363"}],"wp:attachment":[{"href":"https:\/\/akdenizolaygazetesi.com\/index.php?rest_route=%2Fwp%2Fv2%2Fmedia&parent=16362"}],"wp:term":[{"taxonomy":"category","embeddable":true,"href":"https:\/\/akdenizolaygazetesi.com\/index.php?rest_route=%2Fwp%2Fv2%2Fcategories&post=16362"},{"taxonomy":"post_tag","embeddable":true,"href":"https:\/\/akdenizolaygazetesi.com\/index.php?rest_route=%2Fwp%2Fv2%2Ftags&post=16362"}],"curies":[{"name":"wp","href":"https:\/\/api.w.org\/{rel}","templated":true}]}}