{"id":16365,"date":"2022-01-29T17:18:30","date_gmt":"2022-01-29T14:18:30","guid":{"rendered":"http:\/\/akdenizolaygazetesi.com\/?p=16365"},"modified":"2022-01-29T17:18:30","modified_gmt":"2022-01-29T14:18:30","slug":"fransiz-cift-down-sendromlu-cocuklar-icin-mersinde-pedal-cevirdi","status":"publish","type":"post","link":"https:\/\/akdenizolaygazetesi.com\/?p=16365","title":{"rendered":"FRANSIZ \u00c7\u0130FT, DOWN SENDROMLU \u00c7OCUKLAR \u0130\u00c7\u0130N MERS\u0130N&#8217;DE PEDAL \u00c7EV\u0130RD\u0130"},"content":{"rendered":"<p>Mersin B\u00fcy\u00fck\u015fehir Belediyesi Engelliler ve Sa\u011fl\u0131k Hizmetleri Dairesi, Fransa&#8217;dan yola \u00e7\u0131kan bisikletli gezginler Emilie ve Davy Sanchis \u00e7iftini Mersin \u00d6zgecan Aslan Bar\u0131\u015f Meydan\u0131&#8217;nda kar\u015f\u0131lad\u0131. Otizmli ve down sendromlu bireylere dikkat \u00e7ekmek amac\u0131yla \u00e7e\u015fitli \u00fclkelerden ge\u00e7erek Mersin&#8217;e ula\u015fan Frans\u0131z \u00e7ift, K\u00fclt\u00fcr Park&#8217;ta da fark\u0131ndal\u0131k i\u00e7in pedal \u00e7evirdi.<\/p>\n<p>Frans\u0131z \u00e7ift, \u00d6zgecan Aslan Bar\u0131\u015f Meydan\u0131&#8217;nda kar\u015f\u0131land\u0131<\/p>\n<p>Uluslararas\u0131 Down Sendromu Olu\u015fumu&#8217;na \u00fcye Frans\u0131z Emilie ve Davy Sanchis \u00e7ifti, 13 Haziran 2021&#8217;de Fransa&#8217;dan yola \u00e7\u0131karak Avusturya, Macaristan, Moldovya ve Ukrayna gibi bir\u00e7ok kentten ge\u00e7erek T\u00fcrkiye&#8217;ye ula\u015ft\u0131. Karasu&#8217;dan ba\u015flay\u0131p \u0130stanbul, \u0130zmir ve Antalya \u00fczerinden sahil kentlerini gezip \u00f6nce Silifke&#8217;ye ard\u0131ndan da Mersin&#8217;in merkezine ula\u015fan \u00e7ifti, Mersin B\u00fcy\u00fck\u015fehir Belediye Ba\u015fkan Dan\u0131\u015fman\u0131 \u0130brahim Evrim ile Engelliler ve Sa\u011fl\u0131k Hizmetleri Dairesi Ba\u015fkan\u0131 H\u00fclya Atila kar\u015f\u0131lad\u0131.<\/p>\n<p>Bisikletli Gezginler ve 16 \u00f6zel \u00e7ocuk da Frans\u0131z \u00e7iftle pedal \u00e7evirdi<\/p>\n<p>Otizmli ve down sendromlu bireylere fark\u0131ndal\u0131k olu\u015fturmak i\u00e7in Mersin&#8217;de de pedal \u00e7eviren Frans\u0131z \u00e7ifte Mersin Bisikletli Gezginler Derne\u011fi \u00fcyeleri de e\u015flik etti. \u00d6te yandan B\u00fcy\u00fck\u015fehir Belediyesi&#8217;nden hizmet alan 16 \u00f6zel gereksinimli birey de \u00d6zgecan Aslan Bar\u0131\u015f Meydan\u0131&#8217;ndan ba\u015flayan bisiklet turuna kat\u0131larak K\u00fclt\u00fcr Park&#8217;ta pedal \u00e7evirdi.<\/p>\n<p>&#8220;Bir fark\u0131ndal\u0131k yaratal\u0131m dedik, onun i\u00e7in u\u011fra\u015f\u0131yoruz&#8221;<\/p>\n<p>40 ya\u015f\u0131ndaki Emilie Sanchis, Fransa&#8217;dan ba\u015flayan yolculuklar\u0131n\u0131 Avustralya&#8217;n\u0131n yak\u0131n\u0131ndaki Frans\u0131z adas\u0131 olan Kaledonya&#8217;da noktalamak istediklerini belirtti. \u015eu ana kadar \u00e7e\u015fitli \u00fclkelerden ge\u00e7erek Mersin&#8217;e geldiklerini s\u00f6zlerine ekleyen Emilie Sanchis, &#8220;Mersin&#8217;i \u00e7ok be\u011fendik. Bir de insanlar \u00e7ok misafirperverler. Burada olmaktan \u00e7ok mutluyuz. Bizi muazzam a\u011f\u0131rlad\u0131lar&#8221; dedi. Bisiklet s\u00fcr\u00fc\u015flerine sosyal bir ama\u00e7 kazand\u0131rmak istediklerini s\u00f6zlerine ekleyen Sanchis, &#8220;Fiziki engellilerden ziyade zihinsel engellilerin hayatta yer almalar\u0131 i\u00e7in bir fark\u0131ndal\u0131k yaratal\u0131m dedik. Bu ama\u00e7la zihinsel engelliler motifiyle seyahat ediyoruz. Bir fark\u0131ndal\u0131k yaratal\u0131m dedik. Onun i\u00e7in u\u011fra\u015f\u0131yoruz&#8221; diye konu\u015ftu.<\/p>\n<p>&#8220;T\u00fcrkiye&#8217;nin bu konuya \u00e7ok hassas oldu\u011funu anlam\u0131\u015f bulunuyoruz&#8221;<\/p>\n<p>42 ya\u015f\u0131ndaki Davy Sanchis ise kendisinin daha \u00e7ok y\u00fczme, ko\u015fma ve bisiklet sporlar\u0131yla ilgilendi\u011fini belirtti. Bir sonraki duraklar\u0131n\u0131n Mardin oldu\u011funu vurgulayan Davy Sanchis, &#8220;Biz daha ziyade zihinsel engelli \u00e7ocuklar\u0131n spora y\u00f6nlendirilmesinde fayda olaca\u011f\u0131 y\u00f6n\u00fcnde bir fark\u0131ndal\u0131k yaratmak istiyoruz. Mesela bisiklete binsinler, \u00f6\u011frensinler. Aileler y\u00fczmeyi \u00f6\u011fretsin. Yani zihinsel engellilerin hayata spor y\u00f6n\u00fcyle d\u00e2hil edilmelerinde fayda g\u00f6r\u00fcyoruz. Onun i\u00e7in u\u011fra\u015f\u0131yoruz. \u00c7ok mutluyuz. Silifke&#8217;de de bir fark\u0131ndal\u0131k etkinli\u011fi yapt\u0131k ama Mersin&#8217;de bu durumu g\u00f6r\u00fcnce, T\u00fcrkiye&#8217;nin bu konuya \u00e7ok hassas oldu\u011funu anlam\u0131\u015f bulunuyoruz. Bu bizi \u00e7ok duyguland\u0131rd\u0131&#8221; ifadelerine yer verdi.<\/p>\n<p>&#8220;Ortak dili, ortak payday\u0131 konu\u015fuyoruz. Ortak paydam\u0131z \u00f6zel \u00e7ocuklar\u0131m\u0131z&#8221;<\/p>\n<p>B\u00fcy\u00fck\u015fehir Belediyesi Engelliler ve Sa\u011fl\u0131k Hizmetleri Dairesi Ba\u015fkan\u0131 H\u00fclya Atila ise Frans\u0131z \u00e7iftle ortak ama\u00e7ta olduklar\u0131n\u0131 vurgulayarak, \u015funlar\u0131 s\u00f6yledi:<\/p>\n<p>&#8220;Baz\u0131 \u015feylerin dini, dili, \u0131rk\u0131, devleti, milleti yok. Baz\u0131 \u015feyler ortak. Ortak dili, ortak payday\u0131 konu\u015fuyoruz. Burada bizim bug\u00fcnk\u00fc ortak paydam\u0131z \u00f6zel \u00e7ocuklar\u0131m\u0131z. \u00d6zel \u00e7ocuklar d\u00fcnyan\u0131n her yerinde var ve her yerinde bu \u00e7ocuklar bizim \u00e7ocuklar\u0131m\u0131z. Misafir etti\u011fimiz Frans\u0131z arkada\u015flar\u0131m\u0131z da \u00e7ocuklar\u0131m\u0131z i\u00e7in dikkat \u00e7ekmek istiyorlar. Onlar bir\u00e7ok \u00fclkeyi gezerek Mersin&#8217;e gelmi\u015fler. Mersin&#8217;den sonra da bir\u00e7ok \u00fclkeye gidecekler. Biz buradaki program\u0131m\u0131zda bir bisiklet etkinli\u011fi yaparak, \u00f6zel \u00e7ocuklar\u0131m\u0131za dikkat \u00e7ekmek istiyoruz. Ortak dilde bulu\u015fmak istiyoruz.&#8221;<\/p>\n<p>&#8220;Bu t\u00fcr sosyal \u00e7al\u0131\u015fmalar\u0131 destekliyoruz&#8221;<\/p>\n<p>Mersin Bisikletli Gezginler Dernek Ba\u015fkan\u0131 Ahmet Salih \u00d6zenir de Frans\u0131z \u00e7iftin fark\u0131ndal\u0131k \u00e7al\u0131\u015fmas\u0131na destek verdiklerine dikkat \u00e7ekerek, &#8220;Biz de bilgilendirildik ve programa dahil olduk. Bu \u00e7ift, down sendromu \u00fczerine bir fark\u0131ndal\u0131k yaratmak \u00fczere yola \u00e7\u0131km\u0131\u015flar. \u00c7ok ho\u015fumuza gitti. Biz de bu t\u00fcr sosyal \u00e7al\u0131\u015fmalar\u0131 destekliyoruz. Bunun alg\u0131s\u0131n\u0131n ve fark\u0131ndal\u0131\u011f\u0131n\u0131n art\u0131r\u0131lmas\u0131 gerekiyor&#8221; dedi. \u00d6zenir, down sendromlu \u00e7ocuklar i\u00e7in dernek olarak fark\u0131ndal\u0131k \u00e7al\u0131\u015fmalar\u0131 planlad\u0131klar\u0131n\u0131 s\u00f6zlerine ekleyerek, &#8220;Dernek Ba\u015fkan Yard\u0131mc\u0131m\u0131z Sercan \u0130ngilok da down sendromlu \u00e7ocuklarla alakal\u0131 bir foto\u011fraf \u00e7al\u0131\u015fmas\u0131 yap\u0131yor. Bu \u00e7al\u0131\u015fmam\u0131z devam ediyor&#8221; diye konu\u015ftu.<\/p>\n<p>Frans\u0131z \u00e7ift, bisiklet etkinli\u011finin ard\u0131ndan B\u00fcy\u00fck\u015fehir Belediyesi&#8217;nin Toroslar il\u00e7esi Halkkent Mahallesi&#8217;ndeki Engelsiz Ya\u015fam Merkezi&#8217;nde \u00f6zel gereksinimli bireylerle bulu\u015ftu. \u00d6zel bireylerin halk oyunu g\u00f6sterilerini izleyen \u00e7ift, Engelsiz Ya\u015fam Merkezi yerle\u015fkesini gezerek \u00e7al\u0131\u015fmalar\u0131 seyretti. \u00d6zel bireyler ise seramik at\u00f6lyesinde \u00fcrettikleri \u00fcr\u00fcnlerden \u00e7ifte hediye etti.<\/p>\n","protected":false},"excerpt":{"rendered":"<p>Mersin B\u00fcy\u00fck\u015fehir Belediyesi Engelliler ve Sa\u011fl\u0131k Hizmetleri Dairesi, Fransa&#8217;dan yola \u00e7\u0131kan bisikletli gezginler Emilie ve Davy Sanchis \u00e7iftini Mersin \u00d6zgecan Aslan Bar\u0131\u015f Meydan\u0131&#8217;nda kar\u015f\u0131lad\u0131. Otizmli ve down sendromlu bireylere dikkat &hellip; <a href=\"https:\/\/akdenizolaygazetesi.com\/?p=16365\" class=\"more-link\">Devam\u0131n\u0131 Oku&#8230;<\/a><\/p>\n","protected":false},"author":2,"featured_media":16366,"comment_status":"open","ping_status":"open","sticky":false,"template":"","format":"standard","meta":[],"categories":[7,3,9,10],"tags":[],"_links":{"self":[{"href":"https:\/\/akdenizolaygazetesi.com\/index.php?rest_route=\/wp\/v2\/posts\/16365"}],"collection":[{"href":"https:\/\/akdenizolaygazetesi.com\/index.php?rest_route=\/wp\/v2\/posts"}],"about":[{"href":"https:\/\/akdenizolaygazetesi.com\/index.php?rest_route=\/wp\/v2\/types\/post"}],"author":[{"embeddable":true,"href":"https:\/\/akdenizolaygazetesi.com\/index.php?rest_route=\/wp\/v2\/users\/2"}],"replies":[{"embeddable":true,"href":"https:\/\/akdenizolaygazetesi.com\/index.php?rest_route=%2Fwp%2Fv2%2Fcomments&post=16365"}],"version-history":[{"count":1,"href":"https:\/\/akdenizolaygazetesi.com\/index.php?rest_route=\/wp\/v2\/posts\/16365\/revisions"}],"predecessor-version":[{"id":16367,"href":"https:\/\/akdenizolaygazetesi.com\/index.php?rest_route=\/wp\/v2\/posts\/16365\/revisions\/16367"}],"wp:featuredmedia":[{"embeddable":true,"href":"https:\/\/akdenizolaygazetesi.com\/index.php?rest_route=\/wp\/v2\/media\/16366"}],"wp:attachment":[{"href":"https:\/\/akdenizolaygazetesi.com\/index.php?rest_route=%2Fwp%2Fv2%2Fmedia&parent=16365"}],"wp:term":[{"taxonomy":"category","embeddable":true,"href":"https:\/\/akdenizolaygazetesi.com\/index.php?rest_route=%2Fwp%2Fv2%2Fcategories&post=16365"},{"taxonomy":"post_tag","embeddable":true,"href":"https:\/\/akdenizolaygazetesi.com\/index.php?rest_route=%2Fwp%2Fv2%2Ftags&post=16365"}],"curies":[{"name":"wp","href":"https:\/\/api.w.org\/{rel}","templated":true}]}}