{"id":1638,"date":"2020-11-04T18:22:11","date_gmt":"2020-11-04T15:22:11","guid":{"rendered":"http:\/\/mersinekonomipolitikagazetesi.com\/?p=1638"},"modified":"2020-11-04T18:22:11","modified_gmt":"2020-11-04T15:22:11","slug":"kosabiliyorsan-kos-projesi-basladi","status":"publish","type":"post","link":"https:\/\/akdenizolaygazetesi.com\/?p=1638","title":{"rendered":"\u2018Ko\u015fabiliyorsan Ko\u015f Projesi\u2019 ba\u015flad\u0131"},"content":{"rendered":"<p>Spor Genel M\u00fcd\u00fcrl\u00fc\u011f\u00fc taraf\u0131ndan hayata ge\u00e7irilen \u2018Ko\u015fabiliyorken Ko\u015f Projesi\u2019 81 ilde oldu\u011fu gibi Mersin\u2019de de ba\u015flad\u0131. Proje kapsam\u0131nda 7\u2019den 77\u2019ye her ya\u015ftan insana \u00fccretsiz olarak spor yapma imkan\u0131 sa\u011flanaca\u011f\u0131 bildirildi.<\/p>\n<p><span style=\"font-size:16px;\"><span style=\"font-family: sans-serif; line-height: 20px; text-align: justify; background-color: rgb(242, 244, 245);\">Vatanda\u015flara, sa\u011fl\u0131kl\u0131 ve bilin\u00e7li spor yapt\u0131rmak amac\u0131yla Spor Genel M\u00fcd\u00fcrl\u00fc\u011f\u00fc taraf\u0131ndan hayata ge\u00e7irilen \u2018Ko\u015fabiliyorken Ko\u015f Projesi\u2019 kapsam\u0131nda, 7\u2019den 77\u2019e her ya\u015ftan insan, Mersin Gen\u00e7lik Hizmetleri ve Spor \u0130l M\u00fcd\u00fcrl\u00fc\u011f\u00fc antren\u00f6rleri e\u015fli\u011finde spor yap\u0131yor. T\u00fcrkiye genelinde spor k\u00fclt\u00fcr\u00fcn\u00fcn yayg\u0131nla\u015ft\u0131r\u0131lmas\u0131 amac\u0131yla 2012 y\u0131l\u0131nda hayata ge\u00e7irilen proje, 2018 y\u0131l\u0131nda T\u00fcrkiye\u2019nin 81 ilinde de Gen\u00e7lik Hizmetleri ve Spor \u0130l M\u00fcd\u00fcrl\u00fc\u011f\u00fc taraf\u0131ndan ba\u015flat\u0131ld\u0131. Kent merkezi ve il\u00e7elerinde belirlenen koordinat\u00f6rler sorumlulu\u011funda, yerel y\u00f6netimler ile kamu kurum ve kurulu\u015flar\u0131na ait a\u00e7\u0131k ve kapal\u0131 alanlar kullan\u0131larak, her ya\u015f kategorisinden vatanda\u015fa, \u00fccretsiz spor yapt\u0131r\u0131lacak.\u00a0<\/span><br style=\"box-sizing: border-box; font-family: sans-serif; font-size: 14px; line-height: 20px; text-align: justify; background-color: rgb(242, 244, 245);\" \/><br \/>\n<span style=\"font-family: sans-serif; line-height: 20px; text-align: justify; background-color: rgb(242, 244, 245);\">Proje kapsam\u0131nda engelli vatanda\u015flarda \u00f6zg\u00fcrce spor yapabilecekken, t\u00fcm kat\u0131l\u0131mc\u0131lar\u0131n, spor yapabilmek i\u00e7in kendilerine sa\u011flanan her t\u00fcrl\u00fc imkandan \u00fccretsiz faydalanacak. Proje, spor alanlar\u0131nda bilin\u00e7li spor yapmak, bo\u015f zaman aktivitesi olarak farkl\u0131 spor bran\u015flar\u0131nda e\u011fitim verilmesi ve sa\u011fl\u0131k taramas\u0131 gibi 3 ayr\u0131 uygulamadan olu\u015facak.\u00a0<\/span><\/span><\/p>\n","protected":false},"excerpt":{"rendered":"<p>Spor Genel M\u00fcd\u00fcrl\u00fc\u011f\u00fc taraf\u0131ndan hayata ge\u00e7irilen \u2018Ko\u015fabiliyorken Ko\u015f Projesi\u2019 81 ilde oldu\u011fu gibi Mersin\u2019de de ba\u015flad\u0131. Proje kapsam\u0131nda 7\u2019den 77\u2019ye her ya\u015ftan insana \u00fccretsiz olarak spor yapma imkan\u0131 sa\u011flanaca\u011f\u0131 bildirildi. &hellip; <a href=\"https:\/\/akdenizolaygazetesi.com\/?p=1638\" class=\"more-link\">Devam\u0131n\u0131 Oku&#8230;<\/a><\/p>\n","protected":false},"author":1,"featured_media":0,"comment_status":"open","ping_status":"open","sticky":false,"template":"","format":"standard","meta":[],"categories":[],"tags":[],"_links":{"self":[{"href":"https:\/\/akdenizolaygazetesi.com\/index.php?rest_route=\/wp\/v2\/posts\/1638"}],"collection":[{"href":"https:\/\/akdenizolaygazetesi.com\/index.php?rest_route=\/wp\/v2\/posts"}],"about":[{"href":"https:\/\/akdenizolaygazetesi.com\/index.php?rest_route=\/wp\/v2\/types\/post"}],"author":[{"embeddable":true,"href":"https:\/\/akdenizolaygazetesi.com\/index.php?rest_route=\/wp\/v2\/users\/1"}],"replies":[{"embeddable":true,"href":"https:\/\/akdenizolaygazetesi.com\/index.php?rest_route=%2Fwp%2Fv2%2Fcomments&post=1638"}],"version-history":[{"count":0,"href":"https:\/\/akdenizolaygazetesi.com\/index.php?rest_route=\/wp\/v2\/posts\/1638\/revisions"}],"wp:attachment":[{"href":"https:\/\/akdenizolaygazetesi.com\/index.php?rest_route=%2Fwp%2Fv2%2Fmedia&parent=1638"}],"wp:term":[{"taxonomy":"category","embeddable":true,"href":"https:\/\/akdenizolaygazetesi.com\/index.php?rest_route=%2Fwp%2Fv2%2Fcategories&post=1638"},{"taxonomy":"post_tag","embeddable":true,"href":"https:\/\/akdenizolaygazetesi.com\/index.php?rest_route=%2Fwp%2Fv2%2Ftags&post=1638"}],"curies":[{"name":"wp","href":"https:\/\/api.w.org\/{rel}","templated":true}]}}