{"id":16385,"date":"2022-01-31T12:48:16","date_gmt":"2022-01-31T09:48:16","guid":{"rendered":"http:\/\/akdenizolaygazetesi.com\/?p=16385"},"modified":"2022-01-31T12:48:16","modified_gmt":"2022-01-31T09:48:16","slug":"baskan-secer-narenciye-paketleme-tesisini-gezdi-emekci-kadinlarla-bir-araya-geldi","status":"publish","type":"post","link":"https:\/\/akdenizolaygazetesi.com\/?p=16385","title":{"rendered":"BA\u015eKAN SE\u00c7ER, NARENC\u0130YE PAKETLEME TES\u0130S\u0130N\u0130 GEZD\u0130, EMEK\u00c7\u0130 KADINLARLA B\u0130R ARAYA GELD\u0130"},"content":{"rendered":"<p>Mersin B\u00fcy\u00fck\u015fehir Belediye Ba\u015fkan\u0131 Vahap Se\u00e7er, Erdemli \u00c7e\u015fmeli&#8217;de yer alan bir Narenciye Paketleme Tesisi&#8217;ni gezdi. Tesiste \u00e7al\u0131\u015fan emek\u00e7i kad\u0131nlarla bir araya gelen Ba\u015fkan Se\u00e7er, kad\u0131nlarla birlikte kasalara limon yerle\u015ftirdi. Limon \u00fcretiminde ya\u015fanan sorunlara de\u011finen Ba\u015fkan Se\u00e7er, &#8220;Limon krizde. Ge\u00e7ti\u011fimiz y\u0131ldan bu yana s\u00fcregelen bir sorun ya\u015fan\u0131yor&#8221; dedi. Limon \u00fcreticisinin olduk\u00e7a s\u0131k\u0131nt\u0131l\u0131 bir durumda oldu\u011funu ifade eden Ba\u015fkan Se\u00e7er, &#8220;Limonun \u00f6nemli bir k\u0131sm\u0131 hasat edilemedi, limon dal\u0131nda kald\u0131. Maliyetler de ge\u00e7ti\u011fimiz y\u0131ldan bu yana \u00e7ok y\u00fckseldi&#8221; diye konu\u015ftu.<br \/>\nPaketleme Tesisi&#8217;ndeki \u00fcretim a\u015famalar\u0131n\u0131 tek tek gezerek, bilgi alan Ba\u015fkan Se\u00e7er, kad\u0131nlara da \u00e7al\u0131\u015fmalar\u0131nda kolayl\u0131klar diledi. Se\u00e7er, Paketleme Tesisi&#8217;ndeki incelemesinin ard\u0131ndan bir limon bah\u00e7esini gezdi. T\u00fcrkiye&#8217;nin en \u00f6nemli limon \u00fcretim hinterland\u0131n\u0131n Mersin ama \u00f6zel olarak Erdemli&#8217;de oldu\u011funu belirten ve Erdemli&#8217;nin &#8220;limonun ba\u015fkenti&#8221; oldu\u011funu dile getiren Ba\u015fkan Se\u00e7er, &#8220;En de\u011ferli, en kaliteli, dayan\u0131kl\u0131, depo \u00f6mr\u00fc uzun \u00fcr\u00fcn de buradan elde ediliyor. Limonun para etmemesi demek Erdemli ekonomisine \u00e7ok b\u00fcy\u00fck bir darbe demek&#8221; dedi.<br \/>\n&#8220;Limonun \u00f6nemli bir k\u0131sm\u0131 hasat edilemedi; limon dal\u0131nda kald\u0131&#8221;<br \/>\nBu y\u0131l ya\u015fanan s\u0131k\u0131nt\u0131lara dikkat \u00e7eken Ba\u015fkan Se\u00e7er, &#8220;Limonun \u00f6nemli bir k\u0131sm\u0131 bu y\u0131l hasat edilemedi, yani limon dal\u0131nda kald\u0131. Maliyetler de ge\u00e7ti\u011fimiz y\u0131ldan bu yana \u00e7ok y\u00fckseldi. \u00dcr\u00fcn fiyatlar\u0131 da dal\u0131nda 1.8 TL ile 2.2 TL aras\u0131nda. Maliyetler fiyatlar\u0131n \u00e7ok \u00fczerinde. \u00dcretici zarar ediyor, \u00fcretici s\u0131k\u0131nt\u0131l\u0131 bir durumda. \u00dcretici S.O.S. veriyor&#8221; dedi.<br \/>\n&#8220;Ge\u00e7ti\u011fimiz y\u0131ldan bu yana s\u00fcregelen bir sorun ya\u015fan\u0131yor&#8221;<br \/>\nMersin&#8217;de \u00fcretilen limonun d\u00fcnyan\u0131n pek \u00e7ok \u00fclkesine ihra\u00e7 edildi\u011fini hat\u0131rlatarak sorunlar\u0131 s\u0131ralamaya devam eden Ba\u015fkan Se\u00e7er, &#8220;Ge\u00e7ti\u011fimiz y\u0131ldan bu yana limonda s\u00fcregelen bir sorun ya\u015fan\u0131yor. Ge\u00e7en y\u0131l da ihracatta getirilen kota, i\u00e7 piyasadaki, depodaki mallar\u0131n bir sonraki sezona kadar kalmas\u0131na neden olmu\u015ftu. Zaman\u0131nda t\u00fcketilememi\u015fti. \u015eimdi o bu y\u0131la da yans\u0131yor. Onun verdi\u011fi s\u0131k\u0131nt\u0131lar. Di\u011fer taraftan limon \u00fcretiminde ba\u015fta akaryak\u0131t, zirai ila\u00e7, g\u00fcbre ve elektrik girdi fiyatlar\u0131 3-4 kat artt\u0131. Bunlar da zaten ald\u0131 ba\u015f\u0131n\u0131 gitti. Bir\u00e7o\u011fu da bunlar\u0131n ithal \u00fcr\u00fcnler oldu\u011fu i\u00e7in d\u00f6viz kurlar\u0131 TL kar\u015f\u0131s\u0131nda de\u011fer art\u0131rd\u0131k\u00e7a ya da TL de\u011fer kaybettik\u00e7e bunlar\u0131n fiyatlar\u0131 da y\u00fckseldi. Bu da \u00fcretime \u00e7ok \u00f6nemli bir ilave maliyet, y\u00fck getirdi&#8221; diye konu\u015ftu.<br \/>\n&#8220;Te\u015fvik yetersiz&#8221;<br \/>\nLimon \u00fcreticisine verilen te\u015fvik deste\u011finin \u00fcreticiler taraf\u0131ndan yetersiz bulundu\u011funu da ifade eden Ba\u015fkan Se\u00e7er, \u015f\u00f6yle devam etti:<br \/>\n&#8220;Ton ba\u015f\u0131na 100 liral\u0131k bir ihracat te\u015fviki s\u00f6z konusu. \u0130hracat\u00e7\u0131larla yapt\u0131\u011f\u0131m sohbette bu deste\u011fin yetersiz oldu\u011fundan bahsediyorlar. \u00dcreticilerle yapt\u0131\u011f\u0131m sohbetlerde girdi fiyatlar\u0131nda maliyetlerin \u00e7ok y\u00fckseldi\u011finden, gelecek y\u0131la \u00fcretim yapma \u015fanslar\u0131n\u0131n ortadan kalkt\u0131\u011f\u0131ndan \u015fik\u00e2yet ediyorlar. Di\u011fer taraftan ihracat\u0131n en b\u00fcy\u00fck sorunu rezid\u00fc sorunu. Yani ila\u00e7 kal\u0131nt\u0131s\u0131 sorunu. Bunun da mutlaka \u00f6zellikle Tar\u0131m \u0130l M\u00fcd\u00fcrl\u00fckleri taraf\u0131ndan, Bakanl\u0131k taraf\u0131ndan denetim gerektirdi\u011fini s\u00f6yl\u00fcyorlar. Yoksa s\u0131n\u0131r kap\u0131lar\u0131ndan bu ihra\u00e7 \u00fcr\u00fcnler geri d\u00f6nmek zorunda kal\u0131yor. O da ihracatta \u00f6nemli bir krizi meydana getiriyor.&#8221;<br \/>\nBelediye Ba\u015fkanlar\u0131na seslendi: &#8220;\u0130htiya\u00e7 sahibi vatanda\u015flar\u0131m\u0131za limon da\u011f\u0131tmak istiyorlarsa bana ula\u015fmalar\u0131 yeterli&#8221;<br \/>\nBelediye Ba\u015fkanlar\u0131na da seslenen B\u00fcy\u00fck\u015fehir Belediye Ba\u015fkan\u0131 Se\u00e7er, a\u00e7\u0131klamas\u0131n\u0131 \u015f\u00f6yle s\u00fcrd\u00fcrd\u00fc:<br \/>\n&#8220;Buradan t\u00fcm T\u00fcrkiye&#8217;ye, Mersin&#8217;de \u00fcretilen bu limonlar\u0131n \u00f6zellikle k\u0131\u015f g\u00fcnlerinde, pandemi g\u00fcnlerinde sa\u011fl\u0131klar\u0131 a\u00e7\u0131s\u0131ndan da \u00f6nemli oldu\u011funu duyurmak istiyorum. Belediyelerimize, belediye ba\u015fkanlar\u0131m\u0131za bir duyuruda bulunmak istiyorum; e\u011fer ki sosyal politikalar kapsam\u0131nda, \u00f6zellikle ihtiya\u00e7 sahibi vatanda\u015flar\u0131m\u0131za limon da\u011f\u0131tmak istiyorlarsa bana ula\u015fmalar\u0131 yeterli. Buradan \u00fcreticilerimizle kontak kurdurup, limonlar\u0131m\u0131z\u0131 T\u00fcrkiye&#8217;nin her taraf\u0131na g\u00f6nderme imk\u00e2n\u0131m\u0131z var.&#8221;<\/p>\n","protected":false},"excerpt":{"rendered":"<p>Mersin B\u00fcy\u00fck\u015fehir Belediye Ba\u015fkan\u0131 Vahap Se\u00e7er, Erdemli \u00c7e\u015fmeli&#8217;de yer alan bir Narenciye Paketleme Tesisi&#8217;ni gezdi. Tesiste \u00e7al\u0131\u015fan emek\u00e7i kad\u0131nlarla bir araya gelen Ba\u015fkan Se\u00e7er, kad\u0131nlarla birlikte kasalara limon yerle\u015ftirdi. Limon &hellip; <a href=\"https:\/\/akdenizolaygazetesi.com\/?p=16385\" class=\"more-link\">Devam\u0131n\u0131 Oku&#8230;<\/a><\/p>\n","protected":false},"author":2,"featured_media":16386,"comment_status":"open","ping_status":"open","sticky":false,"template":"","format":"standard","meta":[],"categories":[8,2,3],"tags":[],"_links":{"self":[{"href":"https:\/\/akdenizolaygazetesi.com\/index.php?rest_route=\/wp\/v2\/posts\/16385"}],"collection":[{"href":"https:\/\/akdenizolaygazetesi.com\/index.php?rest_route=\/wp\/v2\/posts"}],"about":[{"href":"https:\/\/akdenizolaygazetesi.com\/index.php?rest_route=\/wp\/v2\/types\/post"}],"author":[{"embeddable":true,"href":"https:\/\/akdenizolaygazetesi.com\/index.php?rest_route=\/wp\/v2\/users\/2"}],"replies":[{"embeddable":true,"href":"https:\/\/akdenizolaygazetesi.com\/index.php?rest_route=%2Fwp%2Fv2%2Fcomments&post=16385"}],"version-history":[{"count":1,"href":"https:\/\/akdenizolaygazetesi.com\/index.php?rest_route=\/wp\/v2\/posts\/16385\/revisions"}],"predecessor-version":[{"id":16387,"href":"https:\/\/akdenizolaygazetesi.com\/index.php?rest_route=\/wp\/v2\/posts\/16385\/revisions\/16387"}],"wp:featuredmedia":[{"embeddable":true,"href":"https:\/\/akdenizolaygazetesi.com\/index.php?rest_route=\/wp\/v2\/media\/16386"}],"wp:attachment":[{"href":"https:\/\/akdenizolaygazetesi.com\/index.php?rest_route=%2Fwp%2Fv2%2Fmedia&parent=16385"}],"wp:term":[{"taxonomy":"category","embeddable":true,"href":"https:\/\/akdenizolaygazetesi.com\/index.php?rest_route=%2Fwp%2Fv2%2Fcategories&post=16385"},{"taxonomy":"post_tag","embeddable":true,"href":"https:\/\/akdenizolaygazetesi.com\/index.php?rest_route=%2Fwp%2Fv2%2Ftags&post=16385"}],"curies":[{"name":"wp","href":"https:\/\/api.w.org\/{rel}","templated":true}]}}