{"id":1639,"date":"2020-11-04T18:22:11","date_gmt":"2020-11-04T15:22:11","guid":{"rendered":"http:\/\/mersinekonomipolitikagazetesi.com\/?p=1639"},"modified":"2020-11-04T18:22:11","modified_gmt":"2020-11-04T15:22:11","slug":"sporcu-engelli-cocuklara-yardim-etkinligi","status":"publish","type":"post","link":"https:\/\/akdenizolaygazetesi.com\/?p=1639","title":{"rendered":"SPORCU ENGELL\u0130 \u00c7OCUKLARA YARDIM ETK\u0130NL\u0130\u011e\u0130"},"content":{"rendered":"<p>\u00d6zel \u0130zem \u00d6zel Sporcular Spor Kul\u00fcb\u00fc Derne\u011fi taraf\u0131ndan d\u00fczenlenecek olan etkinli\u011fin sporcu down sendromu, otizm, mental ve sp \u00e7ocuklara kaliteli ve nezih bir ortamda \u00e7al\u0131\u015fmalar\u0131 konusunda yard\u0131mda bulunmak ad\u0131na yap\u0131ld\u0131\u011f\u0131 belirtildi.<\/p>\n<blockquote type=\"cite\">\n<blockquote type=\"cite\">\n<div dir=\"ltr\">\n<p><span style=\"font-size:16px;\">\u00d6zel \u0130zem \u00d6zel Sporcular Spor Kul\u00fcb\u00fc Derne\u011fi,\u00a0\u00a0&#8220;Sevgi ile beslendik, spor ile g\u00fc\u00e7lendik\u201d slogan\u0131 alt\u0131nda 8 nisan pazar g\u00fcn\u00fc etkinlik yapacak.<\/span><\/p>\n<p>\u00a0<\/p>\n<p><span style=\"font-size:16px;\">Yap\u0131lacak etkinlikte sporcu down sendromu, otizm, mental ve sp \u00e7ocuklara kaliteli ve nezih bir ortamda \u00e7al\u0131\u015fmalar\u0131n\u0131 yapabilmeleri i\u00e7in, gelir d\u00fczeyi d\u00fc\u015f\u00fck olan engelli \u00e7ocuklara da yararl\u0131 olabilmek ama\u00e7lan\u0131yor.<\/span><\/p>\n<p>\u00a0<\/p>\n<p><span style=\"font-size:16px;\">Spor Kul\u00fcb\u00fc Derne\u011fi\u2019nin ald\u0131klar\u0131 motivasyonun engelli \u00e7ocuklar\u0131n sporda ald\u0131klar\u0131 ba\u015far\u0131lardan kaynakland\u0131\u011f\u0131 belirtilereketkinlik davetiyesinde ise \u015fu c\u00fcmleler yer ald\u0131: \u201cSize de\u011fer verdik. G\u00fczel bir ortamda. Kaliteli m\u00fczik e\u015fli\u011finde . Beraber olmak istiyoruz.\u201d<\/span><\/p>\n<\/div>\n<\/blockquote>\n<\/blockquote>\n","protected":false},"excerpt":{"rendered":"<p>\u00d6zel \u0130zem \u00d6zel Sporcular Spor Kul\u00fcb\u00fc Derne\u011fi taraf\u0131ndan d\u00fczenlenecek olan etkinli\u011fin sporcu down sendromu, otizm, mental ve sp \u00e7ocuklara kaliteli ve nezih bir ortamda \u00e7al\u0131\u015fmalar\u0131 konusunda yard\u0131mda bulunmak ad\u0131na yap\u0131ld\u0131\u011f\u0131 &hellip; <a href=\"https:\/\/akdenizolaygazetesi.com\/?p=1639\" class=\"more-link\">Devam\u0131n\u0131 Oku&#8230;<\/a><\/p>\n","protected":false},"author":1,"featured_media":0,"comment_status":"open","ping_status":"open","sticky":false,"template":"","format":"standard","meta":[],"categories":[],"tags":[],"_links":{"self":[{"href":"https:\/\/akdenizolaygazetesi.com\/index.php?rest_route=\/wp\/v2\/posts\/1639"}],"collection":[{"href":"https:\/\/akdenizolaygazetesi.com\/index.php?rest_route=\/wp\/v2\/posts"}],"about":[{"href":"https:\/\/akdenizolaygazetesi.com\/index.php?rest_route=\/wp\/v2\/types\/post"}],"author":[{"embeddable":true,"href":"https:\/\/akdenizolaygazetesi.com\/index.php?rest_route=\/wp\/v2\/users\/1"}],"replies":[{"embeddable":true,"href":"https:\/\/akdenizolaygazetesi.com\/index.php?rest_route=%2Fwp%2Fv2%2Fcomments&post=1639"}],"version-history":[{"count":0,"href":"https:\/\/akdenizolaygazetesi.com\/index.php?rest_route=\/wp\/v2\/posts\/1639\/revisions"}],"wp:attachment":[{"href":"https:\/\/akdenizolaygazetesi.com\/index.php?rest_route=%2Fwp%2Fv2%2Fmedia&parent=1639"}],"wp:term":[{"taxonomy":"category","embeddable":true,"href":"https:\/\/akdenizolaygazetesi.com\/index.php?rest_route=%2Fwp%2Fv2%2Fcategories&post=1639"},{"taxonomy":"post_tag","embeddable":true,"href":"https:\/\/akdenizolaygazetesi.com\/index.php?rest_route=%2Fwp%2Fv2%2Ftags&post=1639"}],"curies":[{"name":"wp","href":"https:\/\/api.w.org\/{rel}","templated":true}]}}