{"id":1640,"date":"2020-11-04T18:22:11","date_gmt":"2020-11-04T15:22:11","guid":{"rendered":"http:\/\/mersinekonomipolitikagazetesi.com\/?p=1640"},"modified":"2020-11-04T18:22:11","modified_gmt":"2020-11-04T15:22:11","slug":"hacizli-geminin-karaya-vurma-korkusu","status":"publish","type":"post","link":"https:\/\/akdenizolaygazetesi.com\/?p=1640","title":{"rendered":"Hacizli Geminin Karaya Vurma Korkusu!"},"content":{"rendered":"<p>Mersin Liman\u0131\u2019ndan \u00e7\u0131k\u0131p Mersin Deniz Feneri a\u00e7\u0131klar\u0131nda bekleyen hacizli geminin karaya vurarak \u00e7evre felaketine neden olabilece\u011fi belirtildi.<\/p>\n<div>\n<div>\n<div>\n<div>\n<div>\n<div>\n<div>\n<div>\n<div>\n<div>\n<div>\n<div id=\":4\">\n<div id=\":2\">\n<div>\n<div role=\"main\">\n<table cellpadding=\"0\" role=\"presentation\" style=\"width:956px;\">\n<tbody>\n<tr>\n<td>\n<div>\n<div>\n<div>\n<div role=\"list\">\n<div role=\"listitem\" style=\"clear:both;\" tabindex=\"-1\">\n<div>\n<div>\n<div id=\":12n\">\n<div data-legacy-message-id=\"16272708b6806ffd\" data-message-id=\"16272708b6806ffd\">\n<div style=\"margin-left:44px;\">\n<div id=\":13u\">\n<div id=\":17r\">\n<div dir=\"ltr\">\n<div>\n<div>\n<div>\n<div dir=\"auto\">\n<div>\n<blockquote type=\"cite\">\n<div dir=\"ltr\" id=\"m_2851726845550895954m_1989436115552666571divtagdefaultwrapper\">\n<blockquote type=\"cite\">\n<div dir=\"ltr\" id=\"m_2851726845550895954m_1989436115552666571divtagdefaultwrapper\">\n<p><span style=\"font-size:16px;\">120 metre uzunlu\u011funda olan Warden isimli gemi ge\u00e7ti\u011fimiz aylarda Brezilya\u2019dan canl\u0131 hayvan y\u00fck\u00fc getirip Mersin Liman\u0131\u2019nda bo\u015faltm\u0131\u015ft\u0131.\u00a0<\/span><\/p>\n<\/p><\/div>\n<\/blockquote>\n<p>\t\t\t<span style=\"font-size:16px;\">Y\u00fck\u00fcn\u00fc bo\u015faltmas\u0131n\u0131n ard\u0131ndan limandan \u00e7\u0131kan gemi verilen bilgiye g\u00f6re armat\u00f6r\u00fcn\u00fcn 8.5 milyon dolar borcu y\u00fcz\u00fcnden haciz i\u015flemi ba\u015flat\u0131ld\u0131.<\/span><\/p>\n<div><span style=\"font-size:16px;\">Durdurulan gemi haciz nedeniyle uluslararas\u0131 ta\u015f\u0131mac\u0131l\u0131ktan men edilerek yediemine teslim edildi.<\/span><\/p>\n<blockquote type=\"cite\">\n<div dir=\"ltr\" id=\"m_2851726845550895954m_1989436115552666571divtagdefaultwrapper\">\n<p><span style=\"font-size:16px;\">Hacizli geminin karaya vurmas\u0131 halinde ambarda bulunan 20 santim b\u00fcy\u00fckl\u00fc\u011f\u00fcndeki cardonlar\u0131n\u00a0sorun yarataca\u011f\u0131, bunlar\u0131n\u00a0her ge\u00e7en g\u00fcn\u00a0\u00e7o\u011fald\u0131\u011f\u0131 ve bu nedenle\u00a0\u00a0ila\u00e7lamalar\u0131n da yap\u0131ld\u0131\u011f\u0131 belirtildi.<\/span><\/p>\n<\/p><\/div>\n<\/blockquote>\n<blockquote type=\"cite\">\n<div dir=\"ltr\" id=\"m_2851726845550895954m_1989436115552666571divtagdefaultwrapper\">\n<p><span style=\"font-size:16px;\">Ula\u015ft\u0131rma Denizcilik ve Haberle\u015fme Bakanl\u0131\u011f\u0131\u2019n\u0131n Mersin Valili\u011fi\u2019ne verdi\u011fi raporda hacizli ve seferden men edilen L\u00fcbnan band\u0131ral\u0131 canl\u0131 hayvan y\u00fck gemisi Warden\u00a0\u015fu anda Mersin Deniz Feneri a\u00e7\u0131klar\u0131nda demirli tutuluyor. Ge\u00e7ti\u011fimiz g\u00fcn \u00e7\u0131kan f\u0131rt\u0131nada bo\u015f olan Canl\u0131 hayvan ta\u015f\u0131yan hacizli geminin karaya do\u011fru 200 metre s\u00fcr\u00fcklenerek yakla\u015ft\u0131\u011f\u0131 iddia edildi.<\/span><\/p>\n<\/p><\/div>\n<\/blockquote><\/div>\n<\/p><\/div>\n<\/blockquote>\n<div>\n<div dir=\"ltr\">\n<div>\n<blockquote type=\"cite\">\n<div dir=\"ltr\">\n<p>\u00a0<\/p>\n<\/p><\/div>\n<\/blockquote><\/div>\n<\/p><\/div>\n<\/p><\/div>\n<\/p><\/div>\n<\/p><\/div>\n<\/p><\/div>\n<\/p><\/div>\n<\/p><\/div>\n<\/p><\/div>\n<\/p><\/div>\n<\/p><\/div>\n<\/p><\/div>\n<\/p><\/div>\n<\/p><\/div>\n<\/p><\/div>\n<\/p><\/div>\n<\/p><\/div>\n<\/p><\/div>\n<\/p><\/div>\n<\/p><\/div>\n<\/p><\/div>\n<\/td>\n<\/tr>\n<\/tbody>\n<\/table>\n<div style=\"clear:both;\">\u00a0<\/div>\n<\/div>\n<\/div>\n<\/div>\n<\/div>\n<\/div>\n<\/div>\n<\/div>\n<\/div>\n<\/div>\n<\/div>\n<\/div>\n<\/div>\n<\/div>\n<\/div>\n<\/div>\n","protected":false},"excerpt":{"rendered":"<p>Mersin Liman\u0131\u2019ndan \u00e7\u0131k\u0131p Mersin Deniz Feneri a\u00e7\u0131klar\u0131nda bekleyen hacizli geminin karaya vurarak \u00e7evre felaketine neden olabilece\u011fi belirtildi. 120 metre uzunlu\u011funda olan Warden isimli gemi ge\u00e7ti\u011fimiz aylarda Brezilya\u2019dan canl\u0131 hayvan y\u00fck\u00fc &hellip; <a href=\"https:\/\/akdenizolaygazetesi.com\/?p=1640\" class=\"more-link\">Devam\u0131n\u0131 Oku&#8230;<\/a><\/p>\n","protected":false},"author":1,"featured_media":0,"comment_status":"open","ping_status":"open","sticky":false,"template":"","format":"standard","meta":[],"categories":[],"tags":[],"_links":{"self":[{"href":"https:\/\/akdenizolaygazetesi.com\/index.php?rest_route=\/wp\/v2\/posts\/1640"}],"collection":[{"href":"https:\/\/akdenizolaygazetesi.com\/index.php?rest_route=\/wp\/v2\/posts"}],"about":[{"href":"https:\/\/akdenizolaygazetesi.com\/index.php?rest_route=\/wp\/v2\/types\/post"}],"author":[{"embeddable":true,"href":"https:\/\/akdenizolaygazetesi.com\/index.php?rest_route=\/wp\/v2\/users\/1"}],"replies":[{"embeddable":true,"href":"https:\/\/akdenizolaygazetesi.com\/index.php?rest_route=%2Fwp%2Fv2%2Fcomments&post=1640"}],"version-history":[{"count":0,"href":"https:\/\/akdenizolaygazetesi.com\/index.php?rest_route=\/wp\/v2\/posts\/1640\/revisions"}],"wp:attachment":[{"href":"https:\/\/akdenizolaygazetesi.com\/index.php?rest_route=%2Fwp%2Fv2%2Fmedia&parent=1640"}],"wp:term":[{"taxonomy":"category","embeddable":true,"href":"https:\/\/akdenizolaygazetesi.com\/index.php?rest_route=%2Fwp%2Fv2%2Fcategories&post=1640"},{"taxonomy":"post_tag","embeddable":true,"href":"https:\/\/akdenizolaygazetesi.com\/index.php?rest_route=%2Fwp%2Fv2%2Ftags&post=1640"}],"curies":[{"name":"wp","href":"https:\/\/api.w.org\/{rel}","templated":true}]}}