{"id":16408,"date":"2022-02-02T12:40:27","date_gmt":"2022-02-02T09:40:27","guid":{"rendered":"http:\/\/akdenizolaygazetesi.com\/?p=16408"},"modified":"2022-02-02T12:40:27","modified_gmt":"2022-02-02T09:40:27","slug":"buyuksehirin-egitimde-firsat-esitligi-icin-calismalari-suruyor","status":"publish","type":"post","link":"https:\/\/akdenizolaygazetesi.com\/?p=16408","title":{"rendered":"B\u00dcY\u00dcK\u015eEH\u0130R&#8217;\u0130N E\u011e\u0130T\u0130MDE FIRSAT E\u015e\u0130TL\u0130\u011e\u0130 \u0130\u00c7\u0130N \u00c7ALI\u015eMALARI S\u00dcR\u00dcYOR"},"content":{"rendered":"<p>Mersin B\u00fcy\u00fck\u015fehir Belediyesi, Ba\u015fkan Vahap Se\u00e7er&#8217;in \u00f6ncelik verdi\u011fi e\u011fitim konusunda; sorumluluk alan\u0131ndaki her b\u00f6lgeye, kaliteli ve modern e\u011fitim yuvalar\u0131 kazand\u0131rmaya devam ediyor. B\u00fcy\u00fck\u015fehir Belediyesi; e\u011fitimde f\u0131rsat e\u015fitli\u011fi yaratmak ve \u00f6zellikle dezavantajl\u0131 b\u00f6lgelerde bulunan \u00f6\u011frencilerin e\u011fitim alan\u0131nda hedeflerine ula\u015fmalar\u0131na yard\u0131mc\u0131 olabilmek i\u00e7in kaliteli e\u011fitim kadrosu ve et\u00fct merkezlerini \u00f6\u011frencilerin ayaklar\u0131na kadar g\u00f6t\u00fcr\u00fcyor.<\/p>\n<p>Yurt binas\u0131 modern bir e\u011fitim merkezine \u00e7evrildi<\/p>\n<p>B\u00fcy\u00fck\u015fehir Belediyesi b\u00fcnyesinde pilot uygulama olarak iki y\u0131l \u00f6nce ilk kez a\u00e7\u0131lan ve pandemi ko\u015fullar\u0131 nedeniyle \u00f6nce uzaktan e\u011fitimle Liselere Giri\u015f S\u0131nav\u0131&#8217;na (LGS)  girecek \u00f6\u011frenciler i\u00e7in hizmet veren Yenice Kurs Merkezi modern bir yap\u0131ya kavu\u015ftu.<\/p>\n<p>Baybo\u011fan E\u011fitim Vakf\u0131 ve \u00c7a\u011f \u00dcniversitesi Kurucusu merhum Ya\u015far Baybo\u011fan ad\u0131na yapt\u0131r\u0131lan, d\u00f6nemin Yenice Belediyesi&#8217;ne tahsis edilen ve daha sonra B\u00fcy\u00fck\u015fehir Belediyesi&#8217;ne ge\u00e7en yurt binas\u0131, tamamen elden ge\u00e7irilerek &#8220;Ya\u015far Baybo\u011fan E\u011fitim Merkezi&#8221;ne \u00e7evrildi. \u00d6\u011frencilerin rahat bir ortamda e\u011fitim alabilmeleri i\u00e7in olu\u015fturulan e\u011fitim merkezinden sadece 8. s\u0131n\u0131f \u00f6\u011frencileri de\u011fil, e\u011fitim hayatlar\u0131na destek olunabilmesi i\u00e7in 5, 6 ve 7. s\u0131n\u0131f \u00f6\u011frencileri de faydalan\u0131yor. Zemin art\u0131 3 kattan olu\u015fan ve t\u00fcm katlar\u0131 tamamen yenilenen e\u011fitim merkezi, b\u00fcy\u00fckl\u00fc\u011f\u00fc ve \u00e7ok kullan\u0131\u015fl\u0131 s\u0131n\u0131flar\u0131yla dikkat \u00e7ekiyor.<br \/>\nYenice merkez ve \u00e7evresinde bulunan yakla\u015f\u0131k 20&#8217;ye yak\u0131n yerle\u015fim yerinden 100&#8217;e yak\u0131n \u00f6\u011frencinin et\u00fct alabildi\u011fi merkezde her bran\u015ftan \u00f6\u011fretmen bulunuyor. Dezavantajl\u0131 mahallelerde ya\u015fayan, \u00f6zellikle et\u00fct \u00e7al\u0131\u015fmalar\u0131 konusunda k\u0131s\u0131tl\u0131 imk\u00e2n\u0131 bulunan \u00f6\u011frencilere destek olmak ve \u00f6zellikle kent merkezine gidi\u015f-geli\u015flerde ortaya \u00e7\u0131kacak zahmeti ve k\u00fclfeti ortadan kald\u0131rmak i\u00e7in hayata ge\u00e7irilen \u00e7al\u0131\u015fmadan \u00f6\u011frenciler olduk\u00e7a memnun. Merkezde farkl\u0131 alanlarda kad\u0131nlar ve \u00e7ocuklar i\u00e7in de \u00e7e\u015fitli \u00e7al\u0131\u015fmalar ger\u00e7ekle\u015ftirilmesi planlan\u0131yor.<\/p>\n<p>&#8220;5, 6 ve 7. s\u0131n\u0131f \u00f6\u011frencilerine de destek kurslar\u0131 veriyoruz&#8221;<\/p>\n<p>B\u00fcy\u00fck\u015fehir Belediyesi Yenice Kurs Merkezi Sorumlusu Okan Aslan, &#8220;Hem Yenice&#8217;de ya\u015fayan halk\u0131m\u0131z, hem de \u00e7evre mahallelerde ya\u015fayan halk\u0131m\u0131z kursumuzdan \u00fccretsiz olarak faydalanacak. \u015eu anda 8. s\u0131n\u0131fa giden ve LGS s\u0131nav\u0131na haz\u0131rlanan \u00f6\u011frencilerimiz kursumuzdan hizmet al\u0131yor. Bunun yan\u0131nda 5, 6 ve 7. s\u0131n\u0131f \u00f6\u011frencilerine de destek kurslar\u0131 veriyoruz&#8221; dedi.<\/p>\n<p>&#8220;Eskiden notlar\u0131m\u0131z \u00e7ok k\u00f6t\u00fcyd\u00fc&#8221;<\/p>\n<p>Merkezde g\u00f6rd\u00fc\u011f\u00fc e\u011fitimle notlar\u0131n\u0131n h\u0131zla d\u00fczeldi\u011fini s\u00f6yleyen \u00f6\u011frenci Mehmet Can \u00d6zt\u00fcrk, &#8220;Buras\u0131 \u00e7ok g\u00fczel bir yer. Bizim eskiden notlar\u0131m\u0131z \u00e7ok k\u00f6t\u00fcyd\u00fc. Fazla ders \u00e7al\u0131\u015fam\u0131yorduk. Buraya ilk a\u00e7\u0131ld\u0131\u011f\u0131nda geldim. \u00c7ok e\u011flenceli bir yer oldu\u011funu \u00f6\u011frendim. S\u00fcrekli gelmeye ba\u015flad\u0131m. \u00d6\u011fretmenlerim dersleri \u00e7ok e\u011flenceli anlat\u0131yorlar&#8221; dedi.<\/p>\n<p>&#8220;Evde sessiz ortam olmad\u0131\u011f\u0131 i\u00e7in ben buraya geliyorum&#8221;<\/p>\n<p>\u00d6\u011frencilerden Kerem \u015eekero\u011flu, merkezin a\u00e7\u0131lmas\u0131n\u0131n kendileri a\u00e7\u0131s\u0131ndan olduk\u00e7a \u00f6nemli oldu\u011funu belirterek, &#8220;Evde sessiz ortam olmad\u0131\u011f\u0131 i\u00e7in buraya geliyorum. Burada test \u00e7\u00f6z\u00fcyorum. Normalde burada b\u00f6yle bir \u015fey yoktu. Buras\u0131 a\u00e7\u0131ld\u0131\u011f\u0131 i\u00e7in Vahap Se\u00e7er&#8217;e te\u015fekk\u00fcr ediyoruz. Herkes i\u00e7in iyi olaca\u011f\u0131n\u0131 d\u00fc\u015f\u00fcn\u00fcyorum&#8221; diye konu\u015ftu.<\/p>\n<p>Okuldan eve gitti\u011fi zaman konular\u0131 tekrar edemedi\u011fini, merkezin a\u00e7\u0131lmas\u0131yla bu s\u0131k\u0131nt\u0131lar\u0131n\u0131n da son buldu\u011funu ifade eden Akasya \u00dcnalan ise &#8220;Buran\u0131n a\u00e7\u0131lmas\u0131 \u00f6\u011frendiklerimizi tekrar etmemiz a\u00e7\u0131s\u0131ndan iyi oldu. LGS&#8217;ye girdi\u011fimiz zaman en az\u0131ndan konular\u0131 unutmayaca\u011f\u0131z. Polislik istiyorum, \u00e7al\u0131\u015fmazsam gidemeyece\u011fimi de biliyorum. Buras\u0131 a\u00e7\u0131ld\u0131\u011f\u0131 i\u00e7in elime \u00e7al\u0131\u015fma f\u0131rsat ge\u00e7ti&#8221; dedi.<\/p>\n<p>&#8220;Ailemin g\u00fcvendi\u011fi bir yer&#8221;<\/p>\n<p>5. s\u0131n\u0131fa giden Toygar Sat\u0131r ise merkezin ula\u015f\u0131m\u0131n\u0131n kolay olmas\u0131n\u0131n ayr\u0131ca avantaj oldu\u011funu vurgulayarak, &#8220;Ula\u015f\u0131m\u0131 \u00e7ok kolay. Ailemin g\u00fcvendi\u011fi bir yer. Hem \u00f6\u011fretmenlerim hem de m\u00fcd\u00fcr\u00fcm; ders konusunda, \u00f6devlerimizde bize \u00e7ok yard\u0131mc\u0131 oluyorlar. G\u00fczel bir kurum, bizleri gelece\u011fe ta\u015f\u0131yacak bir kurum&#8221; diye konu\u015ftu.<\/p>\n<p>Tarsus&#8217;a ba\u011fl\u0131 Karg\u0131l\u0131 Mahallesi&#8217;nden kursa kat\u0131lan Mustafa Ali \u00c7akmak, Ba\u015fkan Se\u00e7er&#8217;e te\u015fekk\u00fcrlerini ileterek, &#8220;\u00c7ok te\u015fekk\u00fcr ederiz, bize b\u00f6yle bir imk\u00e2n\u0131 sa\u011flad\u0131\u011f\u0131 i\u00e7in. Hedefim astsubayl\u0131k, buraya gelerek hedefime ula\u015faca\u011f\u0131ma inan\u0131yorum&#8221; dedi.<\/p>\n","protected":false},"excerpt":{"rendered":"<p>Mersin B\u00fcy\u00fck\u015fehir Belediyesi, Ba\u015fkan Vahap Se\u00e7er&#8217;in \u00f6ncelik verdi\u011fi e\u011fitim konusunda; sorumluluk alan\u0131ndaki her b\u00f6lgeye, kaliteli ve modern e\u011fitim yuvalar\u0131 kazand\u0131rmaya devam ediyor. B\u00fcy\u00fck\u015fehir Belediyesi; e\u011fitimde f\u0131rsat e\u015fitli\u011fi yaratmak ve \u00f6zellikle &hellip; <a href=\"https:\/\/akdenizolaygazetesi.com\/?p=16408\" class=\"more-link\">Devam\u0131n\u0131 Oku&#8230;<\/a><\/p>\n","protected":false},"author":2,"featured_media":16409,"comment_status":"open","ping_status":"open","sticky":false,"template":"","format":"standard","meta":[],"categories":[1,2,3],"tags":[],"_links":{"self":[{"href":"https:\/\/akdenizolaygazetesi.com\/index.php?rest_route=\/wp\/v2\/posts\/16408"}],"collection":[{"href":"https:\/\/akdenizolaygazetesi.com\/index.php?rest_route=\/wp\/v2\/posts"}],"about":[{"href":"https:\/\/akdenizolaygazetesi.com\/index.php?rest_route=\/wp\/v2\/types\/post"}],"author":[{"embeddable":true,"href":"https:\/\/akdenizolaygazetesi.com\/index.php?rest_route=\/wp\/v2\/users\/2"}],"replies":[{"embeddable":true,"href":"https:\/\/akdenizolaygazetesi.com\/index.php?rest_route=%2Fwp%2Fv2%2Fcomments&post=16408"}],"version-history":[{"count":1,"href":"https:\/\/akdenizolaygazetesi.com\/index.php?rest_route=\/wp\/v2\/posts\/16408\/revisions"}],"predecessor-version":[{"id":16410,"href":"https:\/\/akdenizolaygazetesi.com\/index.php?rest_route=\/wp\/v2\/posts\/16408\/revisions\/16410"}],"wp:featuredmedia":[{"embeddable":true,"href":"https:\/\/akdenizolaygazetesi.com\/index.php?rest_route=\/wp\/v2\/media\/16409"}],"wp:attachment":[{"href":"https:\/\/akdenizolaygazetesi.com\/index.php?rest_route=%2Fwp%2Fv2%2Fmedia&parent=16408"}],"wp:term":[{"taxonomy":"category","embeddable":true,"href":"https:\/\/akdenizolaygazetesi.com\/index.php?rest_route=%2Fwp%2Fv2%2Fcategories&post=16408"},{"taxonomy":"post_tag","embeddable":true,"href":"https:\/\/akdenizolaygazetesi.com\/index.php?rest_route=%2Fwp%2Fv2%2Ftags&post=16408"}],"curies":[{"name":"wp","href":"https:\/\/api.w.org\/{rel}","templated":true}]}}