{"id":16411,"date":"2022-02-02T12:42:03","date_gmt":"2022-02-02T09:42:03","guid":{"rendered":"http:\/\/akdenizolaygazetesi.com\/?p=16411"},"modified":"2022-02-02T12:42:03","modified_gmt":"2022-02-02T09:42:03","slug":"sehir-tiyatrosu-ben-mimar-sinan-oyununun-promiyerini-yapacak","status":"publish","type":"post","link":"https:\/\/akdenizolaygazetesi.com\/?p=16411","title":{"rendered":"\u015eEH\u0130R T\u0130YATROSU &#8220;BEN M\u0130MAR S\u0130NAN&#8221; OYUNUNUN PR\u00d6M\u0130YER\u0130N\u0130 YAPACAK"},"content":{"rendered":"<p>Mersin B\u00fcy\u00fck\u015fehir Belediyesi K\u00fclt\u00fcr ve Sosyal \u0130\u015fler Dairesi&#8217;ne ba\u011fl\u0131 \u015eehir Tiyatrosu, \u015eubat ay\u0131nda da birbirinden g\u00fczel oyunlarla perdelerini a\u00e7maya devam ediyor. \u015eehir Tiyatrosu ekibi, 8 farkl\u0131 oyunla seyircisiyle bulu\u015facak. \u015eehir Tiyatrosu, &#8220;Ben Mimar Sinan&#8221; oyununun da pr\u00f6miyerini yapacak.<br \/>\n\u015eehir Tiyatrosu, 8 ayr\u0131 oyunla sanatseverlerle bulu\u015facak<br \/>\nMersin B\u00fcy\u00fck\u015fehir Belediye Ba\u015fkan\u0131 Vahap Se\u00e7er \u00f6nc\u00fcl\u00fc\u011f\u00fcnde yeniden yap\u0131land\u0131r\u0131lan ve kadrolar\u0131 g\u00fc\u00e7lendirilen \u015eehir Tiyatrosu, perdelerini a\u00e7t\u0131\u011f\u0131 Kas\u0131m 2021&#8217;den bu yana kent genelinde vatanda\u015flar\u0131n yo\u011fun ilgisiyle kar\u015f\u0131land\u0131. Bug\u00fcne kadar binlerce seyirciyle bulu\u015fan \u015eehir Tiyatrosu, hem yeti\u015fkinler hem de \u00e7ocuklar i\u00e7in birbirinden g\u00fczel oyunlarla temsillerine \u015eubat ay\u0131nda da devam edecek.<br \/>\n\u015eehir Tiyatrosu oyuncular\u0131, &#8220;Ben Mimar Sinan&#8221; oyununun pr\u00f6miyerini 22 \u015eubat&#8217;ta Mersin B\u00fcy\u00fck\u015fehir Belediyesi Nevit Kodall\u0131 Oda Tiyatrosu&#8217;nda yapacak. Tiyatro oyuncular\u0131 8 ayr\u0131 oyunla  hem kent merkezinde hem de turne kapsam\u0131nda gidecekleri il\u00e7elerde Mersinli sanatseverlerle bulu\u015facak. Ayr\u0131ca K\u0131r\u015fehir \u015eehir Tiyatrosu &#8220;9 Canl\u0131&#8221; oyununu 25 \u015eubat&#8217;ta Kongre Merkezi&#8217;nde sergileyecek.<br \/>\n\u015eehir Tiyatrosu&#8217;nun \u015eubat ay\u0131 program\u0131 \u015f\u00f6yle:<br \/>\nHalktan Biri\/ Yer: Mersin B\u00fcy\u00fck\u015fehir Belediyesi Nevit Kodall\u0131 Oda Tiyatrosu Tarih: 2 \u015eubat \u00c7ar\u015famba Saat: 20.00<br \/>\nG\u00f6kku\u015fa\u011f\u0131n\u0131n Alt\u0131nda\/\u00c7ocuk Oyunu\/ Yer: Mersin B\u00fcy\u00fck\u015fehir Belediyesi Kongre Merkezi Tarih: 2 \u015eubat \u00c7ar\u015famba Saat: 12.00<br \/>\nBuzlar \u00c7\u00f6z\u00fclmeden\/ Yer: Mersin B\u00fcy\u00fck\u015fehir Belediyesi Kongre Merkezi Tarih: 4 \u015eubat Cuma Saat. 20.00<br \/>\nVah\u015fet Tanr\u0131s\u0131\/ Yer: Mersin B\u00fcy\u00fck\u015fehir Belediyesi Nevit Kodall\u0131 Oda Tiyatrosu Tarih: 8 \u015eubat Sal\u0131 Saat: 20.00<br \/>\nVah\u015fet Tanr\u0131s\u0131\/ Yer: Mersin B\u00fcy\u00fck\u015fehir Belediyesi Nevit Kodall\u0131 Oda Tiyatrosu Tarih: 9 \u015eubat \u00c7ar\u015famba Saat: 20.00<br \/>\nMatru\u015fka\/ Yer: Mezitli Belediyesi K\u00fclt\u00fcr Merkezi Tarih: 10 \u015eubat Per\u015fembe Saat: 20.00<br \/>\nG\u00f6kku\u015fa\u011f\u0131n\u0131n Alt\u0131nda\/\u00c7ocuk Oyunu\/ Yer: Mersin B\u00fcy\u00fck\u015fehir Belediyesi Kongre Merkezi Tarih: 13 \u015eubat Pazar Saat: 14.00<br \/>\nVah\u015fet Tanr\u0131s\u0131\/ Yer: Mersin B\u00fcy\u00fck\u015fehir Belediyesi Nevit Kodall\u0131 Oda Tiyatrosu Tarih: 15 \u015eubat Sal\u0131 Saat: 20.00<br \/>\nVah\u015fet Tanr\u0131s\u0131\/ Yer: Mersin B\u00fcy\u00fck\u015fehir Belediyesi Nevit Kodall\u0131 Oda Tiyatrosu Tarih: 16 \u015eubat \u00c7ar\u015famba Saat: 20.00<br \/>\nMatru\u015fka\/ Yer: Mezitli Belediyesi K\u00fclt\u00fcr Merkezi Tarih: 17 \u015eubat Per\u015fembe Saat: 20.00<br \/>\nBuzlar \u00c7\u00f6z\u00fclmeden\/ Yer: Mersin B\u00fcy\u00fck\u015fehir Belediyesi Kongre Merkezi Tarih: 18 \u015eubat Cuma Saat: 20.00<br \/>\nBen Mimar Sinan (Pr\u00f6miyer)\/ Yer: Mersin B\u00fcy\u00fck\u015fehir Belediyesi Nevit Kodall\u0131 Oda Tiyatrosu Tarih: 22 \u015eubat Sal\u0131 Saat: 20.00<br \/>\nBen Mimar Sinan\/ Yer: Mersin B\u00fcy\u00fck\u015fehir Belediyesi Nevit Kodall\u0131 Oda Tiyatrosu Tarih: 23 \u015eubat \u00c7ar\u015famba Saat: 20.00<br \/>\n\u00d6l\u00fcm\u00fc Ard\u0131nda Gezdirenler\/ Yer: Mezitli Belediyesi K\u00fclt\u00fcr Merkezi Tarih: 24 \u015eubat Per\u015fembe Saat: 20.00<br \/>\n9 Canl\u0131-K\u0131r\u015fehir \u015eehir Tiyatrosu\/ Yer: Mersin B\u00fcy\u00fck\u015fehir Belediyesi Kongre Merkezi Tarih: 25 \u015eubat Cuma Saat: 20.00<br \/>\nG\u00f6kku\u015fa\u011f\u0131n\u0131n Alt\u0131nda\/\u00c7ocuk Oyunu\/ Yer: Mersin B\u00fcy\u00fck\u015fehir Belediyesi Kongre Merkezi Tarih: 27 \u015eubat Pazar Saat: 14.00<br \/>\n\u015eehir Tiyatrosu&#8217;nun turne program\u0131 ise \u015f\u00f6yle;<br \/>\nMatru\u015fka\/ Yer: Tarsus Amerikan Koleji Tarih: 3 \u015eubat Per\u015fembe Saat: 20.00<br \/>\n\u00d6l\u00fcm\u00fc Ard\u0131nda Gezdirenler\/ Yer: Seyhan-Seyhan Belediyesi K\u00fclt\u00fcr Merkezi Tarih: 25 \u015eubat Cuma Saat: 20.00<\/p>\n","protected":false},"excerpt":{"rendered":"<p>Mersin B\u00fcy\u00fck\u015fehir Belediyesi K\u00fclt\u00fcr ve Sosyal \u0130\u015fler Dairesi&#8217;ne ba\u011fl\u0131 \u015eehir Tiyatrosu, \u015eubat ay\u0131nda da birbirinden g\u00fczel oyunlarla perdelerini a\u00e7maya devam ediyor. \u015eehir Tiyatrosu ekibi, 8 farkl\u0131 oyunla seyircisiyle bulu\u015facak. \u015eehir &hellip; <a href=\"https:\/\/akdenizolaygazetesi.com\/?p=16411\" class=\"more-link\">Devam\u0131n\u0131 Oku&#8230;<\/a><\/p>\n","protected":false},"author":2,"featured_media":16412,"comment_status":"open","ping_status":"open","sticky":false,"template":"","format":"standard","meta":[],"categories":[2,3,5],"tags":[],"_links":{"self":[{"href":"https:\/\/akdenizolaygazetesi.com\/index.php?rest_route=\/wp\/v2\/posts\/16411"}],"collection":[{"href":"https:\/\/akdenizolaygazetesi.com\/index.php?rest_route=\/wp\/v2\/posts"}],"about":[{"href":"https:\/\/akdenizolaygazetesi.com\/index.php?rest_route=\/wp\/v2\/types\/post"}],"author":[{"embeddable":true,"href":"https:\/\/akdenizolaygazetesi.com\/index.php?rest_route=\/wp\/v2\/users\/2"}],"replies":[{"embeddable":true,"href":"https:\/\/akdenizolaygazetesi.com\/index.php?rest_route=%2Fwp%2Fv2%2Fcomments&post=16411"}],"version-history":[{"count":1,"href":"https:\/\/akdenizolaygazetesi.com\/index.php?rest_route=\/wp\/v2\/posts\/16411\/revisions"}],"predecessor-version":[{"id":16413,"href":"https:\/\/akdenizolaygazetesi.com\/index.php?rest_route=\/wp\/v2\/posts\/16411\/revisions\/16413"}],"wp:featuredmedia":[{"embeddable":true,"href":"https:\/\/akdenizolaygazetesi.com\/index.php?rest_route=\/wp\/v2\/media\/16412"}],"wp:attachment":[{"href":"https:\/\/akdenizolaygazetesi.com\/index.php?rest_route=%2Fwp%2Fv2%2Fmedia&parent=16411"}],"wp:term":[{"taxonomy":"category","embeddable":true,"href":"https:\/\/akdenizolaygazetesi.com\/index.php?rest_route=%2Fwp%2Fv2%2Fcategories&post=16411"},{"taxonomy":"post_tag","embeddable":true,"href":"https:\/\/akdenizolaygazetesi.com\/index.php?rest_route=%2Fwp%2Fv2%2Ftags&post=16411"}],"curies":[{"name":"wp","href":"https:\/\/api.w.org\/{rel}","templated":true}]}}