{"id":16429,"date":"2022-02-03T13:25:45","date_gmt":"2022-02-03T10:25:45","guid":{"rendered":"http:\/\/akdenizolaygazetesi.com\/?p=16429"},"modified":"2022-02-03T13:25:45","modified_gmt":"2022-02-03T10:25:45","slug":"baskan-yilmaz-toroslarimizin-yaylalarinda-yoruk-cadirlarinin-dumani-ilelebet-tutecek","status":"publish","type":"post","link":"https:\/\/akdenizolaygazetesi.com\/?p=16429","title":{"rendered":"Ba\u015fkan Y\u0131lmaz; &#8220;Toroslar\u0131m\u0131z\u0131n Yaylalar\u0131nda Y\u00f6r\u00fck \u00c7ad\u0131rlar\u0131n\u0131n Duman\u0131 \u0130lelebet T\u00fctecek&#8221;"},"content":{"rendered":"<p>Toroslar Belediyesi, \u00c7and\u0131r Mahallesinde 350 k\u00fc\u00e7\u00fckba\u015f hayvan\u0131yla karda mahsur kalan y\u00f6r\u00fck ailesinin imdad\u0131na yeti\u015ferek, \u00e7ad\u0131rlar\u0131n karla kapl\u0131 yolunu i\u015f makineleriyle a\u00e7t\u0131.<\/p>\n<p>Belediye, il\u00e7enin y\u00fcksek kesimlerinde devam eden yo\u011fun kar ya\u011f\u0131\u015f\u0131na kar\u015f\u0131 karla m\u00fccadele \u00e7al\u0131\u015fmalar\u0131n\u0131 aral\u0131ks\u0131z s\u00fcrd\u00fcr\u00fcyor.<\/p>\n<p>K\u00fc\u00e7\u00fckba\u015f hayvanlar\u0131n\u0131 ya\u015fatmak i\u00e7in yem almaya gidemeyen y\u00f6r\u00fck Osman Ak\u00e7a ve e\u015fi Halime Ak\u00e7a, yollar\u0131 kar nedeniyle kapan\u0131nca Toroslar Belediyesinden yard\u0131m istedi.<\/p>\n<p>Toroslar Belediye Ba\u015fkan\u0131 Ats\u0131z Af\u015f\u0131n Y\u0131lmaz&#8217;\u0131n talimat\u0131yla b\u00f6lgeye y\u00f6nlendirilen ekipler, aileye ula\u015farak yollar\u0131n\u0131 i\u015f makineleriyle a\u00e7t\u0131. Yo\u011fun bir \u00e7al\u0131\u015fma sonucu kardan temizlenen yol ile aileye g\u00fcvenli ula\u015f\u0131m imkan\u0131 sa\u011fland\u0131.<\/p>\n<p>Y\u00f6r\u00fck Ak\u00e7a Ailesi Ba\u015fkan Y\u0131lmaz&#8217;a Te\u015fekk\u00fcr Etti<\/p>\n<p>\u0130ki \u00e7ocuk sahibi y\u00f6r\u00fck Osman Ak\u00e7a, yolu ula\u015f\u0131ma a\u00e7an Ba\u015fkan Y\u0131lmaz&#8217;a ve ekibine te\u015fekk\u00fcr etti.<\/p>\n<p>6 y\u0131ld\u0131r \u00c7and\u0131r Mahallesinde konaklad\u0131klar\u0131n\u0131 belirten y\u00f6r\u00fck Ak\u00e7a; &#8220;Yo\u011fun kar nedeniyle yollar\u0131m\u0131z kapand\u0131. \u00c7ad\u0131rlar\u0131m\u0131zda k\u00fc\u00e7\u00fckba\u015f hayvanlar\u0131m\u0131zla mahsur kald\u0131k. Belediyemizden yard\u0131m istedik. Ekipler, hemen bize ula\u015ft\u0131lar. Ba\u015fkan\u0131m\u0131z Ats\u0131z Af\u015f\u0131n Y\u0131lmaz&#8217;a te\u015fekk\u00fcr ederiz&#8221; dedi.<\/p>\n<p>Y\u00f6r\u00fck Halime Ak\u00e7a ise yolun ula\u015f\u0131ma a\u00e7\u0131lmas\u0131ndan dolay\u0131 sevin\u00e7 g\u00f6zya\u015flar\u0131 d\u00f6kt\u00fc.<\/p>\n<p>Kar nedeniyle \u00e7ad\u0131rlar\u0131nda mahsur kald\u0131klar\u0131n\u0131 ve zor \u015fartlar alt\u0131nda ya\u015fad\u0131klar\u0131n\u0131 belirten Halime Ak\u00e7a, yard\u0131mlar\u0131ndan dolay\u0131 Toroslar Belediye Ba\u015fkan\u0131 Ats\u0131z Af\u015f\u0131n Y\u0131lmaz&#8217;a te\u015fekk\u00fcr etti.<\/p>\n<p>Halime Ak\u00e7a; &#8220;6 y\u0131ld\u0131r farkl\u0131 bir b\u00f6lgeye g\u00f6\u00e7 edemedik. \u00c7and\u0131r Mahallesinde konakl\u0131yoruz. Yo\u011fun kar ya\u011f\u0131\u015f\u0131 nedeniyle hayvanlar\u0131m\u0131za yem alamad\u0131k. Yolumuzu a\u00e7an ba\u015fkan\u0131m\u0131zdan Allah raz\u0131 olsun&#8221; diye konu\u015ftu.<\/p>\n<p>Ba\u015fkan Y\u0131lmaz; &#8220;Kara \u00c7ad\u0131r\u0131n Oldu\u011fu Her Yerdeyiz&#8221;<\/p>\n<p>Toroslar Belediye Ba\u015fkan\u0131 Ats\u0131z Af\u015f\u0131n Y\u0131lmaz, il\u00e7enin y\u00fcksek kesimlerinde etkili olan kar ya\u011f\u0131\u015f\u0131 nedeniyle vatanda\u015flar\u0131n ma\u011fduriyetini giderebilmek i\u00e7in gece g\u00fcnd\u00fcz \u00e7al\u0131\u015fmalar\u0131n\u0131 s\u00fcrd\u00fcrd\u00fcklerini s\u00f6yledi.<\/p>\n<p>Ulu \u00d6nderimiz Gazi Mustafa Kemal Atat\u00fcrk&#8217;\u00fcn; &#8220;Gidip, Toros Da\u011flar\u0131&#8217;na bak\u0131n\u0131z, e\u011fer orada bir tek Y\u00f6r\u00fck \u00e7ad\u0131r\u0131 g\u00f6r\u00fcrseniz ve o \u00e7ad\u0131rda bir duman t\u00fct\u00fcyorsa, \u015funu \u00e7ok iyi biliniz ki bu d\u00fcnyada hi\u00e7bir g\u00fc\u00e7 ve kuvvet asla bizi yenemez&#8221; s\u00f6z\u00fcne at\u0131fta bulunan Ba\u015fkan Y\u0131lmaz, y\u00f6r\u00fck k\u00fclt\u00fcr\u00fcn\u00fcn ya\u015fat\u0131lmas\u0131n\u0131n \u00f6nemine de\u011findi.<\/p>\n<p>Ba\u015fkan Y\u0131lmaz; &#8220;Anadolu y\u00f6r\u00fcklerin yurdudur. Y\u00f6r\u00fck k\u00fclt\u00fcr\u00fc bizim \u00f6z\u00fcm\u00fczd\u00fcr. \u00c7and\u0131r Mahallemizde konaklayan y\u00f6r\u00fck ailemize ula\u015farak karla kapl\u0131 yolunu a\u00e7t\u0131k. Kara \u00e7ad\u0131r\u0131n oldu\u011fu her yerde olmaya devam edece\u011fiz&#8221; \u015feklinde konu\u015ftu.<\/p>\n","protected":false},"excerpt":{"rendered":"<p>Toroslar Belediyesi, \u00c7and\u0131r Mahallesinde 350 k\u00fc\u00e7\u00fckba\u015f hayvan\u0131yla karda mahsur kalan y\u00f6r\u00fck ailesinin imdad\u0131na yeti\u015ferek, \u00e7ad\u0131rlar\u0131n karla kapl\u0131 yolunu i\u015f makineleriyle a\u00e7t\u0131. Belediye, il\u00e7enin y\u00fcksek kesimlerinde devam eden yo\u011fun kar ya\u011f\u0131\u015f\u0131na &hellip; <a href=\"https:\/\/akdenizolaygazetesi.com\/?p=16429\" class=\"more-link\">Devam\u0131n\u0131 Oku&#8230;<\/a><\/p>\n","protected":false},"author":2,"featured_media":16430,"comment_status":"open","ping_status":"open","sticky":false,"template":"","format":"standard","meta":[],"categories":[3],"tags":[],"_links":{"self":[{"href":"https:\/\/akdenizolaygazetesi.com\/index.php?rest_route=\/wp\/v2\/posts\/16429"}],"collection":[{"href":"https:\/\/akdenizolaygazetesi.com\/index.php?rest_route=\/wp\/v2\/posts"}],"about":[{"href":"https:\/\/akdenizolaygazetesi.com\/index.php?rest_route=\/wp\/v2\/types\/post"}],"author":[{"embeddable":true,"href":"https:\/\/akdenizolaygazetesi.com\/index.php?rest_route=\/wp\/v2\/users\/2"}],"replies":[{"embeddable":true,"href":"https:\/\/akdenizolaygazetesi.com\/index.php?rest_route=%2Fwp%2Fv2%2Fcomments&post=16429"}],"version-history":[{"count":1,"href":"https:\/\/akdenizolaygazetesi.com\/index.php?rest_route=\/wp\/v2\/posts\/16429\/revisions"}],"predecessor-version":[{"id":16431,"href":"https:\/\/akdenizolaygazetesi.com\/index.php?rest_route=\/wp\/v2\/posts\/16429\/revisions\/16431"}],"wp:featuredmedia":[{"embeddable":true,"href":"https:\/\/akdenizolaygazetesi.com\/index.php?rest_route=\/wp\/v2\/media\/16430"}],"wp:attachment":[{"href":"https:\/\/akdenizolaygazetesi.com\/index.php?rest_route=%2Fwp%2Fv2%2Fmedia&parent=16429"}],"wp:term":[{"taxonomy":"category","embeddable":true,"href":"https:\/\/akdenizolaygazetesi.com\/index.php?rest_route=%2Fwp%2Fv2%2Fcategories&post=16429"},{"taxonomy":"post_tag","embeddable":true,"href":"https:\/\/akdenizolaygazetesi.com\/index.php?rest_route=%2Fwp%2Fv2%2Ftags&post=16429"}],"curies":[{"name":"wp","href":"https:\/\/api.w.org\/{rel}","templated":true}]}}