{"id":16444,"date":"2022-02-03T13:35:34","date_gmt":"2022-02-03T10:35:34","guid":{"rendered":"http:\/\/akdenizolaygazetesi.com\/?p=16444"},"modified":"2022-02-03T13:35:34","modified_gmt":"2022-02-03T10:35:34","slug":"buyuksehirin-kentin-yuksek-kesimlerindeki-kar-nobeti-suruyor","status":"publish","type":"post","link":"https:\/\/akdenizolaygazetesi.com\/?p=16444","title":{"rendered":"B\u00dcY\u00dcK\u015eEH\u0130R&#8217;\u0130N KENT\u0130N Y\u00dcKSEK KES\u0130MLER\u0130NDEK\u0130 KAR N\u00d6BET\u0130 S\u00dcR\u00dcYOR"},"content":{"rendered":"<p>Mersin B\u00fcy\u00fck\u015fehir Belediyesi, son y\u0131llar\u0131n en sert k\u0131\u015f\u0131n\u0131n ya\u015fand\u0131\u011f\u0131 bug\u00fcnlerde y\u00fcksek kesimlere ya\u011fan yo\u011fun kar nedeniyle yollar\u0131n kapanmamas\u0131 ve vatanda\u015flar\u0131n ma\u011fdur olmamas\u0131 i\u00e7in kritik noktalarda \u00e7ok say\u0131da i\u015f makinas\u0131 ve onlarca personelle \u00e7al\u0131\u015fmalar\u0131n\u0131 s\u00fcrd\u00fcr\u00fcyor. B\u00fcy\u00fck\u015fehir Belediyesi Yol Yap\u0131m Bak\u0131m ve Onar\u0131m Dairesi&#8217;ne ba\u011fl\u0131 ekipler, t\u00fcm il\u00e7elerde aral\u0131ks\u0131z olarak karla m\u00fccadele ediyor.<\/p>\n<p>Karla m\u00fccadele ekipleri yollar\u0131 a\u00e7\u0131k tutuyor<\/p>\n<p>B\u00fcy\u00fck\u015fehir ekipleri, yaylac\u0131lar\u0131n da kald\u0131\u011f\u0131 Tarsus&#8217;a ba\u011fl\u0131 G\u00fclek Mahallesi ba\u015fta olmak \u00fczere G\u00f6mmece-Ke\u015fli-Eminlik, Ard\u0131\u00e7l\u0131-\u0130nk\u00f6y-Olukkoya\u011f\u0131, Boztepe-B\u00f6\u011fr\u00fce\u011fri-Dorak grup yollar\u0131 ile \u00c7amalan, Emirler, \u00c7ukurba\u011f Mahalleleri ve daha bir\u00e7ok noktada yollar\u0131 a\u00e7arak, mahsur kalan vatanda\u015flar\u0131n yard\u0131m\u0131na ko\u015fuyor. Tuzlama i\u015flemi de yapan ekipler, \u00c7aml\u0131yayla&#8217;da merkez ba\u015fta olmak \u00fczere Giden, Ba\u011f\u00e7ata\u011f\u0131, Dar\u0131p\u0131nar\u0131, Sar\u0131kavak, Bel\u00e7\u0131nar, K\u00f6rmenlik, Kesecik, Sebil, Ulumeres, S\u0131\u011f\u0131r yaylas\u0131, Fak\u0131lar ve daha pek \u00e7ok noktada kar k\u00fcreme \u00e7al\u0131\u015fmalar\u0131 y\u00fcr\u00fct\u00fcyor.<\/p>\n<p>Tarsus Belediyesi ekiplerinin de i\u015f makinas\u0131 ve personel deste\u011fi verdi\u011fi karla m\u00fccadele \u00e7al\u0131\u015fmalar\u0131 kapsam\u0131nda ara\u00e7lar\u0131n bak\u0131mlar\u0131 ise mobil ekipler taraf\u0131ndan sahada ger\u00e7ekle\u015ftiriliyor.<\/p>\n<p>&#8220;Gece-g\u00fcnd\u00fcz 24 saat hizmet verdiler&#8221;<\/p>\n<p>Tarsus&#8217;a ba\u011fl\u0131 G\u00fclek Mahallesi Muhtar\u0131 Tuncay Seyrek, son y\u0131llar\u0131n en \u00e7etin k\u0131\u015f\u0131n\u0131 ge\u00e7irdiklerini ifade ederek, &#8220;Yer yer bir metreyi ge\u00e7en karlar oldu. Sa\u011f olsun Vahap Ba\u015fkan\u0131m\u0131z, b\u00fct\u00fcn personeliyle buradayd\u0131. Gece-g\u00fcnd\u00fcz 24 saat hizmet verdiler. Kendilerinden Allah raz\u0131 olsun, \u00e7ok te\u015fekk\u00fcr ediyorum. Allah&#8217;\u0131n izniyle b\u00f6yle bir s\u0131k\u0131nt\u0131y\u0131 atlatt\u0131k. \u0130n\u015fallah daha g\u00fczel olur ilerleyen g\u00fcnlerde&#8221; dedi.<\/p>\n<p>&#8220;Herkes elini ta\u015f\u0131n alt\u0131na koyuyor&#8221;<br \/>\n\u00c7aml\u0131yayla merkez Cumayakas\u0131 Mahallesi Muhtar\u0131 Ahmet Y\u0131lmaz da &#8220;Bildi\u011finiz \u00fczere bu sene \u00c7aml\u0131yayla m\u00fcthi\u015f bir k\u0131\u015f ge\u00e7iriyor. Bu k\u0131\u015f da tabi ister istemez s\u0131k\u0131nt\u0131lar\u0131m\u0131z oluyor. Bu s\u0131k\u0131nt\u0131lar\u0131m\u0131z\u0131 da gerekli yerlere iletiyoruz. \u0130letti\u011fimiz zaman da herkes elinden geleni yap\u0131yor, herkes elini ta\u015f\u0131n alt\u0131na koyuyor&#8221; diye konu\u015ftu.<br \/>\nToroslar halk\u0131 karla m\u00fccadele \u00e7al\u0131\u015fmalar\u0131ndan memnun<br \/>\nMersin&#8217;de yo\u011fun kar ya\u011f\u0131\u015f\u0131n\u0131n en fazla oldu\u011fu il\u00e7elerden biri olan Toroslar&#8217;da B\u00fcy\u00fck\u015fehir ekipleri, mesai mefhumu g\u00f6zetmeden \u00e7al\u0131\u015f\u0131yor. \u0130l\u00e7enin kar ya\u011f\u0131\u015f\u0131 alan her mahallesinde \u00e7al\u0131\u015fan ekipler, yol a\u00e7ma, tuzlama ve kurtarma \u00e7al\u0131\u015fmalar\u0131 y\u00fcr\u00fct\u00fcyor. B\u00fcy\u00fck\u015fehir&#8217;in kar ya\u011f\u0131\u015f\u0131n\u0131n ba\u015flad\u0131\u011f\u0131 ilk anlardan bu yana y\u00fcr\u00fctt\u00fc\u011f\u00fc karla m\u00fccadele \u00e7al\u0131\u015fmas\u0131 hem muhtarlardan hem de b\u00f6lge halk\u0131ndan takdir topluyor.<br \/>\n&#8220;Hayvanlar\u0131m\u0131z telef olacakt\u0131. Geldiler, a\u00e7t\u0131lar yolumuzu&#8221;<br \/>\nG\u00fczelyayla Mahalle Muhtar\u0131 Yasin \u00d6z, hizmetlerden memnun olduklar\u0131n\u0131 ifade ederken, &#8220;B\u00fcy\u00fck\u015fehir&#8217;den, Toroslar&#8217;dan, Ba\u015fkanlardan hi\u00e7 s\u0131k\u0131nt\u0131m\u0131z yok. Hepsinden memnunuz. B\u00fcy\u00fck\u015fehir&#8217;in sorumluluk alan\u0131n\u0131 B\u00fcy\u00fck\u015fehir a\u00e7t\u0131, Toroslar&#8217;\u0131n sorumluluk alan\u0131n\u0131 Toroslar a\u00e7t\u0131. Herkes vazifesini yap\u0131yor, s\u0131k\u0131nt\u0131 yok&#8221; dedi.<br \/>\nB\u00f6lge sakinlerinden Fatma Ak\u00e7akuyu, memnuniyetini &#8220;Hem s\u0131y\u0131rd\u0131lar kar\u0131 hem de tuzlama \u00e7al\u0131\u015fmas\u0131 yapt\u0131lar. \u00c7ok g\u00fczel \u00e7al\u0131\u015f\u0131yorlar. \u015eu anda bile \u00e7al\u0131\u015f\u0131yorlar. Al\u0131\u015fveri\u015fe gidemedi\u011fimiz i\u00e7in s\u00fct ve ekmek da\u011f\u0131tt\u0131lar&#8221; c\u00fcmleleriyle ifade etti.<br \/>\nAh\u0131r\u0131na giden yolu kapanan mahalle sakinlerinden Mehmet Y\u0131lmazer, B\u00fcy\u00fck\u015fehir Belediyesi ekiplerinin zor an\u0131nda imdad\u0131na yeti\u015fti\u011fini belirterek, &#8220;G\u00f6rd\u00fc\u011f\u00fcn\u00fcz gibi yo\u011fun bir kar ya\u011fd\u0131, afet oldu. Yolumuzu a\u00e7t\u0131rd\u0131k. Ba\u015fkan\u0131m\u0131z Vahap Se\u00e7er&#8217;den Allah raz\u0131 olsun, hizmetlerinden dolay\u0131. Hayvanlar\u0131m\u0131z\u0131n suyu bitmi\u015fti, su getiriyoruz. Yemimiz bitti, yem getirece\u011fiz. Hayvanlar\u0131m\u0131z telef olacakt\u0131. Bir metrenin \u00fczerinde kar var. B\u00fcy\u00fck\u015fehir&#8217;i ben aramad\u0131m. Geldiler, burada hayvan var dedim. \u00d6yle olunca hemen geldiler a\u00e7t\u0131lar yolumuzu&#8221; diye konu\u015ftu.<\/p>\n","protected":false},"excerpt":{"rendered":"<p>Mersin B\u00fcy\u00fck\u015fehir Belediyesi, son y\u0131llar\u0131n en sert k\u0131\u015f\u0131n\u0131n ya\u015fand\u0131\u011f\u0131 bug\u00fcnlerde y\u00fcksek kesimlere ya\u011fan yo\u011fun kar nedeniyle yollar\u0131n kapanmamas\u0131 ve vatanda\u015flar\u0131n ma\u011fdur olmamas\u0131 i\u00e7in kritik noktalarda \u00e7ok say\u0131da i\u015f makinas\u0131 ve &hellip; <a href=\"https:\/\/akdenizolaygazetesi.com\/?p=16444\" class=\"more-link\">Devam\u0131n\u0131 Oku&#8230;<\/a><\/p>\n","protected":false},"author":2,"featured_media":16445,"comment_status":"open","ping_status":"open","sticky":false,"template":"","format":"standard","meta":[],"categories":[1,3,5],"tags":[],"_links":{"self":[{"href":"https:\/\/akdenizolaygazetesi.com\/index.php?rest_route=\/wp\/v2\/posts\/16444"}],"collection":[{"href":"https:\/\/akdenizolaygazetesi.com\/index.php?rest_route=\/wp\/v2\/posts"}],"about":[{"href":"https:\/\/akdenizolaygazetesi.com\/index.php?rest_route=\/wp\/v2\/types\/post"}],"author":[{"embeddable":true,"href":"https:\/\/akdenizolaygazetesi.com\/index.php?rest_route=\/wp\/v2\/users\/2"}],"replies":[{"embeddable":true,"href":"https:\/\/akdenizolaygazetesi.com\/index.php?rest_route=%2Fwp%2Fv2%2Fcomments&post=16444"}],"version-history":[{"count":1,"href":"https:\/\/akdenizolaygazetesi.com\/index.php?rest_route=\/wp\/v2\/posts\/16444\/revisions"}],"predecessor-version":[{"id":16446,"href":"https:\/\/akdenizolaygazetesi.com\/index.php?rest_route=\/wp\/v2\/posts\/16444\/revisions\/16446"}],"wp:featuredmedia":[{"embeddable":true,"href":"https:\/\/akdenizolaygazetesi.com\/index.php?rest_route=\/wp\/v2\/media\/16445"}],"wp:attachment":[{"href":"https:\/\/akdenizolaygazetesi.com\/index.php?rest_route=%2Fwp%2Fv2%2Fmedia&parent=16444"}],"wp:term":[{"taxonomy":"category","embeddable":true,"href":"https:\/\/akdenizolaygazetesi.com\/index.php?rest_route=%2Fwp%2Fv2%2Fcategories&post=16444"},{"taxonomy":"post_tag","embeddable":true,"href":"https:\/\/akdenizolaygazetesi.com\/index.php?rest_route=%2Fwp%2Fv2%2Ftags&post=16444"}],"curies":[{"name":"wp","href":"https:\/\/api.w.org\/{rel}","templated":true}]}}