{"id":16447,"date":"2022-02-03T17:30:19","date_gmt":"2022-02-03T14:30:19","guid":{"rendered":"http:\/\/akdenizolaygazetesi.com\/?p=16447"},"modified":"2022-02-03T17:30:19","modified_gmt":"2022-02-03T14:30:19","slug":"cavidan-bagkesen-toroslar-belediyesinin-sosyal-faaliyetleriyle-cok-mutlu-oluyorum","status":"publish","type":"post","link":"https:\/\/akdenizolaygazetesi.com\/?p=16447","title":{"rendered":"Cavidan Ba\u011fkesen; &#8220;Toroslar Belediyesi&#8217;nin Sosyal Faaliyetleriyle \u00c7ok Mutlu Oluyorum&#8221;"},"content":{"rendered":"<p>Toroslar Belediyesi&#8217;nin ba\u015flatt\u0131\u011f\u0131 &#8220;Aktif Ya\u015f Alma Projesi&#8221; ile vatanda\u015flar\u0131n fiziki, sosyolojik ve psikolojik y\u00f6nden g\u00fc\u00e7lenmeleri sa\u011flan\u0131yor.<\/p>\n<p>Toroslar Belediye Ba\u015fkan\u0131 Ats\u0131z Af\u015f\u0131n Y\u0131lmaz; &#8220;Sosyal ve \u00c7evik Belediyecilik anlay\u0131\u015f\u0131yla insan odakl\u0131 \u00e7al\u0131\u015fmalar\u0131m\u0131z\u0131 s\u00fcrd\u00fcr\u00fcyoruz. Amac\u0131m\u0131z, hem\u015fehrilerimizin sa\u011fl\u0131kl\u0131 ve mutlu bir ya\u015fam s\u00fcrmeleri&#8221; dedi.<\/p>\n<p>Toroslar Belediyesi Kad\u0131n ve \u00c7ocuk Dan\u0131\u015fma Merkezi ile Ya\u015fl\u0131 ve Engelli Biriminin birlikte d\u00fczenledi\u011fi Aktif Ya\u015f Alma Projesi&#8217;nin ilk etkinli\u011fi, \u00c7a\u011fda\u015fkent Mahallesi&#8217;nde bulunan Engelliler Akademesi&#8217;nde ger\u00e7ekle\u015fti.<\/p>\n<p>60 ya\u015f \u00fcst\u00fc vatanda\u015flar\u0131n yo\u011fun ilgi g\u00f6sterdi\u011fi etkinlikte kat\u0131l\u0131mc\u0131lara; Kad\u0131n ve \u00c7ocuk Dan\u0131\u015fma Merkezi&#8217;nin alan\u0131nda uzman psikolo\u011fu taraf\u0131ndan Mini Mental Durum Testi uyguland\u0131. Oryantasyon, haf\u0131za, dikkat, hesaplama, hat\u0131rlama, lisan, motor fonksiyon ve alg\u0131lama yetenekleri test edildi. Kat\u0131l\u0131mc\u0131lar\u0131n bili\u015fsel becerilerini destekleyip geli\u015ftirmek amac\u0131yla da merkezin Okul \u00d6ncesi E\u011fitmeni e\u015fli\u011finde kesme-yap\u0131\u015ft\u0131rma faaliyeti yap\u0131ld\u0131.<\/p>\n<p>Cavidan Ba\u011fkesen; &#8220;Toroslar Belediyesi&#8217;nin Sosyal Faaliyetleriyle \u00c7ok Mutlu Oluyorum&#8221;<\/p>\n<p>Projede yer alan Cavidan Ba\u011fkesen (68), Toroslar Belediyesi&#8217;nin TORTEK Merkezi&#8217;nde Tak\u0131 Tasar\u0131m Kursuna da kat\u0131ld\u0131\u011f\u0131n\u0131 belirterek; &#8220;\u0130ki \u00e7ocu\u011fum var. E\u015fimi kaybettikten sonra zor g\u00fcnler ge\u00e7irmi\u015ftim. Belediyemizin Tak\u0131 Tasar\u0131m Kursuna kat\u0131ld\u0131m. Bu kurs sayesinde daha da sosyalle\u015ftim. Aktif Ya\u015f Alma Projesi&#8217;nde de yer ald\u0131\u011f\u0131m i\u00e7in mutluyum. Toroslar Belediye Ba\u015fkan\u0131m\u0131z Ats\u0131z Af\u015f\u0131n Y\u0131lmaz&#8217;a bizlere sundu\u011fu bu imkanlardan dolay\u0131 te\u015fekk\u00fcr ederim&#8221; dedi.<\/p>\n<p>Ba\u015fkan Y\u0131lmaz; &#8220;B\u00fcy\u00fcklerimize Vefam\u0131z \u00d6m\u00fcrl\u00fck&#8221;<\/p>\n<p>Toroslar Belediye Ba\u015fkan\u0131 Ats\u0131z Af\u015f\u0131n Y\u0131lmaz ise gelece\u011fin Toroslar&#8217;\u0131n\u0131 in\u015fa ederken, &#8220;Bilin\u00e7li birey, mutla aile, mutlu toplum&#8221;  anlay\u0131\u015f\u0131n\u0131 esas alarak projeler \u00fcrettiklerini s\u00f6yledi.<\/p>\n<p>Aktif Ya\u015f Alma Projesi&#8217;nin de Toroslar&#8217;a hay\u0131rl\u0131 olmas\u0131n\u0131 dileyen Ba\u015fkan Y\u0131lmaz; &#8220;Toroslar\u0131m\u0131zda biz b\u00fcy\u00fck bir aileyiz. Ailemizin her bir ferdinin s\u0131k\u0131nt\u0131lar\u0131n\u0131, ihtiya\u00e7lar\u0131n\u0131 gidermek ve yanlar\u0131nda olmak en \u00f6ncelikli g\u00f6revlerimiz aras\u0131nda. Aktif Ya\u015f Alma Projemizle \u00f6zellikle b\u00fcy\u00fcklerimizin daha kaliteli vakit ge\u00e7irmelerinin ve sosyalle\u015fmelerinin yan\u0131nda motor ve bili\u015fsel becerilerini destekleyip geli\u015ftirmeyi ama\u00e7l\u0131yoruz. Hem\u015fehrilerimizin sa\u011fl\u0131kl\u0131, huzurlu ve mutlu bir ya\u015fam s\u00fcrmeleri i\u00e7in \u00e7al\u0131\u015f\u0131yoruz&#8221; ifadelerini kulland\u0131.<\/p>\n","protected":false},"excerpt":{"rendered":"<p>Toroslar Belediyesi&#8217;nin ba\u015flatt\u0131\u011f\u0131 &#8220;Aktif Ya\u015f Alma Projesi&#8221; ile vatanda\u015flar\u0131n fiziki, sosyolojik ve psikolojik y\u00f6nden g\u00fc\u00e7lenmeleri sa\u011flan\u0131yor. Toroslar Belediye Ba\u015fkan\u0131 Ats\u0131z Af\u015f\u0131n Y\u0131lmaz; &#8220;Sosyal ve \u00c7evik Belediyecilik anlay\u0131\u015f\u0131yla insan odakl\u0131 \u00e7al\u0131\u015fmalar\u0131m\u0131z\u0131 &hellip; <a href=\"https:\/\/akdenizolaygazetesi.com\/?p=16447\" class=\"more-link\">Devam\u0131n\u0131 Oku&#8230;<\/a><\/p>\n","protected":false},"author":2,"featured_media":16448,"comment_status":"open","ping_status":"open","sticky":false,"template":"","format":"standard","meta":[],"categories":[3],"tags":[],"_links":{"self":[{"href":"https:\/\/akdenizolaygazetesi.com\/index.php?rest_route=\/wp\/v2\/posts\/16447"}],"collection":[{"href":"https:\/\/akdenizolaygazetesi.com\/index.php?rest_route=\/wp\/v2\/posts"}],"about":[{"href":"https:\/\/akdenizolaygazetesi.com\/index.php?rest_route=\/wp\/v2\/types\/post"}],"author":[{"embeddable":true,"href":"https:\/\/akdenizolaygazetesi.com\/index.php?rest_route=\/wp\/v2\/users\/2"}],"replies":[{"embeddable":true,"href":"https:\/\/akdenizolaygazetesi.com\/index.php?rest_route=%2Fwp%2Fv2%2Fcomments&post=16447"}],"version-history":[{"count":1,"href":"https:\/\/akdenizolaygazetesi.com\/index.php?rest_route=\/wp\/v2\/posts\/16447\/revisions"}],"predecessor-version":[{"id":16449,"href":"https:\/\/akdenizolaygazetesi.com\/index.php?rest_route=\/wp\/v2\/posts\/16447\/revisions\/16449"}],"wp:featuredmedia":[{"embeddable":true,"href":"https:\/\/akdenizolaygazetesi.com\/index.php?rest_route=\/wp\/v2\/media\/16448"}],"wp:attachment":[{"href":"https:\/\/akdenizolaygazetesi.com\/index.php?rest_route=%2Fwp%2Fv2%2Fmedia&parent=16447"}],"wp:term":[{"taxonomy":"category","embeddable":true,"href":"https:\/\/akdenizolaygazetesi.com\/index.php?rest_route=%2Fwp%2Fv2%2Fcategories&post=16447"},{"taxonomy":"post_tag","embeddable":true,"href":"https:\/\/akdenizolaygazetesi.com\/index.php?rest_route=%2Fwp%2Fv2%2Ftags&post=16447"}],"curies":[{"name":"wp","href":"https:\/\/api.w.org\/{rel}","templated":true}]}}