{"id":16450,"date":"2022-02-03T17:32:49","date_gmt":"2022-02-03T14:32:49","guid":{"rendered":"http:\/\/akdenizolaygazetesi.com\/?p=16450"},"modified":"2022-02-03T17:32:49","modified_gmt":"2022-02-03T14:32:49","slug":"baskan-secer-118-yeni-arac-2022-yilinda-mersinlilerin-hizmetine-girecek","status":"publish","type":"post","link":"https:\/\/akdenizolaygazetesi.com\/?p=16450","title":{"rendered":"BA\u015eKAN SE\u00c7ER: &#8220;118 YEN\u0130 ARA\u00c7 2022 YILINDA MERS\u0130NL\u0130LER\u0130N H\u0130ZMET\u0130NE G\u0130RECEK&#8221;"},"content":{"rendered":"<p>Mersin B\u00fcy\u00fck\u015fehir Belediyesi&#8217;nin ula\u015f\u0131m filosuna kazand\u0131raca\u011f\u0131 \u00e7evre dostu CNG&#8217;li 118 Sar\u0131 Limon i\u00e7in imzalar at\u0131ld\u0131. Mersin B\u00fcy\u00fck\u015fehir Belediye Ba\u015fkan\u0131 Vahap Se\u00e7er ve KARSAN Otomotiv Sanayi ve Ticaret A.\u015e. CEO&#8217;su Okan Ba\u015f aras\u0131nda imzalanan s\u00f6zle\u015fmeye g\u00f6re, yeni otob\u00fcslerin teslimat\u0131 Eyl\u00fcl ay\u0131nda yap\u0131lacak. Yeni otob\u00fcs al\u0131m\u0131 i\u00e7in EBRD&#8217;den sa\u011flanacak 22 milyon Euro tutar\u0131ndaki finansman\u0131n 7 milyon Euro&#8217;luk k\u0131sm\u0131n\u0131n hibe olaca\u011f\u0131n\u0131 belirten Ba\u015fkan Se\u00e7er, &#8220;Yeni otob\u00fcslerimizle Mersin&#8217;de seyahat etmek daha keyifli hale gelecek&#8221; dedi.<br \/>\nK\u0131rsal i\u00e7in 8,5 metrelik 67 adet dizel atak otob\u00fcsler Nisan ay\u0131nda hizmete girecek<br \/>\n118 Adet CNG Yak\u0131tl\u0131 Otob\u00fcs Al\u0131m S\u00f6zle\u015fmesi i\u00e7in d\u00fczenlenen imza t\u00f6renine, KARSAN yetkilileri ile B\u00fcy\u00fck\u015fehir Belediyesi b\u00fcrokratlar\u0131 da kat\u0131ld\u0131. Ba\u015fkan Se\u00e7er, g\u00f6reve geldiklerinde 252 arac\u0131n toplu ta\u015f\u0131mada hizmet verdi\u011fini, bu ara\u00e7lar\u0131n ya\u015f ortalamas\u0131n\u0131n 12,3 oldu\u011funu s\u00f6yledi. 2021 y\u0131l\u0131nda filoya kat\u0131lan Sar\u0131 Limonlar\u0131n ve dizel atak otob\u00fcslerin detaylar\u0131n\u0131 payla\u015fan Ba\u015fkan Se\u00e7er, &#8220;G\u00f6reve geldi\u011fimizde; 2019 y\u0131l\u0131 itibari ile 252 arac\u0131m\u0131z toplu ta\u015f\u0131mada hizmet veriyordu. Bu ara\u00e7lar\u0131m\u0131z\u0131n da ya\u015f ortalamas\u0131 12&#8217;ydi. Literat\u00fcrlerde toplu ta\u015f\u0131mada kullan\u0131lacak ara\u00e7lar i\u00e7in genelde 10 ya\u015f kabul\u00fc vard\u0131r ama bu tabi iyi bak\u0131mla 1-2 y\u0131l daha geriye kayd\u0131r\u0131labiliyor. Bildi\u011finiz gibi ge\u00e7ti\u011fimiz y\u0131l May\u0131s ay\u0131nda yeni Limonlar\u0131m\u0131z\u0131 kentimize kazand\u0131rm\u0131\u015ft\u0131k. 87 yeni Limonun \u00e7o\u011funlu\u011funu May\u0131s ay\u0131nda, geri kalan k\u0131sm\u0131n\u0131 da Eyl\u00fcl ay\u0131nda Mersinlerimizin hizmetine sunmu\u015ftuk. G\u00f6reve geldi\u011fimizde toplu ta\u015f\u0131mada 252 olan ara\u00e7 say\u0131m\u0131z 87 yeni Sar\u0131 Limonun hizmete al\u0131nmas\u0131yla beraber 342 araca \u00e7\u0131kt\u0131. Baz\u0131 ara\u00e7lar sistem d\u0131\u015f\u0131 kald\u0131\u011f\u0131 i\u00e7in 342 ara\u00e7la \u015fu anda toplu ta\u015f\u0131mada hizmetlerimizi s\u00fcrd\u00fcr\u00fcyoruz. Ge\u00e7ti\u011fimiz y\u0131l \u00f6nemli bir \u00e7al\u0131\u015fma yapt\u0131k yine, K\u0131rsal hatlar\u0131m\u0131z ve \u00f6zellikle sokaklar\u0131 dar olan b\u00f6lgelerimiz i\u00e7in; ba\u015fta Tarsus olmak \u00fczere; otob\u00fcs filomuza 8,5 metrelik 67 adet dizel atak otob\u00fcsleri kazand\u0131rd\u0131k. Bu ara\u00e7lar\u0131m\u0131z da Nisan ay\u0131ndan itibaren hizmete al\u0131nacak&#8221; diye konu\u015ftu.<br \/>\n&#8220;118 yeni ara\u00e7 2022 y\u0131l\u0131nda Mersinlilerin hizmetine girecek&#8221;<br \/>\n2022 y\u0131l\u0131nda hizmete al\u0131nacak 118 Sar\u0131 Limonun teknik detaylar\u0131n\u0131 payla\u015fan Ba\u015fkan Se\u00e7er, &#8220;Bug\u00fcn \u00e7ok \u00f6nemli, \u00e7ok de\u011ferli bir g\u00fcn i\u00e7in buraday\u0131z. 2022 y\u0131l\u0131 i\u00e7erisinde hizmete alaca\u011f\u0131m\u0131z 118 adet yeni Limon otob\u00fcs i\u00e7in burada, otob\u00fcslerimizin \u00fcretimini yapacak olan firmam\u0131zla bir s\u00f6zle\u015fme imzalayaca\u011f\u0131z. Bu 118 otob\u00fcs\u00fcm\u00fcz\u00fcn 84&#8217;\u00fc 12 metrelik solo otob\u00fcsler, 34&#8217;\u00fc de k\u00f6r\u00fckl\u00fc otob\u00fcsler. Zaten \u015fu anda kullan\u0131mda olan Limonlar\u0131m\u0131z\u0131n ayn\u0131s\u0131 118 yeni ara\u00e7 olarak 2022 y\u0131l\u0131nda siz de\u011ferli Mersinlilerin hizmetine girecek. Ara\u00e7lar\u0131m\u0131z Eyl\u00fcl ay\u0131nda teslim edilmeye ba\u015flanacak. Bu ara\u00e7lar\u0131m\u0131z\u0131n bize toplam maliyeti 330 milyon 850 bin TL&#8221; diye konu\u015ftu.<br \/>\n&#8220;Mersinlilerin hizmetine sundu\u011fumuz, sunaca\u011f\u0131m\u0131z ara\u00e7lar\u0131n bug\u00fcnk\u00fc de\u011feri 712 milyon 62 bin TL&#8221;<br \/>\nBa\u015fkan Se\u00e7er, yeni al\u0131nacak ara\u00e7larla ula\u015f\u0131mdaki toplam filo say\u0131s\u0131n\u0131 ve maliyetini de payla\u015farak, &#8220;Toplamda 87; 2021 y\u0131l\u0131nda hizmete giren ara\u00e7lar\u0131m\u0131z. 67, Nisan ay\u0131nda yine hizmete girecek olan; bunun da 28&#8217;i k\u0131rsalda, 39&#8217;u Tarsus&#8217;ta hizmete girecek atak otob\u00fcslerimiz ve en son olarak da 118 otob\u00fcs\u00fcm\u00fczle beraber 272 arac\u0131m\u0131z bu y\u0131l sonu itibari ile Mersinlilerin hizmetine girmi\u015f olacak. Toplamda g\u00f6reve geldi\u011fimiz g\u00fcnden bug\u00fcne kadar Mersinlilerin hizmetine sundu\u011fumuz, sunaca\u011f\u0131m\u0131z ara\u00e7lar\u0131n bug\u00fcnk\u00fc de\u011feri 712 milyon 62 bin TL&#8221; ifadelerini kulland\u0131.<br \/>\n2022 y\u0131l\u0131nda filoya yeni kat\u0131lacak Sar\u0131 Limonlarla toplu ta\u015f\u0131ma ara\u00e7lar\u0131n\u0131n ya\u015f ortalamas\u0131n\u0131n d\u00fc\u015fece\u011fini ifade eden Ba\u015fkan Se\u00e7er, &#8220;B\u00fct\u00fcn ara\u00e7lar\u0131m\u0131z teslim olduktan sonra ekonomik \u00f6mr\u00fc dolan ara\u00e7lar\u0131m\u0131z\u0131 da tabii ki devre d\u0131\u015f\u0131 b\u0131rakaca\u011f\u0131z ve toplamda da toplu ta\u015f\u0131ma hizmeti verecek ara\u00e7 say\u0131m\u0131z 422 ara\u00e7 olacak. Filomuzun da genel ya\u015f ortalamas\u0131 2.7&#8217;ye d\u00fc\u015fecek. Yani teslim ald\u0131\u011f\u0131m\u0131zda 12.3 olan ya\u015f ortalamam\u0131z yeni ara\u00e7lar\u0131m\u0131z\u0131n hizmete girmesiyle 2.7 olacak ki olduk\u00e7a gen\u00e7 bir filo. Belki de T\u00fcrkiye&#8217;de emsali olmayan bir ya\u015f ortalamas\u0131na sahip filo olacak Mersin&#8217;de. Bu da Mersin&#8217;de bir ilk&#8221; diye konu\u015ftu.<br \/>\nBa\u015fkan Se\u00e7er, Metro&#8217;nun temelini 3 Ocak 2022&#8217;de Mersin&#8217;in 100. kurtulu\u015f y\u0131l d\u00f6n\u00fcm\u00fcnde Mersinlilerle birlikte att\u0131klar\u0131n\u0131 hat\u0131rlatarak, &#8220;Hay\u0131rl\u0131 u\u011furlu olsun tekrar. Toplu ta\u015f\u0131mada \u00f6nemli bir ad\u0131m at\u0131lm\u0131\u015f oldu. Otob\u00fcslerimizle beraber metromuzun da 2026 y\u0131l\u0131ndan sonra devreye girece\u011fini d\u00fc\u015f\u00fcn\u00fcrsek, Mersin&#8217;de vatanda\u015flar\u0131m\u0131z toplu ta\u015f\u0131ma alan\u0131nda konforlu, ucuz, g\u00fcvenli, h\u0131zl\u0131 bir toplu ta\u015f\u0131ma sistemi i\u00e7erisinde art\u0131k seyahat etme imkan\u0131 bulacaklar&#8221; dedi.<br \/>\n&#8220;Belediyemize \u015fof\u00f6r al\u0131mlar\u0131nda kad\u0131nlara pozitif ayr\u0131mc\u0131l\u0131k sa\u011flanacak&#8221;<br \/>\nB\u00fcy\u00fck\u015fehir Belediyesi b\u00fcnyesinde 806 otob\u00fcs \u015fof\u00f6r\u00fcn\u00fcn oldu\u011funu ifade eden Ba\u015fkan Se\u00e7er, kad\u0131n \u015fof\u00f6r adaylar\u0131na da \u00e7a\u011fr\u0131da bulundu. Se\u00e7er, &#8220;Otob\u00fcs \u015fof\u00f6rlerimizin 104&#8217;\u00fc kad\u0131n \u015fof\u00f6rlerimizden olu\u015fuyor. Biliyorsunuz bu y\u0131l i\u00e7erisinde 67 atak otob\u00fcs, 118 Limon otob\u00fcslerimiz devreye girecek ve bunlar i\u00e7in bizim \u015fof\u00f6r ihtiyac\u0131m\u0131z var. Ben kad\u0131nlar\u0131m\u0131za buradan bir duyuru yapmak istiyorum; kad\u0131nlar\u0131m\u0131z\u0131 \u00f6nemsedi\u011fimi biliyorsunuz. Otob\u00fcs kullanmay\u0131 \u00f6\u011frenin. Ehliyetinizi al\u0131n, gerekli evraklar\u0131n\u0131z\u0131 al\u0131n belediyemize \u015fof\u00f6r al\u0131mlar\u0131nda sizlere pozitif ayr\u0131mc\u0131l\u0131k sa\u011flanacak&#8221; diye konu\u015ftu.<br \/>\nYeni Limonlar da konforlu ula\u015f\u0131m sa\u011flayacak<br \/>\nBa\u015fkan Se\u00e7er, KARSAN firmas\u0131ndan sa\u011flanan otob\u00fcslerden hem kendilerinin hem de Mersinlilerin memnun kald\u0131\u011f\u0131n\u0131 s\u00f6yleyerek, &#8220;KARSAN firmas\u0131n\u0131n yetkililerine de \u00e7ok te\u015fekk\u00fcr ediyorum. Daha \u00f6nceki ara\u00e7lar\u0131m\u0131z\u0131 da kendileri bize sa\u011flam\u0131\u015flard\u0131. Son derece de memnuniyetimiz var. Mersinlilerin memnuniyeti var. Atak otob\u00fcslerimiz de KARSAN olacak. Yeni gelecek limonlar\u0131m\u0131z da 87 Limon gibi KARSAN firmam\u0131z\u0131n Limonlar\u0131. Yine rengimiz ayn\u0131 olacak. Konforu, teknolojisi son teknoloji olacak. Yine \u00f6\u011frencilerimize \u00fccretsiz Wi-Fi imk\u00e2n\u0131 sunaca\u011f\u0131m\u0131z toplu ta\u015f\u0131ma ara\u00e7lar\u0131m\u0131z olacak&#8221; dedi.<br \/>\nBa\u015fkan Se\u00e7er, Mersin&#8217;in bir \u00f6\u011frenci kenti oldu\u011funu, \u00fcniversite \u00f6\u011frencileriyle beraber kentte 450 bin \u00f6\u011frenci oldu\u011funu kaydederek, &#8220;Daha \u00f6nce de s\u00f6z verdi\u011fim gibi sevgili \u00e7ocuklar, sevgili \u00f6\u011frenciler 2024 y\u0131l\u0131na kadar yani benim g\u00f6rev s\u00fcrem dolana kadar sizlere otob\u00fcs \u00fccretleri 1 TL olarak T\u00fcrkiye&#8217;de en ucuz toplu ta\u015f\u0131ma \u00fccreti olarak devam edecek&#8221; diye konu\u015ftu.<br \/>\n&#8220;22 milyon Euro tutar\u0131ndaki bu finansman\u0131n 7 milyon Euro&#8217;luk k\u0131sm\u0131 hibe&#8221;<br \/>\nMersin&#8217;e kazand\u0131rd\u0131klar\u0131 118 yeni otob\u00fcs\u00fcn finansman\u0131n\u0131 Avrupa \u0130mar ve Kalk\u0131nma Bankas\u0131&#8217;ndan (EBRD) sa\u011flad\u0131klar\u0131n\u0131 belirten Ba\u015fkan Se\u00e7er, &#8220;22 milyon Euro tutar\u0131ndaki bu finansman\u0131n 7 milyon Euro&#8217;luk k\u0131sm\u0131 hibe \u015feklinde sa\u011flanacak ve geri \u00f6demesi de 2 y\u0131l \u00f6demesiz toplamda 8 y\u0131l. Yani otob\u00fcsleri teslim ald\u0131\u011f\u0131m\u0131z tarihten itibaren 10 y\u0131l i\u00e7erisinde de krediler geri \u00f6denecek. Bu vesileyle de EBRD&#8217;ye, bu \u00e7al\u0131\u015fmada eme\u011fi ge\u00e7en b\u00fct\u00fcn arkada\u015flara, b\u00fcrokrasiye, KARSAN firmas\u0131na tekrar te\u015fekk\u00fcr ediyorum. Mersin i\u00e7in \u00e7ok g\u00fczel bir \u00e7al\u0131\u015fma oldu\u011funu s\u00f6yleyebilirim&#8221; dedi.<br \/>\n&#8220;Yeni otob\u00fcslerimizle Mersin&#8217;de seyahat etmek daha keyifli hale gelecek&#8221;<br \/>\nBa\u015fkan Se\u00e7er, ula\u015f\u0131mda sadece gen\u00e7 bir filoya de\u011fil; bunun yan\u0131nda teknolojik, konforlu ve \u00e7evre dostu de\u011ferli bir filoya kavu\u015ftuklar\u0131n\u0131 belirterek, &#8220;Yeni otob\u00fcslerimizle Mersin&#8217;de seyahat etmek daha keyifli hale gelecek. Mersin s\u0131cak bir b\u00f6lge. Yazlar\u0131 s\u0131cak bir kent. Yaz\u0131n son derece konforlu so\u011fuk bir ortamda; k\u0131\u015f\u0131n ya\u011fmurlu ve so\u011fuk havalarda ise s\u0131cak bir ortamda seyahat imkan\u0131 bulacaklar&#8221; dedi. Bu otob\u00fcslerin son y\u0131llar\u0131n en g\u00fcncel sorunu olan \u00e7evre sorunlar\u0131 a\u00e7\u0131s\u0131ndan da \u00f6nem ta\u015f\u0131d\u0131\u011f\u0131n\u0131 belirten Se\u00e7er, &#8220;\u00c7\u00fcnk\u00fc bunlar CNG&#8217;li ara\u00e7lar. Ye\u015fil dostu, \u00e7evre dostu ara\u00e7lar&#8221; ifadelerini kulland\u0131.<br \/>\nKARSAN CEO&#8217;su Okan Ba\u015f: &#8220;Mersinlilere hay\u0131rl\u0131 olsun&#8221;<br \/>\nKARSAN Otomotiv Sanayi ve Ticaret A. \u015e. CEO&#8217;su Okan Ba\u015f da imza t\u00f6reninde yapt\u0131\u011f\u0131 a\u00e7\u0131klamada, hem filoyu gen\u00e7le\u015ftirmesi hem de en yeni teknolojilere sahip olmas\u0131 dolay\u0131s\u0131yla Mersin&#8217;e \u00e7ok iyi \u00fcr\u00fcnler kazand\u0131rd\u0131klar\u0131n\u0131 belirterek, &#8220;Biz hem gururlan\u0131yoruz hem de bizim i\u00e7in \u00f6nemli bir sorumluluk bu. \u00c7\u00fcnk\u00fc bu kadar b\u00fcy\u00fck bir filo son y\u0131llarda Mersin&#8217;den ba\u015flad\u0131. \u00d6nemli bir referans bizim i\u00e7in. Buradaki sizin memnuniyetinizle T\u00fcrkiye&#8217;nin di\u011fer \u015fehirlerine de ula\u015fmay\u0131 hedefliyoruz. Bu anlamda ara\u00e7lar\u0131m\u0131za \u00e7ok da iyi bakaca\u011f\u0131z. Hep beraber Mersinlilere lay\u0131k olmaya \u00e7al\u0131\u015faca\u011f\u0131z. Ge\u00e7en seneden bug\u00fcne t\u00fcm Limonlar\u0131n\u0131z\u0131 KARSAN olarak tercih etti\u011finiz i\u00e7in te\u015fekk\u00fcr etmek istiyorum. Herkese, Mersinlilere hay\u0131rl\u0131 olsun demek istiyorum&#8221; diye konu\u015ftu.<\/p>\n","protected":false},"excerpt":{"rendered":"<p>Mersin B\u00fcy\u00fck\u015fehir Belediyesi&#8217;nin ula\u015f\u0131m filosuna kazand\u0131raca\u011f\u0131 \u00e7evre dostu CNG&#8217;li 118 Sar\u0131 Limon i\u00e7in imzalar at\u0131ld\u0131. Mersin B\u00fcy\u00fck\u015fehir Belediye Ba\u015fkan\u0131 Vahap Se\u00e7er ve KARSAN Otomotiv Sanayi ve Ticaret A.\u015e. CEO&#8217;su Okan &hellip; <a href=\"https:\/\/akdenizolaygazetesi.com\/?p=16450\" class=\"more-link\">Devam\u0131n\u0131 Oku&#8230;<\/a><\/p>\n","protected":false},"author":2,"featured_media":16451,"comment_status":"open","ping_status":"open","sticky":false,"template":"","format":"standard","meta":[],"categories":[1,2,3,5,11],"tags":[],"_links":{"self":[{"href":"https:\/\/akdenizolaygazetesi.com\/index.php?rest_route=\/wp\/v2\/posts\/16450"}],"collection":[{"href":"https:\/\/akdenizolaygazetesi.com\/index.php?rest_route=\/wp\/v2\/posts"}],"about":[{"href":"https:\/\/akdenizolaygazetesi.com\/index.php?rest_route=\/wp\/v2\/types\/post"}],"author":[{"embeddable":true,"href":"https:\/\/akdenizolaygazetesi.com\/index.php?rest_route=\/wp\/v2\/users\/2"}],"replies":[{"embeddable":true,"href":"https:\/\/akdenizolaygazetesi.com\/index.php?rest_route=%2Fwp%2Fv2%2Fcomments&post=16450"}],"version-history":[{"count":1,"href":"https:\/\/akdenizolaygazetesi.com\/index.php?rest_route=\/wp\/v2\/posts\/16450\/revisions"}],"predecessor-version":[{"id":16452,"href":"https:\/\/akdenizolaygazetesi.com\/index.php?rest_route=\/wp\/v2\/posts\/16450\/revisions\/16452"}],"wp:featuredmedia":[{"embeddable":true,"href":"https:\/\/akdenizolaygazetesi.com\/index.php?rest_route=\/wp\/v2\/media\/16451"}],"wp:attachment":[{"href":"https:\/\/akdenizolaygazetesi.com\/index.php?rest_route=%2Fwp%2Fv2%2Fmedia&parent=16450"}],"wp:term":[{"taxonomy":"category","embeddable":true,"href":"https:\/\/akdenizolaygazetesi.com\/index.php?rest_route=%2Fwp%2Fv2%2Fcategories&post=16450"},{"taxonomy":"post_tag","embeddable":true,"href":"https:\/\/akdenizolaygazetesi.com\/index.php?rest_route=%2Fwp%2Fv2%2Ftags&post=16450"}],"curies":[{"name":"wp","href":"https:\/\/api.w.org\/{rel}","templated":true}]}}