{"id":16453,"date":"2022-02-04T13:49:35","date_gmt":"2022-02-04T10:49:35","guid":{"rendered":"http:\/\/akdenizolaygazetesi.com\/?p=16453"},"modified":"2022-02-04T13:49:35","modified_gmt":"2022-02-04T10:49:35","slug":"regaip-kandilinde-buyuksehir-kandil-simidi-dagitti","status":"publish","type":"post","link":"https:\/\/akdenizolaygazetesi.com\/?p=16453","title":{"rendered":"REGA\u0130P KAND\u0130L\u0130&#8217;NDE B\u00dcY\u00dcK\u015eEH\u0130R KAND\u0130L S\u0130M\u0130D\u0130 DA\u011eITTI"},"content":{"rendered":"<p>Mersin B\u00fcy\u00fck\u015fehir Belediyesi, \u00fc\u00e7 aylar\u0131n ba\u015flang\u0131c\u0131 olan Regaip Kandili dolay\u0131s\u0131yla kent genelinde cami \u00f6n\u00fcnde vatanda\u015flara kandil simidi da\u011f\u0131tt\u0131.<br \/>\nVatanda\u015flar dualar\u0131n\u0131 edip, kandil simitlerini ald\u0131<br \/>\n13 il\u00e7enin tamam\u0131nda, 31 caminin \u00f6n\u00fcne stant kuran B\u00fcy\u00fck\u015fehir Belediyesi Sosyal Hizmetler Dairesi ve Muhtarl\u0131k \u0130\u015fleri Dairesi ekipleri, yats\u0131 namaz\u0131n\u0131n ard\u0131ndan toplam 20 bin kandil simidi ikram\u0131nda bulundu. Ekipler, vatanda\u015flar\u0131n kandilini kutlarken m\u00fcbarek \u00fc\u00e7 aylar\u0131n t\u00fcm \u0130slam alemine hay\u0131rlara vesile olmas\u0131n\u0131 diledi. Vatanda\u015flar ise B\u00fcy\u00fck\u015fehir&#8217;in kandil simidi da\u011f\u0131t\u0131mlar\u0131yla kar\u015f\u0131la\u015fmaktan memnun kald\u0131klar\u0131n\u0131 belirtti.<br \/>\n&#8220;B\u00fcy\u00fck\u015fehir Belediyesi olarak t\u00fcm vatanda\u015flar\u0131m\u0131z\u0131n Regaip Kandilini kutluyoruz&#8221;<br \/>\nB\u00fcy\u00fck\u015fehir Belediyesi Sosyal Hizmetler Dairesi&#8217;ne ba\u011fl\u0131 A\u015fhane Sorumlusu Erg\u00fcn Horuz, &#8220;Mersin B\u00fcy\u00fck\u015fehir Belediyesi olarak Regaip Kandili vesilesiyle haz\u0131rlam\u0131\u015f bulundu\u011fumuz 20 bin paket kandil simidini vatanda\u015flar\u0131m\u0131za ula\u015ft\u0131r\u0131yoruz. Mersin&#8217;in 13 il\u00e7esindeki camilerde bu hizmetimiz devam ediyor. Mersin B\u00fcy\u00fck\u015fehir Belediyesi olarak da t\u00fcm vatanda\u015flar\u0131m\u0131z\u0131n Regaip Kandilini kutluyoruz&#8221; dedi.<br \/>\n&#8220;Kandil simidi gelene\u011fini devam ettiriyor&#8221;<br \/>\nDa\u011f\u0131t\u0131m noktalar\u0131ndan birisi de Yeni\u015fehir il\u00e7esinde yer alan Mu\u011fdat Camii oldu. Cami \u00f6n\u00fcnde kandil simidini alan vatanda\u015flardan Y\u00fccel Sevin\u00e7han, &#8220;\u00d6ncelikle i\u00e7erisinde bulundu\u011fumuz s\u00fcrecin bir an \u00f6nce sonlanmas\u0131n\u0131 istiyoruz. T\u00fcm \u0130slam alemine kandilin m\u00fcbarek olmas\u0131 dileklerimi iletiyorum. Buradan Belediyemize te\u015fekk\u00fcr ediyoruz. Gerek \u00e7orba, gerek yemek uygulamas\u0131n\u0131 g\u00f6r\u00fcyoruz, be\u011feniyoruz. Her kandil de zaten ara\u00e7 geliyor burada insanlara kandil simidi da\u011f\u0131t\u0131yor. En az\u0131ndan kandil simidi gelene\u011fini devam ettiriyor. Bu da g\u00fczel bir uygulama&#8221; diye konu\u015ftu.<br \/>\n&#8220;Her kandilde kandil simidi da\u011f\u0131t\u0131yorlar&#8221;<br \/>\nVatanda\u015flardan Necla U\u011furlu Akgudan, \u00f6ncelikle sa\u011fl\u0131k ve s\u0131hhat dilediklerini vurgulayarak, &#8220;Hay\u0131rl\u0131, u\u011furlu, bereketli olsun. \u00dczerimizden bu hastal\u0131\u011f\u0131n gitmesini istiyoruz Allah&#8217;tan. Allah&#8217;tan ne dilersek onu verir bize in\u015fallah. Her kandilde de kandil simidi da\u011f\u0131t\u0131yorlar. Allah kabul eylesin&#8221; dedi.<br \/>\nVatanda\u015flardan Metin Y\u0131ld\u0131r\u0131m ise &#8220;Malatya&#8217;dan buraya misafir olarak geldim. Kandil simidimi ald\u0131m, te\u015fekk\u00fcr ederim. G\u00fczel bir hizmet&#8221; diye konu\u015furken, Ahmet Cumhur G\u00fcvenbay da &#8220;Kandil simidimi ald\u0131m, Vahap Ba\u015fkan\u0131ma binlerce kez te\u015fekk\u00fcr ederim. Allah i\u015fini g\u00fcc\u00fcn\u00fc rast getirsin&#8221; ifadelerine yer verdi.<\/p>\n","protected":false},"excerpt":{"rendered":"<p>Mersin B\u00fcy\u00fck\u015fehir Belediyesi, \u00fc\u00e7 aylar\u0131n ba\u015flang\u0131c\u0131 olan Regaip Kandili dolay\u0131s\u0131yla kent genelinde cami \u00f6n\u00fcnde vatanda\u015flara kandil simidi da\u011f\u0131tt\u0131. Vatanda\u015flar dualar\u0131n\u0131 edip, kandil simitlerini ald\u0131 13 il\u00e7enin tamam\u0131nda, 31 caminin \u00f6n\u00fcne &hellip; <a href=\"https:\/\/akdenizolaygazetesi.com\/?p=16453\" class=\"more-link\">Devam\u0131n\u0131 Oku&#8230;<\/a><\/p>\n","protected":false},"author":2,"featured_media":16454,"comment_status":"open","ping_status":"open","sticky":false,"template":"","format":"standard","meta":[],"categories":[8,2,3],"tags":[],"_links":{"self":[{"href":"https:\/\/akdenizolaygazetesi.com\/index.php?rest_route=\/wp\/v2\/posts\/16453"}],"collection":[{"href":"https:\/\/akdenizolaygazetesi.com\/index.php?rest_route=\/wp\/v2\/posts"}],"about":[{"href":"https:\/\/akdenizolaygazetesi.com\/index.php?rest_route=\/wp\/v2\/types\/post"}],"author":[{"embeddable":true,"href":"https:\/\/akdenizolaygazetesi.com\/index.php?rest_route=\/wp\/v2\/users\/2"}],"replies":[{"embeddable":true,"href":"https:\/\/akdenizolaygazetesi.com\/index.php?rest_route=%2Fwp%2Fv2%2Fcomments&post=16453"}],"version-history":[{"count":1,"href":"https:\/\/akdenizolaygazetesi.com\/index.php?rest_route=\/wp\/v2\/posts\/16453\/revisions"}],"predecessor-version":[{"id":16455,"href":"https:\/\/akdenizolaygazetesi.com\/index.php?rest_route=\/wp\/v2\/posts\/16453\/revisions\/16455"}],"wp:featuredmedia":[{"embeddable":true,"href":"https:\/\/akdenizolaygazetesi.com\/index.php?rest_route=\/wp\/v2\/media\/16454"}],"wp:attachment":[{"href":"https:\/\/akdenizolaygazetesi.com\/index.php?rest_route=%2Fwp%2Fv2%2Fmedia&parent=16453"}],"wp:term":[{"taxonomy":"category","embeddable":true,"href":"https:\/\/akdenizolaygazetesi.com\/index.php?rest_route=%2Fwp%2Fv2%2Fcategories&post=16453"},{"taxonomy":"post_tag","embeddable":true,"href":"https:\/\/akdenizolaygazetesi.com\/index.php?rest_route=%2Fwp%2Fv2%2Ftags&post=16453"}],"curies":[{"name":"wp","href":"https:\/\/api.w.org\/{rel}","templated":true}]}}