{"id":16456,"date":"2022-02-04T13:51:31","date_gmt":"2022-02-04T10:51:31","guid":{"rendered":"http:\/\/akdenizolaygazetesi.com\/?p=16456"},"modified":"2022-02-04T13:51:31","modified_gmt":"2022-02-04T10:51:31","slug":"daima-mevsimlik-tarim-iscilerinin-yanindayiz","status":"publish","type":"post","link":"https:\/\/akdenizolaygazetesi.com\/?p=16456","title":{"rendered":"&#8220;DA\u0130MA MEVS\u0130ML\u0130K TARIM \u0130\u015e\u00c7\u0130LER\u0130N\u0130N YANINDAYIZ&#8221;"},"content":{"rendered":"<p>Mersin B\u00fcy\u00fck\u015fehir Belediyesi, &#8220;1 Ekmek 1 \u00c7orba&#8221; ve &#8220;S\u00fct Senin Gurur Mersin&#8217;in&#8221; projelerini, Akdeniz il\u00e7esi Adanal\u0131o\u011flu Mahallesi&#8217;nde ya\u015fayan mevsimlik tar\u0131m i\u015f\u00e7ilerine yapt\u0131\u011f\u0131 da\u011f\u0131t\u0131mlarla s\u00fcrd\u00fcrd\u00fc. B\u00fcy\u00fck\u015fehir Belediyesi Sosyal Hizmetler Dairesi koordinesinde y\u00fcr\u00fct\u00fclen hizmetler kapsam\u0131nda mevsimlik tar\u0131m i\u015f\u00e7ilerine \u00e7orba, \u00e7ocuklara da s\u00fct ikram\u0131nda bulunuldu.<br \/>\n&#8220;Daima mevsimlik tar\u0131m i\u015f\u00e7ilerimizin yan\u0131nday\u0131z&#8221;<br \/>\nMersin B\u00fcy\u00fck\u015fehir Belediyesi olarak daima mevsimlik tar\u0131m i\u015f\u00e7ilerinin yan\u0131nda olduklar\u0131n\u0131 vurgulayan Sosyal Hizmetler Dairesi Uyum Masas\u0131&#8217;nda g\u00f6revli Nazire B\u00fcy\u00fckg\u00fcrses, &#8220;Buradaki \u00e7ad\u0131rda ya\u015fayan i\u015f\u00e7ilerimize \u00e7orba ve \u00e7ocuklara s\u00fct da\u011f\u0131t\u0131m\u0131 ger\u00e7ekle\u015ftirdik. Ger\u00e7ekten hepsi \u00e7ok mutlu oldular. Sosyal Hizmetler Dairesi olarak biz de bundan mutluluk duyduk. Biz Mersin B\u00fcy\u00fck\u015fehir Belediyesi olarak tar\u0131m i\u015f\u00e7ilerinin, \u00fcreticinin daima yan\u0131nday\u0131z&#8221; dedi.<br \/>\n&#8220;\u00c7ocuklar s\u00fct\u00fc al\u0131rken g\u00f6zlerindeki mutluluk bizim de i\u00e7imizi \u0131s\u0131tt\u0131&#8221;<br \/>\n\u00c7ocuklar\u0131n mutlulu\u011funun kendilerini de mutlu etti\u011fini vurgulayan B\u00fcy\u00fckg\u00fcrses, \u015funlar\u0131 s\u00f6yledi:<br \/>\n&#8220;Bug\u00fcn sabah \u00e7ad\u0131r alan\u0131na geldik. \u00c7ocuklar bizi b\u00fcy\u00fck bir co\u015fkuyla kar\u015f\u0131lad\u0131. Yabanc\u0131l\u0131k hissetmediler. \u00c7\u00fcnk\u00fc biz her f\u0131rsatta yanlar\u0131na geliyoruz ve Belediye olarak her f\u0131rsatta onlara yard\u0131mda bulunuyoruz. \u00c7ocuklar s\u00fct\u00fc al\u0131rken g\u00f6zlerindeki mutluluk bizim de i\u00e7imizi \u0131s\u0131tt\u0131. Daima onlar\u0131n yan\u0131nday\u0131z ve desteklemeye de devam edece\u011fiz.&#8221;<\/p>\n","protected":false},"excerpt":{"rendered":"<p>Mersin B\u00fcy\u00fck\u015fehir Belediyesi, &#8220;1 Ekmek 1 \u00c7orba&#8221; ve &#8220;S\u00fct Senin Gurur Mersin&#8217;in&#8221; projelerini, Akdeniz il\u00e7esi Adanal\u0131o\u011flu Mahallesi&#8217;nde ya\u015fayan mevsimlik tar\u0131m i\u015f\u00e7ilerine yapt\u0131\u011f\u0131 da\u011f\u0131t\u0131mlarla s\u00fcrd\u00fcrd\u00fc. B\u00fcy\u00fck\u015fehir Belediyesi Sosyal Hizmetler Dairesi koordinesinde &hellip; <a href=\"https:\/\/akdenizolaygazetesi.com\/?p=16456\" class=\"more-link\">Devam\u0131n\u0131 Oku&#8230;<\/a><\/p>\n","protected":false},"author":2,"featured_media":16457,"comment_status":"open","ping_status":"open","sticky":false,"template":"","format":"standard","meta":[],"categories":[34,1,3,5],"tags":[],"_links":{"self":[{"href":"https:\/\/akdenizolaygazetesi.com\/index.php?rest_route=\/wp\/v2\/posts\/16456"}],"collection":[{"href":"https:\/\/akdenizolaygazetesi.com\/index.php?rest_route=\/wp\/v2\/posts"}],"about":[{"href":"https:\/\/akdenizolaygazetesi.com\/index.php?rest_route=\/wp\/v2\/types\/post"}],"author":[{"embeddable":true,"href":"https:\/\/akdenizolaygazetesi.com\/index.php?rest_route=\/wp\/v2\/users\/2"}],"replies":[{"embeddable":true,"href":"https:\/\/akdenizolaygazetesi.com\/index.php?rest_route=%2Fwp%2Fv2%2Fcomments&post=16456"}],"version-history":[{"count":1,"href":"https:\/\/akdenizolaygazetesi.com\/index.php?rest_route=\/wp\/v2\/posts\/16456\/revisions"}],"predecessor-version":[{"id":16458,"href":"https:\/\/akdenizolaygazetesi.com\/index.php?rest_route=\/wp\/v2\/posts\/16456\/revisions\/16458"}],"wp:featuredmedia":[{"embeddable":true,"href":"https:\/\/akdenizolaygazetesi.com\/index.php?rest_route=\/wp\/v2\/media\/16457"}],"wp:attachment":[{"href":"https:\/\/akdenizolaygazetesi.com\/index.php?rest_route=%2Fwp%2Fv2%2Fmedia&parent=16456"}],"wp:term":[{"taxonomy":"category","embeddable":true,"href":"https:\/\/akdenizolaygazetesi.com\/index.php?rest_route=%2Fwp%2Fv2%2Fcategories&post=16456"},{"taxonomy":"post_tag","embeddable":true,"href":"https:\/\/akdenizolaygazetesi.com\/index.php?rest_route=%2Fwp%2Fv2%2Ftags&post=16456"}],"curies":[{"name":"wp","href":"https:\/\/api.w.org\/{rel}","templated":true}]}}