{"id":16459,"date":"2022-02-04T13:53:05","date_gmt":"2022-02-04T10:53:05","guid":{"rendered":"http:\/\/akdenizolaygazetesi.com\/?p=16459"},"modified":"2022-02-04T13:53:05","modified_gmt":"2022-02-04T10:53:05","slug":"cok-mutlu-oldular","status":"publish","type":"post","link":"https:\/\/akdenizolaygazetesi.com\/?p=16459","title":{"rendered":"&#8220;\u00c7ok Mutlu Oldular&#8221;"},"content":{"rendered":"<p>Mersin&#8217;in merkez il\u00e7e Toroslar Belediyesi&#8217;nin Arslank\u00f6y yaylas\u0131nda yapmay\u0131 planlad\u0131\u011f\u0131 Toroslar Kar Festivali&#8217;nin ikincisi, il\u00e7enin y\u00fcksek kesimlerinde devam eden yo\u011fun kar ya\u011f\u0131\u015f\u0131 dolay\u0131s\u0131yla ileri bir tarihe ertelendi.<\/p>\n<p>Toroslar Belediye Ba\u015fkan\u0131 Ats\u0131z Af\u015f\u0131n Y\u0131lmaz, heyecanla beklenen kar festivalini yaylalarda etkili olan kar ya\u011f\u0131\u015f\u0131 nedeniyle ileri tarihe erteledi ama yaylalardan merkezdeki mahallelere kamyonlarla kar g\u00f6ndererek, \u00e7ocuklar\u0131 sevindirdi.<\/p>\n<p>&#8220;\u00c7ok Mutlu Oldular&#8221;<\/p>\n<p>Halkkent, Osmaniye, Zeki Ayan, Akbelen ve H\u00fcseyin Okan Merzeci Mahalleleri&#8217;nde karla bulu\u015fan \u00e7ocuklar, aileleriyle e\u011flenceli dakikalar ge\u00e7irdi.<\/p>\n<p>Kartopu oynay\u0131p, kardan adam yapan \u00e7ocuklar\u0131n aras\u0131nda ilk kez kar g\u00f6renler ise heyecanlar\u0131n\u0131 gizleyemedi.<\/p>\n<p>\u00c7ocuklar, kendilerini karla bulu\u015fturdu\u011fu i\u00e7in Toroslar Belediye Ba\u015fkan\u0131 Ats\u0131z Af\u015f\u0131n Y\u0131lmaz&#8217;a te\u015fekk\u00fcr ederken, aileler ise \u00e7ocuklar\u0131n\u0131n e\u011flendi\u011fini ve \u00e7ok mutlu oldu\u011funu s\u00f6yledi.<\/p>\n<p>Ba\u015fkan Y\u0131lmaz: &#8220;Kar Festivalimizi Hava \u015eartlar\u0131 Nedeniyle Erteledik&#8221;<\/p>\n<p>Toroslar 2. Kar Festivali ile ilgili bilgi veren Ba\u015fkan Y\u0131lmaz, il\u00e7enin yaylalar\u0131nda son y\u0131llar\u0131n en y\u00fcksek kar ya\u011f\u0131\u015f\u0131n\u0131n ya\u015fand\u0131\u011f\u0131n\u0131 belirterek, karla m\u00fccadele \u00e7al\u0131\u015fmalar\u0131n\u0131n aral\u0131ks\u0131z devam etti\u011fini ancak ula\u015f\u0131mda aksakl\u0131klar\u0131n meydana gelmemesi ve vatanda\u015flar\u0131n olumsuz bir durumla kar\u015f\u0131la\u015fmamas\u0131 i\u00e7in festivali ileri bir tarihe ertelediklerini kaydetti.<\/p>\n<p>Kar Festivali ile Mersin&#8217;de bir ilki ger\u00e7ekle\u015ftirdiklerini s\u00f6yleyen Ba\u015fkan Y\u0131lmaz; &#8220;Kar festivalimizin ikincisini, bu hafta sonu yapmay\u0131 planl\u0131yorduk. \u0130l\u00e7emizin y\u00fcksek kesimlerinde devam eden yo\u011fun kar ya\u011f\u0131\u015f\u0131 sebebiyle ileri bir tarihe erteledik. Festival ile Mersin&#8217;de k\u0131\u015f turizmi ve sporlar\u0131 konusunda bir \u00e7\u0131\u011f\u0131r a\u00e7t\u0131k. Bunu in\u015fallah devam ettirece\u011fiz. Toroslar\u0131m\u0131z\u0131n e\u015fsiz do\u011fas\u0131 e\u015fli\u011finde k\u0131\u015f sporlar\u0131n\u0131n, m\u00fczi\u011fin ve e\u011flencenin bir arada oldu\u011fu festivalimizde bu y\u0131l da 7&#8217;den 70&#8217;e herkesi bir araya getirece\u011fiz&#8221; diye konu\u015ftu.<\/p>\n","protected":false},"excerpt":{"rendered":"<p>Mersin&#8217;in merkez il\u00e7e Toroslar Belediyesi&#8217;nin Arslank\u00f6y yaylas\u0131nda yapmay\u0131 planlad\u0131\u011f\u0131 Toroslar Kar Festivali&#8217;nin ikincisi, il\u00e7enin y\u00fcksek kesimlerinde devam eden yo\u011fun kar ya\u011f\u0131\u015f\u0131 dolay\u0131s\u0131yla ileri bir tarihe ertelendi. Toroslar Belediye Ba\u015fkan\u0131 Ats\u0131z &hellip; <a href=\"https:\/\/akdenizolaygazetesi.com\/?p=16459\" class=\"more-link\">Devam\u0131n\u0131 Oku&#8230;<\/a><\/p>\n","protected":false},"author":2,"featured_media":16460,"comment_status":"open","ping_status":"open","sticky":false,"template":"","format":"standard","meta":[],"categories":[3,5],"tags":[],"_links":{"self":[{"href":"https:\/\/akdenizolaygazetesi.com\/index.php?rest_route=\/wp\/v2\/posts\/16459"}],"collection":[{"href":"https:\/\/akdenizolaygazetesi.com\/index.php?rest_route=\/wp\/v2\/posts"}],"about":[{"href":"https:\/\/akdenizolaygazetesi.com\/index.php?rest_route=\/wp\/v2\/types\/post"}],"author":[{"embeddable":true,"href":"https:\/\/akdenizolaygazetesi.com\/index.php?rest_route=\/wp\/v2\/users\/2"}],"replies":[{"embeddable":true,"href":"https:\/\/akdenizolaygazetesi.com\/index.php?rest_route=%2Fwp%2Fv2%2Fcomments&post=16459"}],"version-history":[{"count":1,"href":"https:\/\/akdenizolaygazetesi.com\/index.php?rest_route=\/wp\/v2\/posts\/16459\/revisions"}],"predecessor-version":[{"id":16461,"href":"https:\/\/akdenizolaygazetesi.com\/index.php?rest_route=\/wp\/v2\/posts\/16459\/revisions\/16461"}],"wp:featuredmedia":[{"embeddable":true,"href":"https:\/\/akdenizolaygazetesi.com\/index.php?rest_route=\/wp\/v2\/media\/16460"}],"wp:attachment":[{"href":"https:\/\/akdenizolaygazetesi.com\/index.php?rest_route=%2Fwp%2Fv2%2Fmedia&parent=16459"}],"wp:term":[{"taxonomy":"category","embeddable":true,"href":"https:\/\/akdenizolaygazetesi.com\/index.php?rest_route=%2Fwp%2Fv2%2Fcategories&post=16459"},{"taxonomy":"post_tag","embeddable":true,"href":"https:\/\/akdenizolaygazetesi.com\/index.php?rest_route=%2Fwp%2Fv2%2Ftags&post=16459"}],"curies":[{"name":"wp","href":"https:\/\/api.w.org\/{rel}","templated":true}]}}