{"id":1646,"date":"2020-11-04T18:22:11","date_gmt":"2020-11-04T15:22:11","guid":{"rendered":"http:\/\/mersinekonomipolitikagazetesi.com\/?p=1646"},"modified":"2020-11-04T18:22:11","modified_gmt":"2020-11-04T15:22:11","slug":"yoruklerin-28-yillik-yol-hasreti-bitiyor","status":"publish","type":"post","link":"https:\/\/akdenizolaygazetesi.com\/?p=1646","title":{"rendered":"Y\u00f6r\u00fcklerin 28 y\u0131ll\u0131k yol hasreti bitiyor"},"content":{"rendered":"<p>Mersin B\u00fcy\u00fck\u015fehir Belediyesi, Mersin-Antalya il s\u0131n\u0131r\u0131nda kalan Ka\u015fpazar\u0131 Yaylas\u0131 yol yap\u0131m \u00e7al\u0131\u015fmalar\u0131n\u0131 ba\u015flatarak, yaylada ya\u015fayan Y\u00f6r\u00fcklerin 28 y\u0131ll\u0131k yol hasretine son verdi.<\/p>\n<p><span style=\"font-size:16px;\"><span style=\"font-family: sans-serif; line-height: 20px; text-align: justify; background-color: rgb(242, 244, 245);\">Mersin B\u00fcy\u00fck\u015fehir Belediyesi 2 bin 200 rak\u0131mda bulunan Anamur il\u00e7esine ba\u011fl\u0131 Ka\u015fpazar\u0131 Yaylas\u0131\u2019nda Y\u00f6r\u00fck k\u00fclt\u00fcr\u00fcn\u00fcn ebediyete kadar devam etmesi i\u00e7in yol yap\u0131m\u0131na ba\u015flad\u0131. Y\u0131l\u0131n belli zamanlar\u0131nda Anamur\u2019un Ka\u015fpazar\u0131 Yaylas\u0131\u2019na g\u00f6\u00e7 eden ve geneli hayvanc\u0131l\u0131kla u\u011fra\u015fan Y\u00f6r\u00fckler, B\u00fcy\u00fck\u015fehir Belediyesi taraf\u0131ndan k\u0131\u015f aylar\u0131nda altyap\u0131s\u0131 tamamlanan, \u015fimdi de \u00fcst yap\u0131m\u0131na ba\u015flanan yol ile bu sezona sorunsuz bir g\u00f6\u00e7 ile ba\u015flayacak. Mersin\u2019in Anamur ve Antalya\u2019n\u0131n Gazipa\u015fa il\u00e7esinin ortakla\u015fa kulland\u0131\u011f\u0131, 1990 y\u0131l\u0131ndan beri yol hasreti olan Ka\u015fpazar\u0131 Yaylas\u0131\u2019n\u0131n, 28 y\u0131ll\u0131k yol hasretine Mersin B\u00fcy\u00fck\u015fehir Belediyesi son verecek. Binlerce Y\u00f6r\u00fck ve Mersin ile Antalya\u2019n\u0131n 40\u2019a yak\u0131n mahallesinin faydalanaca\u011f\u0131, yayla yolu yap\u0131m\u0131n\u0131n en k\u0131sa s\u00fcrede bitece\u011fi belirtildi. Muhtarl\u0131k \u0130\u015fleri Dairesi\u2019ne ba\u011fl\u0131 Anamur Koordinasyon \u015eube M\u00fcd\u00fcrl\u00fc\u011f\u00fc koordinesinde Yol Yap\u0131m Bak\u0131m ve Onar\u0131m Dairesi Ba\u015fkanl\u0131\u011f\u0131 ekipleri taraf\u0131ndan, 450 metre rak\u0131mdan 2 bin 200 metre rak\u0131ma kadar 21 kilometrelik yol yap\u0131laca\u011f\u0131 kaydedildi. Ayr\u0131ca yap\u0131lacak yol sayesinde, 700 adet b\u00fcz ile olas\u0131 do\u011fal afetlerin \u00f6n\u00fcne ge\u00e7ilece\u011fi kaydedildi.\u00a0<\/span><br style=\"box-sizing: border-box; font-family: sans-serif; font-size: 14px; line-height: 20px; text-align: justify; background-color: rgb(242, 244, 245);\" \/><br \/>\n<span style=\"font-family: sans-serif; line-height: 20px; text-align: justify; background-color: rgb(242, 244, 245);\">Kocamaz\u2019\u0131n se\u00e7imden \u00f6nce kendilerine bu yolun yap\u0131m\u0131 i\u00e7in s\u00f6z verdi\u011fini ifade eden K\u0131z\u0131laliler Mahalle Muhtar\u0131 ve \u00c7ilek \u00dcreticileri Tar\u0131msal Kalk\u0131nma Kooperatifi Ba\u015fkan\u0131 Mehmet Sar\u0131, \u201c\u015eu anki bulundu\u011fumuz yer Ka\u015fpazar\u0131 Yaylas\u0131, Toroslar\u2019\u0131n zirvesi. Antalya-Mersin il s\u0131n\u0131r\u0131nday\u0131z. Mevcut yol 1990 y\u0131llar\u0131nda a\u00e7\u0131lm\u0131\u015f ama ba\u015fka hizmet g\u00f6rmemi\u015f bir yoldu. Bug\u00fcn Burhanettin Kocamaz ba\u015fkan\u0131m\u0131z sayesinde gerekli hizmet yap\u0131l\u0131yor. Cumhuriyet tarihinde ilk defa b\u00f6yle bir \u00e7al\u0131\u015fma yap\u0131l\u0131yor. Yol a\u00e7mak kolay ama sonra oraya yap\u0131lacak i\u015flemler \u00e7ok zor. \u015eu anda Anamur\u2019dan 20 civar\u0131nda mahalle, bir o kadar da Antalya Gazipa\u015fa Mahallesi kullan\u0131yor. Gazipa\u015fa\u2019dan muhtarlar gelip Burhanettin Ba\u015fkan\u0131m\u0131za te\u015fekk\u00fcrlerini ilettiler. Her iki ile birden hizmet vermek her babayi\u011fidin hakk\u0131 de\u011fildir. Ba\u015fkan\u0131m\u0131zdan Allah raz\u0131 olsun. Konu\u015fmas\u0131nda s\u00f6z vermi\u015fti ve Y\u00f6r\u00fcklerin ma\u011fduriyeti giderilecek demi\u015fti. S\u00f6z\u00fcn\u00fc de tuttu. \u00c7ok te\u015fekk\u00fcr ederiz\u201d dedi.\u00a0<\/span><\/span><\/p>\n","protected":false},"excerpt":{"rendered":"<p>Mersin B\u00fcy\u00fck\u015fehir Belediyesi, Mersin-Antalya il s\u0131n\u0131r\u0131nda kalan Ka\u015fpazar\u0131 Yaylas\u0131 yol yap\u0131m \u00e7al\u0131\u015fmalar\u0131n\u0131 ba\u015flatarak, yaylada ya\u015fayan Y\u00f6r\u00fcklerin 28 y\u0131ll\u0131k yol hasretine son verdi. Mersin B\u00fcy\u00fck\u015fehir Belediyesi 2 bin 200 rak\u0131mda bulunan &hellip; <a href=\"https:\/\/akdenizolaygazetesi.com\/?p=1646\" class=\"more-link\">Devam\u0131n\u0131 Oku&#8230;<\/a><\/p>\n","protected":false},"author":1,"featured_media":0,"comment_status":"open","ping_status":"open","sticky":false,"template":"","format":"standard","meta":[],"categories":[],"tags":[],"_links":{"self":[{"href":"https:\/\/akdenizolaygazetesi.com\/index.php?rest_route=\/wp\/v2\/posts\/1646"}],"collection":[{"href":"https:\/\/akdenizolaygazetesi.com\/index.php?rest_route=\/wp\/v2\/posts"}],"about":[{"href":"https:\/\/akdenizolaygazetesi.com\/index.php?rest_route=\/wp\/v2\/types\/post"}],"author":[{"embeddable":true,"href":"https:\/\/akdenizolaygazetesi.com\/index.php?rest_route=\/wp\/v2\/users\/1"}],"replies":[{"embeddable":true,"href":"https:\/\/akdenizolaygazetesi.com\/index.php?rest_route=%2Fwp%2Fv2%2Fcomments&post=1646"}],"version-history":[{"count":0,"href":"https:\/\/akdenizolaygazetesi.com\/index.php?rest_route=\/wp\/v2\/posts\/1646\/revisions"}],"wp:attachment":[{"href":"https:\/\/akdenizolaygazetesi.com\/index.php?rest_route=%2Fwp%2Fv2%2Fmedia&parent=1646"}],"wp:term":[{"taxonomy":"category","embeddable":true,"href":"https:\/\/akdenizolaygazetesi.com\/index.php?rest_route=%2Fwp%2Fv2%2Fcategories&post=1646"},{"taxonomy":"post_tag","embeddable":true,"href":"https:\/\/akdenizolaygazetesi.com\/index.php?rest_route=%2Fwp%2Fv2%2Ftags&post=1646"}],"curies":[{"name":"wp","href":"https:\/\/api.w.org\/{rel}","templated":true}]}}