{"id":16462,"date":"2022-02-04T13:55:46","date_gmt":"2022-02-04T10:55:46","guid":{"rendered":"http:\/\/akdenizolaygazetesi.com\/?p=16462"},"modified":"2022-02-04T13:55:46","modified_gmt":"2022-02-04T10:55:46","slug":"erdogan-anayasaya-aykiri-hareket-ediyor","status":"publish","type":"post","link":"https:\/\/akdenizolaygazetesi.com\/?p=16462","title":{"rendered":"&#8220;Erdo\u011fan Anayasa&#8217;ya ayk\u0131r\u0131 hareket ediyor&#8221;"},"content":{"rendered":"<p>Cumhurba\u015fkan\u0131 Recep Tayyip Erdo\u011fan&#8217;\u0131n A\u0130HM&#8217;nin Osman Kavala karar\u0131n\u0131 tan\u0131mad\u0131\u011f\u0131n\u0131 a\u00e7\u0131klamas\u0131 sonras\u0131nda CHP&#8217;den tepki geldi.<\/p>\n<p>CHP Mersin Milletvekili Alpay Antmen, AKP&#8217;nin A\u0130HM&#8217;nin Osman Kavala karar\u0131n\u0131 tan\u0131mamas\u0131n\u0131n T\u00fcrkiye&#8217;yi Avrupa&#8217;dan, Ortado\u011fu batakl\u0131\u011f\u0131na g\u00f6t\u00fcrmek demek oldu\u011funu belirterek &#8220;1989 y\u0131l\u0131nda A\u0130HM&#8217;nin yarg\u0131 yetkisini T\u00fcrkiye kabul etti. Yani A\u0130HM bir i\u00e7 mahkeme. \u015eu anda Saray ve AKP Genel Ba\u015fkan\u0131 Tayyip Erdo\u011fan Anayasa&#8217;ya ayk\u0131r\u0131 hareket ediyor&#8221; dedi.<\/p>\n<p>Antmen, a\u00e7\u0131klamas\u0131nda 2004 y\u0131l\u0131nda Anayasa&#8217;n\u0131n 90. Maddesine bir h\u00fckm\u00fcn eklendi\u011fini s\u00f6yleyerek &#8220;Burada kanunla, uluslararas\u0131 kanun \u00e7eli\u015fti\u011finde son karar\u0131n A\u0130HM taraf\u0131ndan verilece\u011fi kesinle\u015ftirilmi\u015ftir. Bu art\u0131k bir i\u00e7 hukuk kural\u0131d\u0131r&#8221; ifadelerini kulland\u0131.<\/p>\n<p>T\u00fcrkiye Cumhuriyeti vatanda\u015flar\u0131n\u0131n tamam\u0131n\u0131n Avrupa \u0130nsan Haklar\u0131 Mahkemesi karar\u0131na uymak zorunda oldu\u011funu belirten CHP&#8217;li Vekil &#8220;A\u0130HM&#8217;nin karar\u0131n\u0131 tan\u0131m\u0131yorum demek, ona ayar vermeye \u00e7al\u0131\u015fmak demektir. Mahkemeden istedi\u011fi karar\u0131 \u00e7\u0131kmay\u0131nca onu tan\u0131m\u0131yorum diyemezsin. AKP&#8217;nin ve Erdo\u011fan&#8217;\u0131n istedi\u011fi \u015fey T\u00fcrkiye&#8217;nin Avrupa Konseyinden at\u0131lmas\u0131 ve \u00fclkeyi bir Ortado\u011fu batakl\u0131\u011f\u0131, kabile devleti yapmak&#8221; dedi.<\/p>\n","protected":false},"excerpt":{"rendered":"<p>Cumhurba\u015fkan\u0131 Recep Tayyip Erdo\u011fan&#8217;\u0131n A\u0130HM&#8217;nin Osman Kavala karar\u0131n\u0131 tan\u0131mad\u0131\u011f\u0131n\u0131 a\u00e7\u0131klamas\u0131 sonras\u0131nda CHP&#8217;den tepki geldi. CHP Mersin Milletvekili Alpay Antmen, AKP&#8217;nin A\u0130HM&#8217;nin Osman Kavala karar\u0131n\u0131 tan\u0131mamas\u0131n\u0131n T\u00fcrkiye&#8217;yi Avrupa&#8217;dan, Ortado\u011fu batakl\u0131\u011f\u0131na g\u00f6t\u00fcrmek &hellip; <a href=\"https:\/\/akdenizolaygazetesi.com\/?p=16462\" class=\"more-link\">Devam\u0131n\u0131 Oku&#8230;<\/a><\/p>\n","protected":false},"author":2,"featured_media":16463,"comment_status":"open","ping_status":"open","sticky":false,"template":"","format":"standard","meta":[],"categories":[7,1,3,6],"tags":[],"_links":{"self":[{"href":"https:\/\/akdenizolaygazetesi.com\/index.php?rest_route=\/wp\/v2\/posts\/16462"}],"collection":[{"href":"https:\/\/akdenizolaygazetesi.com\/index.php?rest_route=\/wp\/v2\/posts"}],"about":[{"href":"https:\/\/akdenizolaygazetesi.com\/index.php?rest_route=\/wp\/v2\/types\/post"}],"author":[{"embeddable":true,"href":"https:\/\/akdenizolaygazetesi.com\/index.php?rest_route=\/wp\/v2\/users\/2"}],"replies":[{"embeddable":true,"href":"https:\/\/akdenizolaygazetesi.com\/index.php?rest_route=%2Fwp%2Fv2%2Fcomments&post=16462"}],"version-history":[{"count":1,"href":"https:\/\/akdenizolaygazetesi.com\/index.php?rest_route=\/wp\/v2\/posts\/16462\/revisions"}],"predecessor-version":[{"id":16464,"href":"https:\/\/akdenizolaygazetesi.com\/index.php?rest_route=\/wp\/v2\/posts\/16462\/revisions\/16464"}],"wp:featuredmedia":[{"embeddable":true,"href":"https:\/\/akdenizolaygazetesi.com\/index.php?rest_route=\/wp\/v2\/media\/16463"}],"wp:attachment":[{"href":"https:\/\/akdenizolaygazetesi.com\/index.php?rest_route=%2Fwp%2Fv2%2Fmedia&parent=16462"}],"wp:term":[{"taxonomy":"category","embeddable":true,"href":"https:\/\/akdenizolaygazetesi.com\/index.php?rest_route=%2Fwp%2Fv2%2Fcategories&post=16462"},{"taxonomy":"post_tag","embeddable":true,"href":"https:\/\/akdenizolaygazetesi.com\/index.php?rest_route=%2Fwp%2Fv2%2Ftags&post=16462"}],"curies":[{"name":"wp","href":"https:\/\/api.w.org\/{rel}","templated":true}]}}