{"id":1647,"date":"2020-11-04T18:22:11","date_gmt":"2020-11-04T15:22:11","guid":{"rendered":"http:\/\/mersinekonomipolitikagazetesi.com\/?p=1647"},"modified":"2020-11-04T18:22:11","modified_gmt":"2020-11-04T15:22:11","slug":"engelli-annenin-hayali-icin-adim-atildi","status":"publish","type":"post","link":"https:\/\/akdenizolaygazetesi.com\/?p=1647","title":{"rendered":"Engelli annenin hayali i\u00e7in ad\u0131m at\u0131ld\u0131"},"content":{"rendered":"<p>Mersin&#8217;de 6 y\u0131l \u00f6nce ge\u00e7irdi\u011fi rahats\u0131zl\u0131k sonucunda y\u00fcr\u00fcyemez hale gelen ve ak\u00fcl\u00fc araba isteyen Kader Aykan&#8217;a B\u00fcy\u00fck\u015fehir Belediyesi tekerlekli sandalye hediye etti Aykan, &#8220;Mutluyum ama i\u00e7imde halen bir h\u00fcz\u00fcn var. \u00c7\u00fcnk\u00fc benim tedavimden sonraki hayalim ak\u00fcl\u00fc araba. O\u011flumun annesiz kalmas\u0131n\u0131 istemiyorum&#8221; dedi.<\/p>\n<p><span style=\"font-size:16px;\"><span style=\"font-family: sans-serif; line-height: 20px; text-align: justify; background-color: rgb(242, 244, 245);\">Mersin&#8217;in merkez Toroslar il\u00e7esinde ya\u015fayan evli ve 1 \u00e7ocuk annesi Kader Aykan (30), 6 y\u0131l \u00f6nce ge\u00e7irdi\u011fi bir rahats\u0131zl\u0131k sonucunda neredeyse y\u00fcr\u00fcyemez duruma geldi. Y\u00fczde 74 engelli olan talihsiz kad\u0131n, y\u00fcr\u00fcte\u00e7 ve yak\u0131nlar\u0131n\u0131n yard\u0131m\u0131 ile ancak birka\u00e7 ad\u0131m y\u00fcr\u00fcyebilirken, yetkililerden yard\u0131m istedi. \u0130hlas Haber Ajans\u0131&#8217;n\u0131n (\u0130HA) 27 Mart&#8217;ta &#8220;Engelli annenin tek iste\u011fi o\u011flunun 23 Nisan\u2019daki g\u00f6sterisini izlemek&#8221; ba\u015fl\u0131kl\u0131 haberiyle harekete ge\u00e7en Mersin B\u00fcy\u00fck\u015fehir Belediyesi Engelliler Dairesi Ba\u015fkanl\u0131\u011f\u0131 ekipleri, gen\u00e7 kad\u0131n\u0131n hayalini ger\u00e7ekle\u015ftirmesi i\u00e7in ilk ad\u0131m\u0131 att\u0131. Kad\u0131na ilk etapta tekerlikli sandalye veren ekiplerin, doktor kontrol\u00fcnden sonra ak\u00fcl\u00fc ara\u00e7 vermesi bekleniyor.\u00a0<\/span><br style=\"box-sizing: border-box; font-family: sans-serif; font-size: 14px; line-height: 20px; text-align: justify; background-color: rgb(242, 244, 245);\" \/><br \/>\n<span style=\"font-family: sans-serif; line-height: 20px; text-align: justify; background-color: rgb(242, 244, 245);\">Kader Aykan, mutlu oldu\u011funu ancak i\u00e7inde halen bir h\u00fczn\u00fcn oldu\u011funu s\u00f6yledi. Ak\u00fcl\u00fc sandalyenin kafas\u0131n\u0131 \u00e7ok kar\u0131\u015ft\u0131rd\u0131\u011f\u0131n\u0131 vurgulayan Aykan, &#8220;Olmayacak diye korkuyorum. \u00c7\u00fcnk\u00fc benim tedaviden sonraki tek hayalim ak\u00fcl\u00fc ara\u00e7t\u0131. Olsun istiyorum. Yetkililer veya bir hay\u0131rsever vermese de tabii ki de bundan sonra hayat devam ediyor. \u00d6m\u00fcr bir \u015fekilde ge\u00e7ecek ama ben hayat \u015fartlar\u0131m\u0131z\u0131n iyi olmas\u0131 i\u00e7in elimden geleni yapaca\u011f\u0131m. Art\u0131k para biriktirmeye ba\u015flayaca\u011f\u0131m. G\u00fcnl\u00fck kenara ne koyabilirsem koyaca\u011f\u0131m. Bu 1 lira olur, 2 lira olur biriktirece\u011fim. B\u00f6ylece ak\u00fcl\u00fc ara\u00e7 paras\u0131n\u0131 toplayaca\u011f\u0131m. Tek iste\u011fim bu. KPSS&#8217;ye de haz\u0131rlan\u0131yorum. Hani in\u015fallah bunun da bir faydas\u0131 olur bana&#8221; diye konu\u015ftu.\u00a0<\/span><br style=\"box-sizing: border-box; font-family: sans-serif; font-size: 14px; line-height: 20px; text-align: justify; background-color: rgb(242, 244, 245);\" \/><br \/>\n<br style=\"box-sizing: border-box; font-family: sans-serif; font-size: 14px; line-height: 20px; text-align: justify; background-color: rgb(242, 244, 245);\" \/><br \/>\n<span style=\"font-family: sans-serif; line-height: 20px; text-align: justify; background-color: rgb(242, 244, 245);\">&#8220;O\u011flumun annesiz kalmas\u0131n\u0131 istemiyorum&#8221;\u00a0<\/span><br style=\"box-sizing: border-box; font-family: sans-serif; font-size: 14px; line-height: 20px; text-align: justify; background-color: rgb(242, 244, 245);\" \/><br \/>\n<span style=\"font-family: sans-serif; line-height: 20px; text-align: justify; background-color: rgb(242, 244, 245);\">23 Nisan&#8217;da o\u011flunu mutlu etmek istedi\u011fini vurgulayan Aykan, &#8220;Kafamdan ge\u00e7en sadece bu. Onun mutlulu\u011fuyla ben mutlu olaca\u011f\u0131m. Zaten benim tek istedi\u011fim buydu. Ben 23 Nisan&#8217;da g\u00f6steriye gitmek, g\u00f6steriyi izlemek istiyorum. O\u011flum desin ki &#8216;annem de gelmi\u015f, annem de burada.&#8217; Herkesin annesi varken o\u011flumunkinin yok olmas\u0131n\u0131 istemiyorum. Bug\u00fcne kadar hep tek ba\u015f\u0131nayd\u0131, hep boynu b\u00fck\u00fckt\u00fc. Bana bazen \u015fa\u015f\u0131r\u0131yor &#8216;nene&#8217; diyor. O\u011flumun bu durumlara d\u00fc\u015fmesini istemiyorum. O\u011flumun annesiz kalmas\u0131n\u0131 istemiyorum. O\u011flumla zaman ge\u00e7irmek istiyorum. Benim o\u011flumla ge\u00e7irmek istedi\u011fim zamanlar var. Ben onunla d\u0131\u015far\u0131 \u00e7\u0131kmak, parkta gezmek istiyorum&#8221; \u015feklinde konu\u015ftu.\u00a0<\/span><br style=\"box-sizing: border-box; font-family: sans-serif; font-size: 14px; line-height: 20px; text-align: justify; background-color: rgb(242, 244, 245);\" \/><br \/>\n<br style=\"box-sizing: border-box; font-family: sans-serif; font-size: 14px; line-height: 20px; text-align: justify; background-color: rgb(242, 244, 245);\" \/><br \/>\n<span style=\"font-family: sans-serif; line-height: 20px; text-align: justify; background-color: rgb(242, 244, 245);\">&#8220;Maddi durumum yok diye Ankara&#8217;ya gidemiyorum&#8221;\u00a0<\/span><br style=\"box-sizing: border-box; font-family: sans-serif; font-size: 14px; line-height: 20px; text-align: justify; background-color: rgb(242, 244, 245);\" \/><br \/>\n<span style=\"font-family: sans-serif; line-height: 20px; text-align: justify; background-color: rgb(242, 244, 245);\">Maddi durumu olmad\u0131\u011f\u0131 i\u00e7in Ankara\u2019ya gidemedi\u011fini vurgulayan Aykan, \u201cAnkara\u2019ya gitmem laz\u0131m. \u00d6yle bekliyorum. \u015eu anda oldu\u011fum yerde duruyorum. 2 y\u0131ld\u0131r Ankara&#8217;daki doktorumla hi\u00e7 g\u00f6r\u00fc\u015fmedim, konu\u015fmad\u0131m. Konu\u015fmam, g\u00f6r\u00fc\u015fmem gerekiyor. Bu y\u00fczden de 2 y\u0131ld\u0131r geriye do\u011fru gidiyorum. Kesin bir te\u015fhis yok ama beyinde lezyon var. Bu lezyonlar da denge merkezini etkiliyormu\u015f. O y\u00fczden dengemi sa\u011flayam\u0131yorum. Buradaki doktorlar\u0131n hi\u00e7biri bana umut vermiyor. Bu hastal\u0131\u011f\u0131n tedavisi ba\u015fka bir yerde var m\u0131 yok mu onu bilmiyorum. \u00c7\u00fcnk\u00fc bana hi\u00e7bir \u015fekilde y\u00f6n g\u00f6stermiyorlar. Ke\u015fke bir umut verseler bana\u201d ifadelerini kulland\u0131.\u00a0<\/span><\/span><\/p>\n","protected":false},"excerpt":{"rendered":"<p>Mersin&#8217;de 6 y\u0131l \u00f6nce ge\u00e7irdi\u011fi rahats\u0131zl\u0131k sonucunda y\u00fcr\u00fcyemez hale gelen ve ak\u00fcl\u00fc araba isteyen Kader Aykan&#8217;a B\u00fcy\u00fck\u015fehir Belediyesi tekerlekli sandalye hediye etti Aykan, &#8220;Mutluyum ama i\u00e7imde halen bir h\u00fcz\u00fcn var. &hellip; <a href=\"https:\/\/akdenizolaygazetesi.com\/?p=1647\" class=\"more-link\">Devam\u0131n\u0131 Oku&#8230;<\/a><\/p>\n","protected":false},"author":1,"featured_media":0,"comment_status":"open","ping_status":"open","sticky":false,"template":"","format":"standard","meta":[],"categories":[],"tags":[],"_links":{"self":[{"href":"https:\/\/akdenizolaygazetesi.com\/index.php?rest_route=\/wp\/v2\/posts\/1647"}],"collection":[{"href":"https:\/\/akdenizolaygazetesi.com\/index.php?rest_route=\/wp\/v2\/posts"}],"about":[{"href":"https:\/\/akdenizolaygazetesi.com\/index.php?rest_route=\/wp\/v2\/types\/post"}],"author":[{"embeddable":true,"href":"https:\/\/akdenizolaygazetesi.com\/index.php?rest_route=\/wp\/v2\/users\/1"}],"replies":[{"embeddable":true,"href":"https:\/\/akdenizolaygazetesi.com\/index.php?rest_route=%2Fwp%2Fv2%2Fcomments&post=1647"}],"version-history":[{"count":0,"href":"https:\/\/akdenizolaygazetesi.com\/index.php?rest_route=\/wp\/v2\/posts\/1647\/revisions"}],"wp:attachment":[{"href":"https:\/\/akdenizolaygazetesi.com\/index.php?rest_route=%2Fwp%2Fv2%2Fmedia&parent=1647"}],"wp:term":[{"taxonomy":"category","embeddable":true,"href":"https:\/\/akdenizolaygazetesi.com\/index.php?rest_route=%2Fwp%2Fv2%2Fcategories&post=1647"},{"taxonomy":"post_tag","embeddable":true,"href":"https:\/\/akdenizolaygazetesi.com\/index.php?rest_route=%2Fwp%2Fv2%2Ftags&post=1647"}],"curies":[{"name":"wp","href":"https:\/\/api.w.org\/{rel}","templated":true}]}}