{"id":16471,"date":"2022-02-05T17:53:54","date_gmt":"2022-02-05T14:53:54","guid":{"rendered":"http:\/\/akdenizolaygazetesi.com\/?p=16471"},"modified":"2022-02-05T17:53:54","modified_gmt":"2022-02-05T14:53:54","slug":"buyuksehir-ekipleri-dort-dortluk-hizmet-verdi","status":"publish","type":"post","link":"https:\/\/akdenizolaygazetesi.com\/?p=16471","title":{"rendered":"&#8220;B\u00fcy\u00fck\u015fehir ekipleri d\u00f6rt d\u00f6rtl\u00fck hizmet verdi&#8221;"},"content":{"rendered":"<p>Son y\u0131llar\u0131n en sert k\u0131\u015f\u0131n\u0131n ya\u015fand\u0131\u011f\u0131 \u015fu g\u00fcnlerde y\u00fcksek kesimlerde karla m\u00fccadele \u00e7al\u0131\u015fmalar\u0131n\u0131 aral\u0131ks\u0131z s\u00fcrd\u00fcren Mersin B\u00fcy\u00fck\u015fehir Belediyesi, sosyal projeleriyle de vatanda\u015f\u0131n yan\u0131nda olmaya devam ediyor.<\/p>\n<p>Tarsus&#8217;ta yer yer kar kal\u0131nl\u0131\u011f\u0131n\u0131n 1 metrenin \u00fcst\u00fcne \u00e7\u0131kt\u0131\u011f\u0131 Ard\u0131\u00e7l\u0131 Mahallesi&#8217;nde B\u00fcy\u00fck\u015fehir Belediyesi ekipleri hem karla m\u00fccadele \u00e7al\u0131\u015fmas\u0131 hem de yemek da\u011f\u0131t\u0131m\u0131 ger\u00e7ekle\u015ftirdi. Kad\u0131n ve Aile Hizmetleri Dairesi&#8217;ne ba\u011fl\u0131 Tarsus Gen\u00e7lik Kamp\u0131&#8217;nda usta a\u015f\u00e7\u0131lar taraf\u0131ndan haz\u0131rlanan kuru fasulye ve pilav vatanda\u015flara ikram edildi.<\/p>\n<p>&#8220;B\u00fcy\u00fck\u015fehir ekipleri d\u00f6rt d\u00f6rtl\u00fck hizmet verdi&#8221;<\/p>\n<p>Merkezde yap\u0131lan yemek da\u011f\u0131t\u0131m\u0131 \u00f6ncesi camiden anons yapt\u0131rarak vatanda\u015flar\u0131 bilgilendiren Mahalle Muhtar\u0131 Duran Ali Aslan, &#8220;Sa\u011f olsun B\u00fcy\u00fck\u015fehir&#8217;in ekipleri; greydercisinden tuzlamac\u0131s\u0131na hepsi d\u00f6rt d\u00f6rtl\u00fck hizmet verdi. K\u00f6y\u00fcm\u00fcn yollar\u0131 a\u00e7\u0131ld\u0131. Bug\u00fcn itibariyle de k\u00f6ylerimize yemek servisi yapt\u0131lar. B\u00fcy\u00fck\u015fehir Belediye Ba\u015fkan\u0131m Say\u0131n Vahap Se\u00e7er Beye k\u00f6y\u00fcm ad\u0131na te\u015fekk\u00fcr ediyorum. Ger\u00e7ekten b\u00fcy\u00fck hizmetleri oldu \u015fu k\u0131\u015f ortam\u0131nda. Hele hele \u015fu s\u0131cak yeme\u011fi burada ikram etmelerinden dolay\u0131 b\u00fct\u00fcn ekibe te\u015fekk\u00fcr ediyorum&#8221; dedi.<\/p>\n<p>&#8220;Baya\u011f\u0131 kar ya\u011fd\u0131 ama yollarda hi\u00e7bir s\u0131k\u0131nt\u0131m\u0131z olmad\u0131&#8221;<\/p>\n<p>Mahalle sakinlerinden Celal Sakca da &#8220;Mersin B\u00fcy\u00fck\u015fehir Belediyesi&#8217;nden geldiler, yollar\u0131m\u0131z\u0131 a\u00e7t\u0131lar, yemek g\u00f6nderdiler. Sa\u011f olsunlar&#8221; diye konu\u015ftu.<\/p>\n<p>Mahallede dolmu\u015f\u00e7uluk yapan Rasim Avc\u0131 ise verilen hizmetlerin kendileri i\u00e7in \u00f6nemli oldu\u011funu belirterek, &#8220;10 g\u00fcnd\u00fcr bildi\u011finiz gibi baya\u011f\u0131 kar ya\u011fd\u0131 ama yollarda hi\u00e7bir s\u0131k\u0131nt\u0131m\u0131z olmad\u0131. Her g\u00fcn iki araba, \u00fc\u00e7 araba tuzlama yapt\u0131lar. Kep\u00e7eler, greyderler geldi. Bug\u00fcn de k\u00f6y\u00fcm\u00fcze yemek veriyorlar&#8221; ifadelerini kulland\u0131.<\/p>\n","protected":false},"excerpt":{"rendered":"<p>Son y\u0131llar\u0131n en sert k\u0131\u015f\u0131n\u0131n ya\u015fand\u0131\u011f\u0131 \u015fu g\u00fcnlerde y\u00fcksek kesimlerde karla m\u00fccadele \u00e7al\u0131\u015fmalar\u0131n\u0131 aral\u0131ks\u0131z s\u00fcrd\u00fcren Mersin B\u00fcy\u00fck\u015fehir Belediyesi, sosyal projeleriyle de vatanda\u015f\u0131n yan\u0131nda olmaya devam ediyor. Tarsus&#8217;ta yer yer kar &hellip; <a href=\"https:\/\/akdenizolaygazetesi.com\/?p=16471\" class=\"more-link\">Devam\u0131n\u0131 Oku&#8230;<\/a><\/p>\n","protected":false},"author":2,"featured_media":16472,"comment_status":"open","ping_status":"open","sticky":false,"template":"","format":"standard","meta":[],"categories":[2,3,5],"tags":[],"_links":{"self":[{"href":"https:\/\/akdenizolaygazetesi.com\/index.php?rest_route=\/wp\/v2\/posts\/16471"}],"collection":[{"href":"https:\/\/akdenizolaygazetesi.com\/index.php?rest_route=\/wp\/v2\/posts"}],"about":[{"href":"https:\/\/akdenizolaygazetesi.com\/index.php?rest_route=\/wp\/v2\/types\/post"}],"author":[{"embeddable":true,"href":"https:\/\/akdenizolaygazetesi.com\/index.php?rest_route=\/wp\/v2\/users\/2"}],"replies":[{"embeddable":true,"href":"https:\/\/akdenizolaygazetesi.com\/index.php?rest_route=%2Fwp%2Fv2%2Fcomments&post=16471"}],"version-history":[{"count":1,"href":"https:\/\/akdenizolaygazetesi.com\/index.php?rest_route=\/wp\/v2\/posts\/16471\/revisions"}],"predecessor-version":[{"id":16473,"href":"https:\/\/akdenizolaygazetesi.com\/index.php?rest_route=\/wp\/v2\/posts\/16471\/revisions\/16473"}],"wp:featuredmedia":[{"embeddable":true,"href":"https:\/\/akdenizolaygazetesi.com\/index.php?rest_route=\/wp\/v2\/media\/16472"}],"wp:attachment":[{"href":"https:\/\/akdenizolaygazetesi.com\/index.php?rest_route=%2Fwp%2Fv2%2Fmedia&parent=16471"}],"wp:term":[{"taxonomy":"category","embeddable":true,"href":"https:\/\/akdenizolaygazetesi.com\/index.php?rest_route=%2Fwp%2Fv2%2Fcategories&post=16471"},{"taxonomy":"post_tag","embeddable":true,"href":"https:\/\/akdenizolaygazetesi.com\/index.php?rest_route=%2Fwp%2Fv2%2Ftags&post=16471"}],"curies":[{"name":"wp","href":"https:\/\/api.w.org\/{rel}","templated":true}]}}