{"id":16474,"date":"2022-02-05T17:55:49","date_gmt":"2022-02-05T14:55:49","guid":{"rendered":"http:\/\/akdenizolaygazetesi.com\/?p=16474"},"modified":"2022-02-05T17:55:49","modified_gmt":"2022-02-05T14:55:49","slug":"is-dunyasinin-gelecegi-dijital-donusumde","status":"publish","type":"post","link":"https:\/\/akdenizolaygazetesi.com\/?p=16474","title":{"rendered":"\u0130\u015f d\u00fcnyas\u0131n\u0131n gelece\u011fi dijital d\u00f6n\u00fc\u015f\u00fcmde"},"content":{"rendered":"<p>Mersin B\u00fcy\u00fck\u015fehir Belediyesi Kariyer Merkezi, 2020 y\u0131l\u0131nda hayata ge\u00e7irdi\u011fi &#8220;Dijital Liderler Mersin&#8217;de Projesi&#8221;ne t\u00fcm h\u0131z\u0131yla devam ediyor.  Bu kapsamda ger\u00e7ekle\u015ftirilen ve LC Waikiki E-Ticaret Genel M\u00fcd\u00fcr\u00fc \u00d6mer Barbaros Yis&#8217;in konuk oldu\u011fu \u00e7evrimi\u00e7i program\u0131n konusu &#8220;Gelece\u011fin \u0130\u015f D\u00fcnyas\u0131 ve E-Ticaret&#8221; oldu.<\/p>\n<p>\u0130\u015f d\u00fcnyas\u0131n\u0131n gelece\u011fi dijital d\u00f6n\u00fc\u015f\u00fcmde<\/p>\n<p>Kariyer Merkezi&#8217;nin \u00e7evrimi\u00e7i program\u0131nda, dijital d\u00f6n\u00fc\u015f\u00fcm s\u00fcrecinin en fazla etkiledi\u011fi konular\u0131n ba\u015f\u0131nda gelen &#8220;Gelece\u011fin \u00c7al\u0131\u015fma Hayat\u0131 ve E- Ticaret&#8221; konusu g\u00fcndeme al\u0131nd\u0131. LC Waikiki E-Ticaret Genel M\u00fcd\u00fcr\u00fc \u00d6mer Barbaros Yis&#8217;in konuk oldu\u011fu \u00e7evrimi\u00e7i programda &#8220;Kurumsal Hayattaki Geli\u015fmeler, Dijitalle\u015fme, E-Ticaret, \u0130nsan Y\u00f6netimi ve Gelecek \u00d6ng\u00f6r\u00fcleri&#8221; konu ba\u015fl\u0131klar\u0131 ele al\u0131nd\u0131.<\/p>\n<p>Kariyer Merkezi: Kurumsal hayat\u0131n \u00e7\u00f6z\u00fcm orta\u011f\u0131<\/p>\n<p>2021&#8217;de ger\u00e7ekle\u015ftirilen projelere de\u011finen Kariyer Merkezi M\u00fcd\u00fcr\u00fc Serkan \u00d6zada, bir yandan Dijital Liderler Mersin&#8217;de Projesi&#8217;ni devam ettirdiklerini, di\u011fer yandan da yeni projeler i\u00e7in \u0130\u015eKUR ve \u0130l Milli E\u011fitim M\u00fcd\u00fcrl\u00fc\u011f\u00fc ile i\u015f birli\u011fi protokollerine imza att\u0131klar\u0131n\u0131 s\u00f6yledi. \u00d6zada, Yetenek D\u00f6n\u00fc\u015f\u00fcm Projesi&#8217;yle adaylara y\u00f6nelik &#8220;Mesleki E\u011fitim, Kariyer Rehberli\u011fi, \u0130\u015f Arama Dan\u0131\u015fmanl\u0131\u011f\u0131&#8221; konusunda destek sa\u011flayacaklar\u0131n\u0131 vurgulad\u0131.<\/p>\n<p>Dijital Liderler Mersin&#8217;de Projesi&#8217;ni 2020 y\u0131l\u0131nda ba\u015flatt\u0131klar\u0131n\u0131 hat\u0131rlatan \u00d6zada, \u00f6zellikle pandemi s\u00fcreci ile ya\u015fanan dijital devrim konusunda fark\u0131ndal\u0131k uyand\u0131rmak amac\u0131yla ulusal ve uluslararas\u0131 firmalar\u0131n \u00fcst d\u00fczey y\u00f6neticileri ile i\u015f d\u00fcnyas\u0131n\u0131 bulu\u015fturduklar\u0131n\u0131 belirtti.<\/p>\n<p>\u0130\u015f ak\u0131\u015f\u0131na yeni y\u00f6ntemleri kazand\u0131rman\u0131n \u00f6nemine de\u011finildi<\/p>\n<p>LC Waikiki E-Ticaret Genel M\u00fcd\u00fcr\u00fc \u00d6mer Barbaros Yis, ger\u00e7ekle\u015ftirdi\u011fi sunumda pandemi s\u00fcrecinde ya\u015fanan de\u011fi\u015fime i\u015f d\u00fcnyas\u0131n\u0131n adapte olmak zorunda oldu\u011funu ve adaptasyon s\u00fcrecinin hala devam etti\u011fini belirtti. \u0130\u015f d\u00fcnyas\u0131 i\u00e7in &#8220;H\u0131z, Ki\u015fiselle\u015ftirme, Markala\u015ft\u0131r\u0131lm\u0131\u015f \u0130\u00e7erik, Samimiyet, \u0130yilik, Yeni Roller&#8221;  olmak \u00fczere 6 kavram\u0131n y\u00fckseli\u015fe ge\u00e7ece\u011finin alt\u0131n\u0131 \u00e7izen Yis, \u00f6l\u00e7\u00fclebilir riskler \u00e7er\u00e7evesinde dene-geli\u015ftir felsefesi ile yeni y\u00f6ntemleri i\u015f ak\u0131\u015f\u0131na kazand\u0131rman\u0131n \u00f6nemine de\u011findi.<\/p>\n<p>Kariyer Merkezi&#8217;nin pandemi s\u00fcrecinin h\u0131zland\u0131rd\u0131\u011f\u0131 dijital d\u00f6n\u00fc\u015f\u00fcm s\u00fcrecinde i\u015f g\u00fcc\u00fc piyasas\u0131n\u0131n dinamiklerini gelece\u011fe haz\u0131rlamak \u00fczere bug\u00fcne kadar ger\u00e7ekle\u015ftirdi\u011fi 17 \u00e7evrimi\u00e7i programa yakla\u015f\u0131k 1300 ki\u015fi kat\u0131ld\u0131.<\/p>\n","protected":false},"excerpt":{"rendered":"<p>Mersin B\u00fcy\u00fck\u015fehir Belediyesi Kariyer Merkezi, 2020 y\u0131l\u0131nda hayata ge\u00e7irdi\u011fi &#8220;Dijital Liderler Mersin&#8217;de Projesi&#8221;ne t\u00fcm h\u0131z\u0131yla devam ediyor. Bu kapsamda ger\u00e7ekle\u015ftirilen ve LC Waikiki E-Ticaret Genel M\u00fcd\u00fcr\u00fc \u00d6mer Barbaros Yis&#8217;in konuk &hellip; <a href=\"https:\/\/akdenizolaygazetesi.com\/?p=16474\" class=\"more-link\">Devam\u0131n\u0131 Oku&#8230;<\/a><\/p>\n","protected":false},"author":2,"featured_media":16475,"comment_status":"open","ping_status":"open","sticky":false,"template":"","format":"standard","meta":[],"categories":[1,2,3,5],"tags":[],"_links":{"self":[{"href":"https:\/\/akdenizolaygazetesi.com\/index.php?rest_route=\/wp\/v2\/posts\/16474"}],"collection":[{"href":"https:\/\/akdenizolaygazetesi.com\/index.php?rest_route=\/wp\/v2\/posts"}],"about":[{"href":"https:\/\/akdenizolaygazetesi.com\/index.php?rest_route=\/wp\/v2\/types\/post"}],"author":[{"embeddable":true,"href":"https:\/\/akdenizolaygazetesi.com\/index.php?rest_route=\/wp\/v2\/users\/2"}],"replies":[{"embeddable":true,"href":"https:\/\/akdenizolaygazetesi.com\/index.php?rest_route=%2Fwp%2Fv2%2Fcomments&post=16474"}],"version-history":[{"count":1,"href":"https:\/\/akdenizolaygazetesi.com\/index.php?rest_route=\/wp\/v2\/posts\/16474\/revisions"}],"predecessor-version":[{"id":16476,"href":"https:\/\/akdenizolaygazetesi.com\/index.php?rest_route=\/wp\/v2\/posts\/16474\/revisions\/16476"}],"wp:featuredmedia":[{"embeddable":true,"href":"https:\/\/akdenizolaygazetesi.com\/index.php?rest_route=\/wp\/v2\/media\/16475"}],"wp:attachment":[{"href":"https:\/\/akdenizolaygazetesi.com\/index.php?rest_route=%2Fwp%2Fv2%2Fmedia&parent=16474"}],"wp:term":[{"taxonomy":"category","embeddable":true,"href":"https:\/\/akdenizolaygazetesi.com\/index.php?rest_route=%2Fwp%2Fv2%2Fcategories&post=16474"},{"taxonomy":"post_tag","embeddable":true,"href":"https:\/\/akdenizolaygazetesi.com\/index.php?rest_route=%2Fwp%2Fv2%2Ftags&post=16474"}],"curies":[{"name":"wp","href":"https:\/\/api.w.org\/{rel}","templated":true}]}}