{"id":1648,"date":"2020-11-04T18:22:11","date_gmt":"2020-11-04T15:22:11","guid":{"rendered":"http:\/\/mersinekonomipolitikagazetesi.com\/?p=1648"},"modified":"2020-11-04T18:22:11","modified_gmt":"2020-11-04T15:22:11","slug":"rayli-sistem-projesi-umut-verdi","status":"publish","type":"post","link":"https:\/\/akdenizolaygazetesi.com\/?p=1648","title":{"rendered":"RAYLI S\u0130STEM PROJES\u0130 UMUT VERD\u0130"},"content":{"rendered":"<p>Mersin B\u00fcy\u00fck\u015fehir Belediyesi Burhanettin Kocamaz \u00f6nc\u00fcl\u00fc\u011f\u00fcnde, \u201cGar-Mezitli aras\u0131 Rayl\u0131 Sistem Projesi\u201d ba\u015fl\u0131\u011f\u0131 alt\u0131nda  koordinasyon ve  bilgilendirme toplant\u0131s\u0131 ger\u00e7ekle\u015ftirdi. Kat\u0131l\u0131mc\u0131larla birlikte rayl\u0131 sistem projesinin nas\u0131l yap\u0131laca\u011f\u0131 konusunda bilgiler masaya yat\u0131r\u0131ld\u0131.<\/p>\n<blockquote type=\"cite\">\n<div dir=\"ltr\">\n<p><span style=\"font-size:16px;\">Mersin Kongre Sergi Saray\u0131nda Mersin B\u00fcy\u00fck\u015fehir Belediyesinin \u201cGar-Mezitli aras\u0131 Rayl\u0131 Sistem Projesi\u201d plan\u0131n hayata ge\u00e7irilmesi konusunda koordinasyon ve \u00a0bilgilendirme toplant\u0131s\u0131 d\u00fczenlendi.<\/span><\/p>\n<p>\u00a0<\/p>\n<p><span style=\"font-size:16px;\">Ger\u00e7ekle\u015ftirilen toplant\u0131ya Mersin Ticaret ve Sanayi Odas\u0131, T\u00fcrk M\u00fchendis ve Mimar Odalar\u0131 Birli\u011fi ve il\u00e7e belediye temsilcileri yer ald\u0131.<\/span><\/p>\n<p><span style=\"font-size:16px;\">Hafif rayl\u0131 sistemi bilgilendirme toplant\u0131s\u0131 Mersin B\u00fcy\u00fck\u015fehir Belediyesi Burhanettin Kocamaz \u00f6nc\u00fcl\u00fcnde ger\u00e7ekle\u015ferek \u00a0yap\u0131lacak olan \u201cGar-Mezitli aras\u0131 Rayl\u0131 Sistem Projesi\u201d \u00f6neminden bahsedilerek\u00a0 proje Mersin halk\u0131 i\u00e7in faydal\u0131 olaca\u011f\u0131 belirtildi.<\/span><\/p>\n<p>\u00a0<\/p>\n<p><span style=\"font-size:16px;\">Toplant\u0131ya kat\u0131lan Prota M\u00fchendislik Proje Dan\u0131\u015fmanl\u0131k Hizmeti A.\u015e.\u2019nin tasar\u0131m direkt\u00f6r\u00fc ve hafif rayl\u0131 sistemin proje mimar\u0131 Y\u0131ld\u0131ray Y\u0131ld\u0131zhan ise proje hakk\u0131nda bilgi vererek bas\u0131ndan gelen sorular\u0131 da cevaplad\u0131.<\/span><\/p>\n<p><span style=\"font-size:16px;\">Ard\u0131ndan Prota M\u00fchendislik Proje Dan\u0131\u015fmanl\u0131k Hizmeti A.\u015e. Genel M\u00fcd\u00fcr\u00fc Danyal Kubin\u2019de uygulamaya esas kesin projeyi en k\u0131sa s\u00fcrede bitirilece\u011fi konusunda s\u00f6z verdi.<\/span><\/p>\n<p>\u00a0<\/p>\n<p><span style=\"font-size:16px;\">\u201cKENT YA\u015eANTISINA KOLAYLIK GET\u0130RECEK\u201d<\/span><\/p>\n<p>\u00a0<\/p>\n<p><span style=\"font-size:16px;\">Toplant\u0131da hafif rayl\u0131 sistemin Mersin i\u00e7in bir ilk olaca\u011f\u0131n\u0131 belirten Kocamaz,gelecek nesilleri kar\u015f\u0131layaca\u011f\u0131n\u0131, onlara\u00a0 daha kolayl\u0131klar sa\u011flanaca\u011f\u0131n\u0131 dile getirdi. Projenin payda\u015flar\u0131yla bir araya gelerek bilgilendirmek istediklerini kaydeden Kocamaz, \u201cBildi\u011finiz gibi 9 Mart\u2019ta uygulamaya esas kesin proje i\u00e7in s\u00f6zle\u015fme imzalad\u0131k ve y\u00fcklenici firma proje \u00e7al\u0131\u015fmalar\u0131na ba\u015flad\u0131. \u00d6n haz\u0131rl\u0131k a\u015famas\u0131ndan sonra projenin nas\u0131l bir proje olaca\u011f\u0131 konusunda Mersin\u2019in payda\u015flar\u0131 ile bir araya gelip, bilgilendirmek istedik. Bu projenin Mersinimiz i\u00e7in ve bizden sonraki nesiller i\u00e7in hay\u0131rl\u0131, u\u011furlu olmas\u0131n\u0131 diliyorum. Bu proje hepimizin kentteki ya\u015fant\u0131s\u0131na kolayl\u0131k getirecek\u201d \u015feklinde konu\u015ftu.<\/span><\/p>\n<div>\n<div aria-label=\"Geni\u015fletilen i\u00e7eri\u011fi gizleyin\" data-tooltip=\"Geni\u015fletilen i\u00e7eri\u011fi gizleyin\" id=\":15h\" role=\"button\" style=\"clear:both;\" tabindex=\"0\"><span style=\"font-size:16px;\"><img src=\"https:\/\/ssl.gstatic.com\/ui\/v1\/icons\/mail\/images\/cleardot.gif\" style=\"height:8px;width:20px;\" \/><\/span><\/div>\n<\/div>\n<div>\n<p>\u00a0<\/p>\n<p>\u00a0<\/p>\n<p><span style=\"font-size:16px;\">\u201cPROJE B\u0130T\u0130R\u0130LD\u0130KTEN SONRA BAKANLIK ONAYINA SUNACA\u011eIZ\u201d<\/span><\/p>\n<p>\u00a0<\/p>\n<p><span style=\"font-size:16px;\">Proje ihalesi ba\u015fvurular\u0131n\u0131n giderek \u00e7o\u011fald\u0131\u011f\u0131n\u0131 kaydeden Kocamaz bu t\u00fcr projeler t\u00fcm Mersin i\u00e7in de\u011fil her yer i\u00e7in \u00e7ok \u00f6nemli projeler oldu\u011funu belirterek \u201cHem en iyiyi bulmak hem de en \u015feffaf \u015fekilde i\u015flerin y\u00fcr\u00fcmesi i\u00e7in yap\u0131m ihalesine \u00e7\u0131kaca\u011f\u0131z. \u0130\u015fe talip olanlar\u0131n say\u0131s\u0131 epey fazla olacak ama ihale neticesinde bir ki\u015fiye verilecek. Teknolojinin de en iyi \u015fekilde de\u011ferlendirilmesi gerekiyor. Biz projemizde trenlerin otomatik olarak kendisinin gidip geldi\u011fi s\u00fcr\u00fcc\u00fcs\u00fcz sistem d\u00fc\u015f\u00fcn\u00fcyoruz.\u00a0 Normal s\u00fcre\u00e7te bitilmesi i\u00e7in elimizden geleni yapaca\u011f\u0131z ama buras\u0131 T\u00fcrkiye, ola\u011fan\u00fcst\u00fcl\u00fckler \u00fclkesi. Proje bitirildikten sonra Bakanl\u0131k onay\u0131na sunaca\u011f\u0131z\u201d ifadelerini kulland\u0131.<\/span><\/p>\n<p>\u00a0<\/p>\n<p>\u00a0<\/p>\n<p><span style=\"font-size:16px;\">\u201cERDEML\u0130\u2019YE KADAR UZATMAK M\u00dcMK\u00dcN OLAB\u0130L\u0130R\u201d<\/span><\/p>\n<p>\u00a0<\/p>\n<p><span style=\"font-size:16px;\">Rayl\u0131 sistem g\u00fczerg\u00e2hlar\u0131 konusunda\u00a0 bas\u0131n sorular\u0131n\u0131 cevaps\u0131z b\u0131rakmayan Kocamaz, planlanan g\u00fczerg\u00e2h ilk etap i\u00e7in d\u00fc\u015f\u00fcn\u00fclen g\u00fczerg\u00e2h oldu\u011funu kaydederek ileriki zamanlarda Mersin \u00dcniversitesi\u2019ne do\u011fru bir hat \u00e7ekilmesi gerekti\u011fini vurgulad\u0131. \u201cZaten arkada\u015flar \u00e7\u0131k\u0131\u015f yerlerini \u015fimdiden planlayacaklar. Belki bizler g\u00f6rmeyiz ama bizden sonraki nesiller g\u00f6rebilir.\u201d \u015feklinde dikkat \u00e7eken Kocamaz: \u201cBuradan Tarsus\u2019a, Erdemli\u2019ye kadar uzatmak m\u00fcmk\u00fcn olabilir. Bunlar \u00e7ok uzun y\u0131llar alacak \u00e7al\u0131\u015fmalar. Metro \u00e7al\u0131\u015fmalar\u0131 asl\u0131nda insan gibi ya\u015fayan organizma. Bir taraf\u0131 yapar bitirirsiniz ama ihtiya\u00e7 olur ba\u015fka bir y\u00f6ne uzat\u0131rs\u0131n\u0131z\u201d diye belirtti.<\/span><\/p>\n<p>\u00a0<\/p>\n<p><span style=\"font-size:16px;\">\u201cBU METROYA BA\u015eLAMAKTA, BU METROYU B\u0130T\u0130RMEKTE B\u0130ZE NAS\u0130P OLACAK\u201d<\/span><\/p>\n<p>\u00a0<\/p>\n<p><span style=\"font-size:16px;\">Atat\u00fcrk Caddesi\u2019nin ara\u00e7 trafi\u011fine a\u00e7\u0131l\u0131p a\u00e7\u0131lmayaca\u011f\u0131 sorunu hakk\u0131nda bilgi veren Kocamaz, \u201cAtat\u00fcrk Caddesi\u2019nin ara\u00e7 trafi\u011fine a\u00e7\u0131lmayacak, ula\u015f\u0131m Master Plan\u0131\u2019na g\u00f6re de Silifke Caddesi\u2019nin de yaln\u0131zca yaya trafi\u011fine a\u00e7\u0131k olacak \u015fekilde planlanm\u0131\u015f. Rayl\u0131 sistem devreye girdi\u011finde \u0130stiklal Caddesi tek y\u00f6n olacak\u201d ifadelerine yer vererek \u201cMersinlilerin de bu duruma haz\u0131rl\u0131kl\u0131 olmas\u0131 gerekiyor. Mersin trafi\u011fini ba\u015fka t\u00fcrl\u00fc d\u00fczene sokamay\u0131z. Al\u0131\u015fmalar\u0131 gerekiyor. D\u00fcnyada sistem b\u00f6yle i\u015fliyor ve Mersin\u2019in de kendisini d\u00fcnyaya entegre etmesi gerekiyor. Baz\u0131 siyasiler, gazeteciler metroyla ilgili verilen s\u00f6zlerin yerine getirilmedi\u011fini ifade ediyor ama bu i\u015fler boyac\u0131 k\u00fcp\u00fc de\u011fil. Biz Ula\u015f\u0131m Master Plan\u0131 olmayan bir belediye devrald\u0131k. Bu plan\u0131n\u0131n tamamlanmas\u0131 i\u00e7in \u00fc\u00e7 bu\u00e7uk y\u0131l u\u011fra\u015ft\u0131k. Projeler tamamland\u0131ktan sonra ihale a\u015famas\u0131na gelinecek ve in\u015fallah \u00f6n\u00fcm\u00fczdeki d\u00f6nemin ortalar\u0131nda bunu bitirmi\u015f oluruz. Biz farkl\u0131y\u0131z. Bir s\u00f6z verirsek sonuna kadar arkas\u0131nda oluruz. Bu metroya ba\u015flamakta, bu metroyu bitirmekte bize nasip olacak\u201d dedi<\/span><\/p>\n<p>\u00a0<\/p>\n<p><span style=\"font-size:16px;\">ZEHRA KORKMAZ: \u201cPROJE B\u0130T\u0130M\u0130NE KADAR DESTEK VERECE\u011e\u0130Z\u201d<\/span><\/p>\n<p>\u00a0<\/p>\n<p><span style=\"font-size:16px;\">Kocamazdan sonra s\u00f6z alan \u00c7evre M\u00fchendisi Zehra Korkmaz, \u201cToplu ta\u015f\u0131man\u0131n \u00e7evre i\u00e7in, rayl\u0131 sistem projesinin \u00e7evre ve hava kirlili\u011fini \u00f6nlemek ad\u0131na son derece \u00f6nemlidir.\u00a0 Projeyi hayata ge\u00e7iren Mersin B\u00fcy\u00fck\u015fehir Belediyesi\u2019nin, proje bitimine kadar destek verece\u011fiz.\u201d \u015feklinde konu\u015ftu.<\/span><\/p>\n<p>\u00a0<\/p>\n<p><span style=\"font-size: 16px; font-family: sans-serif, Arial, Verdana, 'Trebuchet MS'; line-height: 1.6em;\">\u00a0DANYAL KUB\u0130N: \u201cEN AZ MAL\u0130YETLE BU \u0130\u015e\u0130 BA\u015eARACA\u011eIZ\u201d<\/span><\/p>\n<p>\u00a0<\/p>\n<p><span style=\"font-family: sans-serif, Arial, Verdana, 'Trebuchet MS'; font-size: 16px; line-height: 1.6em;\">\u00d6zel bir projeye imza att\u0131klar\u0131n\u0131 belirten Prota M\u00fchendislik Proje Dan\u0131\u015fmanl\u0131k Hizmeti A.\u015e. Genel M\u00fcd\u00fcr\u00fc Danyal Kubin, \u201cDaha \u00f6nce de s\u00f6ylemi\u015ftim kendi evimize proje yapaca\u011f\u0131z ve en g\u00fczelini yapaca\u011f\u0131z. Her \u015feyden \u00f6nemlisi in\u015faat s\u0131ras\u0131nda Mersin halk\u0131na \u00e7ok az rahats\u0131zl\u0131k verece\u011fiz. T\u00fcrkiye\u2019nin en g\u00fczel metrosu olacak. Sizlere bunun garantisini veriyoruz. En az maliyetle bu i\u015fi ba\u015faraca\u011f\u0131z. 2018 y\u0131l\u0131 i\u00e7erisinde yap\u0131m ihaleye \u00e7\u0131kaca\u011f\u0131z.\u201d dedi.<\/span><\/p>\n<p><span style=\"font-size:16px;\">Projeyi daha erken bitirmeye \u00e7al\u0131\u015facaklar\u0131n\u0131 \u00f6ne s\u00fcren Danyal Kubin: \u201cProje i\u00e7in \u00f6ng\u00f6r\u00fclen s\u00fcre 7 ay ama biz bunu 5 ayda bitirmek i\u00e7in \u00e7al\u0131\u015f\u0131yoruz. Bir metro hatt\u0131 en uygun maliyetle en k\u0131sa s\u00fcrede nas\u0131l bitirilir \u00e7ok iyi biliyoruz. Bizim b\u00fct\u00fcn derdimiz gelecek d\u00f6nemin ortalar\u0131nda metroyu hizmete almak. Bunu ba\u015faraca\u011f\u0131z ve d\u00fcnyan\u0131n en h\u0131zl\u0131 bitirilen metrosu olacak. B\u00fcy\u00fck\u015fehir Belediyemize bu i\u015fe bizi lay\u0131k g\u00f6rd\u00fckleri i\u00e7in te\u015fekk\u00fcr ediyoruz\u201d \u015feklinde ifadelere yer verdi.<\/span><\/p>\n<\/div>\n<\/div>\n<\/blockquote>\n","protected":false},"excerpt":{"rendered":"<p>Mersin B\u00fcy\u00fck\u015fehir Belediyesi Burhanettin Kocamaz \u00f6nc\u00fcl\u00fc\u011f\u00fcnde, \u201cGar-Mezitli aras\u0131 Rayl\u0131 Sistem Projesi\u201d ba\u015fl\u0131\u011f\u0131 alt\u0131nda koordinasyon ve bilgilendirme toplant\u0131s\u0131 ger\u00e7ekle\u015ftirdi. Kat\u0131l\u0131mc\u0131larla birlikte rayl\u0131 sistem projesinin nas\u0131l yap\u0131laca\u011f\u0131 konusunda bilgiler masaya yat\u0131r\u0131ld\u0131. Mersin &hellip; <a href=\"https:\/\/akdenizolaygazetesi.com\/?p=1648\" class=\"more-link\">Devam\u0131n\u0131 Oku&#8230;<\/a><\/p>\n","protected":false},"author":1,"featured_media":0,"comment_status":"open","ping_status":"open","sticky":false,"template":"","format":"standard","meta":[],"categories":[],"tags":[],"_links":{"self":[{"href":"https:\/\/akdenizolaygazetesi.com\/index.php?rest_route=\/wp\/v2\/posts\/1648"}],"collection":[{"href":"https:\/\/akdenizolaygazetesi.com\/index.php?rest_route=\/wp\/v2\/posts"}],"about":[{"href":"https:\/\/akdenizolaygazetesi.com\/index.php?rest_route=\/wp\/v2\/types\/post"}],"author":[{"embeddable":true,"href":"https:\/\/akdenizolaygazetesi.com\/index.php?rest_route=\/wp\/v2\/users\/1"}],"replies":[{"embeddable":true,"href":"https:\/\/akdenizolaygazetesi.com\/index.php?rest_route=%2Fwp%2Fv2%2Fcomments&post=1648"}],"version-history":[{"count":0,"href":"https:\/\/akdenizolaygazetesi.com\/index.php?rest_route=\/wp\/v2\/posts\/1648\/revisions"}],"wp:attachment":[{"href":"https:\/\/akdenizolaygazetesi.com\/index.php?rest_route=%2Fwp%2Fv2%2Fmedia&parent=1648"}],"wp:term":[{"taxonomy":"category","embeddable":true,"href":"https:\/\/akdenizolaygazetesi.com\/index.php?rest_route=%2Fwp%2Fv2%2Fcategories&post=1648"},{"taxonomy":"post_tag","embeddable":true,"href":"https:\/\/akdenizolaygazetesi.com\/index.php?rest_route=%2Fwp%2Fv2%2Ftags&post=1648"}],"curies":[{"name":"wp","href":"https:\/\/api.w.org\/{rel}","templated":true}]}}