{"id":16483,"date":"2022-02-06T12:03:44","date_gmt":"2022-02-06T09:03:44","guid":{"rendered":"http:\/\/akdenizolaygazetesi.com\/?p=16483"},"modified":"2022-02-06T12:03:44","modified_gmt":"2022-02-06T09:03:44","slug":"mersinin-goz-bebegi-limonlar-yola-cikti","status":"publish","type":"post","link":"https:\/\/akdenizolaygazetesi.com\/?p=16483","title":{"rendered":"MERS\u0130N&#8217;\u0130N G\u00d6Z BEBE\u011e\u0130 L\u0130MONLAR YOLA \u00c7IKTI"},"content":{"rendered":"<p>Mersin B\u00fcy\u00fck\u015fehir Belediye Ba\u015fkan\u0131 Vahap Se\u00e7er \u00f6nc\u00fcl\u00fc\u011f\u00fcnde B\u00fcy\u00fck\u015fehir Belediyesi, zorlu ekonomik ko\u015fullar alt\u0131ndaki \u00fcreticilerin ayakta kalmas\u0131 i\u00e7in desteklerini s\u00fcrd\u00fcr\u00fcyor. K\u0131sa s\u00fcre \u00f6nce Erdemli&#8217;de limon \u00fcreticileriyle bulu\u015fan Ba\u015fkan Se\u00e7er, \u00fcreticiye destek i\u00e7in \u00e7a\u011fr\u0131da bulunmu\u015ftu. 100 ton limonu direkt \u00fcreticiden sat\u0131n alan Mersin B\u00fcy\u00fck\u015fehir Belediyesi, \u0130stanbul, Ankara, Eski\u015fehir ve Tekirda\u011f B\u00fcy\u00fck\u015fehir Belediyeleri ile i\u015f birli\u011fi yapt\u0131. Mersin B\u00fcy\u00fck\u015fehir&#8217;in sat\u0131n ald\u0131\u011f\u0131 limonlar dal\u0131nda kalmad\u0131, 4 b\u00fcy\u00fck\u015fehirdeki vatanda\u015flara &#8220;Limonlar Mersin&#8217;den, dayan\u0131\u015fma halk\u0131n belediyelerinden&#8221; etiketiyle 4 partilik sevkiyatlarla ula\u015ft\u0131r\u0131lmak \u00fczere yola \u00e7\u0131kt\u0131.<\/p>\n<p>Limon \u00fcreticilerinin y\u00fcz\u00fcn\u00fc bir kez dada g\u00fcld\u00fcren i\u015f birli\u011fi<\/p>\n<p>G\u00f6reve geldi\u011fi g\u00fcnden bu yana \u00fcreticilerin yan\u0131nda olan Ba\u015fkan Se\u00e7er, limonun ba\u015fkenti Erdemli&#8217;ye yapt\u0131\u011f\u0131 ziyarette maliyetlerin artmas\u0131 ve limonun de\u011ferinde al\u0131c\u0131 bulamamas\u0131 nedeniyle ya\u015fanan s\u0131k\u0131nt\u0131lara dikkat \u00e7ekmi\u015fti. Ba\u015fkan Se\u00e7er, &#8220;Limonun \u00f6nemli bir k\u0131sm\u0131 bu y\u0131l hasat edilemedi, yani limon dal\u0131nda kald\u0131. Maliyetler de ge\u00e7ti\u011fimiz y\u0131ldan bu yana \u00e7ok y\u00fckseldi. \u00dcr\u00fcn fiyatlar\u0131 da dal\u0131nda 1.8 TL ile 2.2 TL aras\u0131nda. Maliyetler fiyatlar\u0131n \u00e7ok \u00fczerinde. \u00dcretici zarar ediyor, \u00fcretici s\u0131k\u0131nt\u0131l\u0131 bir durumda. \u00dcretici S.O.S. veriyor&#8221; ifadelerini kullanm\u0131\u015ft\u0131.<\/p>\n<p>Ba\u015fkan Se\u00e7er&#8217;in \u00e7a\u011fr\u0131s\u0131 sonras\u0131 \u0130stanbul, Ankara, Eski\u015fehir ve Tekirda\u011f B\u00fcy\u00fck\u015fehir Belediyeleri ile i\u015f birli\u011fi ger\u00e7ekle\u015ftirildi. Ba\u015fkan Se\u00e7er&#8217;in \u00e7a\u011fr\u0131s\u0131 sonras\u0131nda \u0130stanbul B\u00fcy\u00fck\u015fehir Belediye Ba\u015fkan\u0131 Ekrem \u0130mamo\u011flu, Ankara B\u00fcy\u00fck\u015fehir Belediye Ba\u015fkan\u0131 Mansur Yava\u015f, Eski\u015fehir Belediye Ba\u015fkan\u0131 Y\u0131lmaz B\u00fcy\u00fcker\u015fen ve Tekirda\u011f B\u00fcy\u00fck\u015fehir Belediye Ba\u015fkan\u0131 Kadir Albayrak, sosyal medya hesaplar\u0131ndan yapt\u0131klar\u0131 payla\u015f\u0131mlarla destek vereceklerini a\u00e7\u0131klam\u0131\u015ft\u0131. 4 B\u00fcy\u00fck\u015fehir Belediye Ba\u015fkan\u0131 da i\u015fbirli\u011finin \u00f6nemine dikkat \u00e7ekerek, bu sayede hem \u00fcreticileri hem de ihtiya\u00e7 sahibi vatanda\u015flar\u0131 destekleyeceklerini vurgulam\u0131\u015ft\u0131.<\/p>\n<p>Tarladan sofraya ula\u015facak limonlar yola \u00e7\u0131kt\u0131<\/p>\n<p>Mersin B\u00fcy\u00fck\u015fehir Belediyesi Tar\u0131msal ve Veteriner Hizmetleri Dairesi koordinesinde y\u00fcr\u00fct\u00fclen \u00e7al\u0131\u015fmayla limonlar 4 partilik sevkiyatlarla b\u00fcy\u00fck\u015fehirlere ula\u015ft\u0131r\u0131lmaya ba\u015fland\u0131. Mersin B\u00fcy\u00fck\u015fehir&#8217;in \u00fcreticiye nefes olan 100 tonluk limon al\u0131m\u0131n\u0131n 25&#8217;er tonu \u0130stanbul ve Ankara&#8217;ya, 20&#8217;\u015fer tonu ise Tekirda\u011f ve Eski\u015fehir&#8217;e g\u00f6nderiliyor. \u015eifa kayna\u011f\u0131 limonlar, ula\u015ft\u0131r\u0131lan \u015fehirlerde vatanda\u015flara \u00fccretsiz olarak da\u011f\u0131t\u0131lacak. Sa\u011flanan i\u015fbirli\u011fiyle dal\u0131nda kalmayan limonlar, vatanda\u015flar\u0131n sofras\u0131na tat katacak. 10 ton limon da Mersin&#8217;de Mut il\u00e7esi gibi limon \u00fcretiminin olmad\u0131\u011f\u0131 il\u00e7elerde vatanda\u015flara ula\u015ft\u0131r\u0131lacak.<\/p>\n<p>&#8220;Hi\u00e7bir arac\u0131 kullanmadan limon yeti\u015ftiricilerimiz son t\u00fcketiciye ula\u015fm\u0131\u015f olacak&#8221;<\/p>\n<p>Mersin B\u00fcy\u00fck\u015fehir Belediyesi Tar\u0131msal ve Veteriner Hizmetleri Dairesi Bitkisel Materyal ve Serac\u0131l\u0131k \u015eube M\u00fcd\u00fcr\u00fc Sel\u00e7uk \u015eahuto\u011flu, B\u00fcy\u00fck\u015fehir&#8217;in 100 ton limon al\u0131m\u0131n\u0131n \u00fcreticilerin y\u00fcz\u00fcn\u00fc g\u00fcld\u00fcrd\u00fc\u011f\u00fcn\u00fc s\u00f6yleyerek, \u015f\u00f6yle devam etti:<\/p>\n<p>&#8220;Limonun ba\u015fkenti Erdemli&#8217;de Ba\u015fkan\u0131m\u0131z\u0131n ziyaretleri esnas\u0131nda \u00fcreticilerin en b\u00fcy\u00fck sorunu artan girdi maliyetleriydi. T\u00fcccarlar\u0131n vermi\u015f oldu\u011fu fiyatlar maalesef maliyetlerin alt\u0131nda kal\u0131yordu. \u00dcretici bundan dertli, ayn\u0131 zamanda da limon dal\u0131ndayd\u0131. Ba\u015fkan Bey buna kay\u0131ts\u0131z kalmad\u0131. Limon \u00fcretiminin olmad\u0131\u011f\u0131 di\u011fer B\u00fcy\u00fck\u015fehir Belediyeleriyle temas kurarak; Ankara, \u0130stanbul, Eski\u015fehir ve Tekirda\u011f Belediyelerine bug\u00fcn \u00fcreticilerden alm\u0131\u015f oldu\u011fumuz 100 ton limonu oradaki t\u00fcketicilerle bulu\u015fturuyoruz. B\u00f6ylelikle hi\u00e7bir arac\u0131 kullanmadan limon yeti\u015ftiricilerimiz son t\u00fcketiciye ula\u015fm\u0131\u015f olacaklar. Erdemli&#8217;den alm\u0131\u015f oldu\u011fumuz limonlar\u0131n 25 tonu \u0130stanbul, 25 tonu Ankara, 20 tonu Eski\u015fehir ve 20 tonu Tekirda\u011f&#8217;a gidecek. Kalan 10 tonunu da Mersin&#8217;de limon yeti\u015fmeyen il\u00e7elerimizdeki ihtiya\u00e7 sahiplerine da\u011f\u0131taca\u011f\u0131z.&#8221;<\/p>\n<p>&#8220;Limonlar\u0131m\u0131z dalda kalmad\u0131, halk\u0131m\u0131za da\u011f\u0131t\u0131lacak&#8221;<\/p>\n<p>B\u00fcy\u00fck\u015fehir Belediyesi&#8217;nin deste\u011finden yararlanan 30 y\u0131ll\u0131k limon \u00fcreticisi Selahaddin \u00c7\u00f6y\u00fck de &#8220;Limonda bu seneki s\u0131k\u0131nt\u0131lardan dolay\u0131 \u00e7ift\u00e7inin hepsi peri\u015fan. Kimya, ila\u00e7, \u00fcretim maliyetleri hep artt\u0131. Ondan dolay\u0131 \u00fcreticiler hep s\u0131k\u0131nt\u0131da. Onun i\u00e7in B\u00fcy\u00fck\u015fehir Belediyemiz de b\u00f6yle bir \u015fey ba\u015flatt\u0131\u011f\u0131 i\u00e7in ona da \u00e7ok te\u015fekk\u00fcr ederiz. Limonlar\u0131m\u0131z dalda kalmad\u0131, halk\u0131m\u0131za da\u011f\u0131t\u0131lacak&#8221; dedi.<\/p>\n","protected":false},"excerpt":{"rendered":"<p>Mersin B\u00fcy\u00fck\u015fehir Belediye Ba\u015fkan\u0131 Vahap Se\u00e7er \u00f6nc\u00fcl\u00fc\u011f\u00fcnde B\u00fcy\u00fck\u015fehir Belediyesi, zorlu ekonomik ko\u015fullar alt\u0131ndaki \u00fcreticilerin ayakta kalmas\u0131 i\u00e7in desteklerini s\u00fcrd\u00fcr\u00fcyor. K\u0131sa s\u00fcre \u00f6nce Erdemli&#8217;de limon \u00fcreticileriyle bulu\u015fan Ba\u015fkan Se\u00e7er, \u00fcreticiye destek &hellip; <a href=\"https:\/\/akdenizolaygazetesi.com\/?p=16483\" class=\"more-link\">Devam\u0131n\u0131 Oku&#8230;<\/a><\/p>\n","protected":false},"author":2,"featured_media":16484,"comment_status":"open","ping_status":"open","sticky":false,"template":"","format":"standard","meta":[],"categories":[1,2,3,5],"tags":[],"_links":{"self":[{"href":"https:\/\/akdenizolaygazetesi.com\/index.php?rest_route=\/wp\/v2\/posts\/16483"}],"collection":[{"href":"https:\/\/akdenizolaygazetesi.com\/index.php?rest_route=\/wp\/v2\/posts"}],"about":[{"href":"https:\/\/akdenizolaygazetesi.com\/index.php?rest_route=\/wp\/v2\/types\/post"}],"author":[{"embeddable":true,"href":"https:\/\/akdenizolaygazetesi.com\/index.php?rest_route=\/wp\/v2\/users\/2"}],"replies":[{"embeddable":true,"href":"https:\/\/akdenizolaygazetesi.com\/index.php?rest_route=%2Fwp%2Fv2%2Fcomments&post=16483"}],"version-history":[{"count":1,"href":"https:\/\/akdenizolaygazetesi.com\/index.php?rest_route=\/wp\/v2\/posts\/16483\/revisions"}],"predecessor-version":[{"id":16485,"href":"https:\/\/akdenizolaygazetesi.com\/index.php?rest_route=\/wp\/v2\/posts\/16483\/revisions\/16485"}],"wp:featuredmedia":[{"embeddable":true,"href":"https:\/\/akdenizolaygazetesi.com\/index.php?rest_route=\/wp\/v2\/media\/16484"}],"wp:attachment":[{"href":"https:\/\/akdenizolaygazetesi.com\/index.php?rest_route=%2Fwp%2Fv2%2Fmedia&parent=16483"}],"wp:term":[{"taxonomy":"category","embeddable":true,"href":"https:\/\/akdenizolaygazetesi.com\/index.php?rest_route=%2Fwp%2Fv2%2Fcategories&post=16483"},{"taxonomy":"post_tag","embeddable":true,"href":"https:\/\/akdenizolaygazetesi.com\/index.php?rest_route=%2Fwp%2Fv2%2Ftags&post=16483"}],"curies":[{"name":"wp","href":"https:\/\/api.w.org\/{rel}","templated":true}]}}