{"id":1649,"date":"2020-11-04T18:22:11","date_gmt":"2020-11-04T15:22:11","guid":{"rendered":"http:\/\/mersinekonomipolitikagazetesi.com\/?p=1649"},"modified":"2020-11-04T18:22:11","modified_gmt":"2020-11-04T15:22:11","slug":"mesbasda-genel-kurul-iptal-edildi","status":"publish","type":"post","link":"https:\/\/akdenizolaygazetesi.com\/?p=1649","title":{"rendered":"MESBA\u015e\u2019DA GENEL KURUL \u0130PTAL ED\u0130LD\u0130!"},"content":{"rendered":"<p>Mersin Serbest B\u00f6lgesi\u2019nin i\u015fletici \u015firketi olan Mersin Serbest B\u00f6lgesi \u0130\u015fletici A.\u015e.\u2019nin -MESBA\u015e- ola\u011fan genel kurul toplant\u0131s\u0131n\u0131n y\u00f6netim kurulu listesinde anla\u015fma sa\u011flanamad\u0131\u011f\u0131 i\u00e7in iptal edildi\u011fi belirtildi.<\/p>\n<div style=\"position: relative; min-height: 100%;\">\n<div class=\"nH\" style=\"width: 1915px;\">\n<div class=\"nH\" style=\"position: relative;\">\n<div class=\"nH bkL\">\n<div class=\"no\">\n<div class=\"nH bkK nn\" style=\"min-height: 1px; width: 1695px;\">\n<div class=\"nH\">\n<div class=\"nH\">\n<div class=\"nH ar4 z\">\n<div class=\"aeI\">\n<div class=\"AO\" style=\"position: relative;\">\n<div class=\"Tm aeJ bt0\" id=\":4\" style=\"padding-right: 4px; overflow-y: scroll; height: 675px; background-image: initial; background-attachment: initial; background-size: initial; background-origin: initial; background-clip: initial; background-position: initial; background-repeat: initial;\">\n<div class=\"aeF\" id=\":2\" style=\"padding: 0px; vertical-align: bottom; min-height: 485px;\">\n<div class=\"nH\">\n<div class=\"nH\" role=\"main\">\n<div class=\"nH g\">\n<table cellpadding=\"0\" class=\"Bs nH iY\" role=\"presentation\" style=\"width: 1675px; position: relative; border-spacing: 0px; padding: 0px; border-collapse: collapse;\">\n<tbody>\n<tr>\n<td class=\"Bu\" style=\"font-family: arial, sans-serif; margin: 0px; vertical-align: top; padding: 0px; background-image: initial; background-attachment: initial; background-size: initial; background-origin: initial; background-clip: initial; background-position: initial; background-repeat: initial;\">\n<div class=\"nH if\" style=\"margin: 0px 8px 0px 0px;\">\n<div class=\"nH aHU\" style=\"position: relative;\">\n<div class=\"nH hx\" style=\"color: rgb(34, 34, 34); min-width: 502px; padding: 4px 0px; background-color: transparent;\">\n<div class=\"nH\" role=\"list\">\n<div class=\"h7  ie nH oy8Mbf\" role=\"listitem\" style=\"padding-bottom: 0px; max-width: 100000px; clear: both; outline: none;\" tabindex=\"-1\">\n<div class=\"Bk\" style=\"position: relative; margin-bottom: 0px; border-width: 0px; border-top-style: solid; border-top-color: rgb(239, 239, 239); border-radius: 0px; width: 1667px;\">\n<div class=\"G3 G2\" style=\"padding-top: 0px; border-width: 1px 0px 0px; border-bottom-color: rgb(216, 216, 216); border-top-style: solid; border-top-color: rgb(216, 216, 216); border-radius: 0px; margin-bottom: 0px; margin-left: 0px; margin-right: 0px; background-color: transparent;\">\n<div id=\":125\">\n<div class=\"adn ads\" data-legacy-message-id=\"162773f172f31546\" data-message-id=\"162773f172f31546\" style=\"padding-bottom: 20px; border-left-width: 1px; border-left-style: solid; border-left-color: transparent; padding-left: 8px;\">\n<div class=\"gs\" style=\"margin-left: 44px;\">\n<div class=\"ii gt \" id=\":168\" style=\"font-size: 12.8px; direction: ltr; margin: 5px 15px 0px 0px; padding-bottom: 5px; position: relative;\">\n<div class=\"a3s aXjCH m162773f172f31546\" id=\":11j\" style=\"overflow: hidden;\">\n<div dir=\"auto\">\n<blockquote style=\"font-family: arial, sans-serif; font-size: 12.8px; font-style: normal; line-height: normal;\" type=\"cite\">\n<div dir=\"ltr\">\n<div class=\"m_7627762932530378790gmail-haber-metin\" style=\"margin: 5px 0px 0px; padding: 0px; outline: 0px; border: 0px; font-family: Arial, Helvetica, sans-serif; font-size: 14px; line-height: 20px; font-weight: bold;\">30 Mart 2018 tarihinde \u015firket binas\u0131nda yap\u0131laca\u011f\u0131 duyurulan toplant\u0131 \u00e7o\u011funluk sa\u011flanamad\u0131\u011f\u0131 i\u00e7in iptal edildi\u011fi a\u00e7\u0131klan\u0131rken, bir ay i\u00e7inde yeniden yap\u0131laca\u011f\u0131 dile getirildi.<\/div>\n<p>\t\t\tGenel kurul toplant\u0131s\u0131na kat\u0131lan baz\u0131 ortaklar iptal karar\u0131na tepki g\u00f6sterirken, ortaklar\u0131n binada olmas\u0131na ra\u011fmen y\u00f6netim listesinde anla\u015famad\u0131klar\u0131 i\u00e7in iptal edildi\u011fini ileri s\u00fcrd\u00fc.<\/p>\n<table border=\"0\" style=\"margin: 0px; padding: 0px; max-width: 100%; border-collapse: collapse; outline: 0px; border: 0px; font-family: Tahoma, Arial, Helvetica, sans-serif; font-size: 11.5px;\" width=\"620\">\n<tbody style=\"margin: 0px; padding: 0px; outline: 0px; border: 0px;\">\n<tr style=\"margin: 0px; padding: 0px; outline: 0px; border: 0px; font-size: 13px;\">\n<td style=\"font-family: arial, sans-serif; margin: 0px; padding: 0px; outline: 0px; border: 0px; width: 90px;\">\u00a0<\/td>\n<td style=\"font-family: arial, sans-serif; margin: 0px; padding: 0px; outline: 0px; border: 0px; width: 110px;\">\n<div class=\"m_7627762932530378790gmail-fb-like m_7627762932530378790gmail-fb_iframe_widget\" style=\"margin: 0px; padding: 0px; outline: 0px; border: 0px; display: inline-block;\">\u00a0<\/div>\n<\/td>\n<td style=\"font-family: arial, sans-serif; margin: 0px; padding: 0px; outline: 0px; border: 0px; width: 80px;\">\u00a0<\/td>\n<td style=\"font-family: arial, sans-serif; margin: 0px; padding: 0px; outline: 0px; border: 0px;\">\n<div id=\"m_7627762932530378790gmail-___plus_0\" style=\"margin: 0px; padding: 0px; outline: 0px; border: 0px none; float: none; font-size: 1px; vertical-align: baseline; display: inline-block; width: 63px; height: 20px; background-image: initial; background-size: initial; background-origin: initial; background-clip: initial; background-position: initial; background-repeat: initial;\">\u00a0<\/div>\n<\/td>\n<td style=\"font-family: arial, sans-serif; margin: 0px; padding: 0px; outline: 0px; border: 0px;\"><span style=\"color: rgb(80, 0, 80); font-size: 16px;\">Samsun Liman\u0131\u2019n\u0131 da i\u015fleten, Samsun Serbest B\u00f6lgesi\u2019nin de b\u00fcy\u00fck ortaklar\u0131 aras\u0131nda yer alan Mersin k\u00f6kenli Cey Grup, MESBA\u015e\u2019\u0131n hazineye ait y\u00fczde 21.2\u2019lik hazine hissesini 25.8 milyon TL\u2019ye sat\u0131n alm\u0131\u015ft\u0131.<\/span><\/td>\n<\/tr>\n<\/tbody>\n<\/table>\n<div class=\"m_7627762932530378790gmail-haber-metin\" style=\"margin: 0px; padding: 0px; outline: 0px; border: 0px; font-family: Arial, Helvetica, sans-serif; font-size: 14px; line-height: 20px;\">\n<div id=\"m_7627762932530378790gmail-iceriks\" style=\"margin: 0px; padding: 0px; outline: 0px; border: 0px; width: 640px;\">\n<p style=\"margin: 0px; padding: 0px; outline: 0px;\"><br style=\"margin: 0px; padding: 0px; outline: 0px; color: rgb(80, 0, 80); font-family: arial, sans-serif; font-size: 12.8px;\" \/><br \/>\n\t\t\t<span style=\"margin: 0px; padding: 0px; outline: 0px; border: 0px; font-size: 16px;\"><span style=\"margin: 0px; padding: 0px; outline: 0px; border: 0px; color: rgb(80, 0, 80); font-family: arial, sans-serif;\">T\u00fcrkiye\u2019nin faaliyete ge\u00e7en ilk serbest b\u00f6lgesi Mersin Serbest B\u00f6lgesi\u2019nin i\u015fleticisi olan MESBA\u015e\u2019\u0131n hisseleri i\u00e7inde yer alan T\u00fcrkiye Denizcilik \u0130\u015fletmeleri A.\u015e.\u2019ye ait y\u00fczde 21,2\u2019lik kamu pay\u0131, \u00d6zelle\u015ftirme \u0130daresi Ba\u015fkanl\u0131\u011f\u0131\u2019nca Eyl\u00fcl 2017\u2019de sat\u0131\u015fa sunulmu\u015ftu.<\/span><br style=\"margin: 0px; padding: 0px; outline: 0px; color: rgb(80, 0, 80); font-family: arial, sans-serif; font-size: 12.8px;\" \/><br \/>\n\t\t\t<span style=\"margin: 0px; padding: 0px; outline: 0px; border: 0px; color: rgb(80, 0, 80); font-family: arial, sans-serif;\">\u0130haleye Cey Grubu Ortak Giri\u015fim Grubu, Menas-Mersin Zirai \u00dcr\u00fcnler \u0130\u015fleme \u0130hracat Sanayi ve Ticaret A.\u015e., Mersin Ortak Giri\u015fim Grubu, \u00c7aa\u015f Yat\u0131r\u0131m A.\u015e. ve Tayseb-Toros Adana Yumurtal\u0131k Serbest B\u00f6lge Kurucu ve \u0130\u015fleticisi A.\u015e. teklif vermi\u015fti.<\/span><br style=\"margin: 0px; padding: 0px; outline: 0px; color: rgb(80, 0, 80); font-family: arial, sans-serif; font-size: 12.8px;\" \/><br \/>\n\t\t\t<br style=\"margin: 0px; padding: 0px; outline: 0px; color: rgb(80, 0, 80); font-family: arial, sans-serif; font-size: 12.8px;\" \/><br \/>\n\t\t\t<span style=\"margin: 0px; padding: 0px; outline: 0px; border: 0px; color: rgb(80, 0, 80); font-family: arial, sans-serif;\">Ankara\u2019da yap\u0131lan ihalede en y\u00fcksek teklifi Ceynak Lojistik\u2019i b\u00fcnyesinde bulunduran Cey Grup Ortak Giri\u015fim Grubu vermi\u015fti. Cey Grup, 25,8 milyon liral\u0131k teklifle ihaleyi kazanm\u0131\u015f ve MESBA\u015e\u2019\u0131n hisselerinin y\u00fczde 21\u2019ine sahip olarak, MESBA\u015e\u2019ta b\u00fcy\u00fck ortak olmu\u015ftu.<\/span><br style=\"margin: 0px; padding: 0px; outline: 0px; color: rgb(80, 0, 80); font-family: arial, sans-serif; font-size: 12.8px;\" \/><br \/>\n\t\t\t<span style=\"margin: 0px; padding: 0px; outline: 0px; border: 0px; color: rgb(80, 0, 80); font-family: arial, sans-serif;\">MESBA\u015e\u2019a b\u00fcy\u00fck ortak olmalar\u0131n\u0131n ard\u0131ndan a\u00e7\u0131klama yapan Ceynak\u2019\u0131n Samsun Serbest B\u00f6lgesi\u2019nin de b\u00fcy\u00fck orta\u011f\u0131 oldu\u011funu hat\u0131rlatan Cey Grup Y\u00f6netim Kurulu Ba\u015fkan\u0131 Ali Avc\u0131: \u201cBuradaki tecr\u00fcbelerimizi, sinerjimizi katarak Mersin\u2019de payda\u015flara ve di\u011fer ortaklara daha verimli olacak bir i\u015fletme yarataca\u011f\u0131z. Bu hisselerin Mersin\u2019de kalmas\u0131 ise ayr\u0131ca \u00f6nemli. Yabanc\u0131lara gitmemesi sevindirici\u201d \u015feklinde konu\u015fmu\u015ftu.<\/span><\/span><\/p>\n<\/p><\/div>\n<\/p><\/div>\n<\/p><\/div>\n<\/blockquote>\n<p>\t\t\t<span style=\"font-size: 12.8px; line-height: normal;\">Bu arada Deniz Nakliyat\u0131 T.A.\u015e.\u2019nin ve 2. vatanda\u015f\u0131n daha \u00a0hisselerini sat\u0131n alan Mersin Deniz Ticaret Odas\u0131\u2019n\u0131n da A grubundan 1.080.432 hisse ve B grubundan 489.750 hisse olmak \u00fczere toplamda 1.570.182 hisse senedi ile MESBA\u015e\u2019\u0131n \u015firket sermayesinin y\u00fczde 10\u2019dan fazlas\u0131na sahip 3 ortaktan biri oldu\u011fu belirtildi.<\/span><\/p>\n<div style=\"font-size: 12.8px; line-height: normal;\">Mersin Serbest B\u00f6lgesi\u2019de faaliyet g\u00f6steren bir \u015firket taraf\u0131ndan mahkemeye verilen, ne usuls\u00fczl\u00fckler yap\u0131ld\u0131\u011f\u0131 iddia edilen mevcut MESBA\u015e y\u00f6netimine kar\u015f\u0131 dava s\u00fcrecinin devam etti\u011fi vurguland\u0131.<\/div>\n<\/p><\/div>\n<\/p><\/div>\n<\/p><\/div>\n<\/p><\/div>\n<\/p><\/div>\n<\/p><\/div>\n<\/p><\/div>\n<\/p><\/div>\n<\/p><\/div>\n<\/p><\/div>\n<\/p><\/div>\n<\/p><\/div>\n<\/p><\/div>\n<\/td>\n<\/tr>\n<\/tbody>\n<\/table>\n<\/div>\n<\/div>\n<\/div>\n<\/div>\n<\/div>\n<\/div>\n<\/div>\n<\/div>\n<\/div>\n<\/div>\n<\/div>\n<\/div>\n<\/div>\n<\/div>\n<\/div>\n<\/div>\n","protected":false},"excerpt":{"rendered":"<p>Mersin Serbest B\u00f6lgesi\u2019nin i\u015fletici \u015firketi olan Mersin Serbest B\u00f6lgesi \u0130\u015fletici A.\u015e.\u2019nin -MESBA\u015e- ola\u011fan genel kurul toplant\u0131s\u0131n\u0131n y\u00f6netim kurulu listesinde anla\u015fma sa\u011flanamad\u0131\u011f\u0131 i\u00e7in iptal edildi\u011fi belirtildi. 30 Mart 2018 tarihinde \u015firket &hellip; <a href=\"https:\/\/akdenizolaygazetesi.com\/?p=1649\" class=\"more-link\">Devam\u0131n\u0131 Oku&#8230;<\/a><\/p>\n","protected":false},"author":1,"featured_media":0,"comment_status":"open","ping_status":"open","sticky":false,"template":"","format":"standard","meta":[],"categories":[],"tags":[],"_links":{"self":[{"href":"https:\/\/akdenizolaygazetesi.com\/index.php?rest_route=\/wp\/v2\/posts\/1649"}],"collection":[{"href":"https:\/\/akdenizolaygazetesi.com\/index.php?rest_route=\/wp\/v2\/posts"}],"about":[{"href":"https:\/\/akdenizolaygazetesi.com\/index.php?rest_route=\/wp\/v2\/types\/post"}],"author":[{"embeddable":true,"href":"https:\/\/akdenizolaygazetesi.com\/index.php?rest_route=\/wp\/v2\/users\/1"}],"replies":[{"embeddable":true,"href":"https:\/\/akdenizolaygazetesi.com\/index.php?rest_route=%2Fwp%2Fv2%2Fcomments&post=1649"}],"version-history":[{"count":0,"href":"https:\/\/akdenizolaygazetesi.com\/index.php?rest_route=\/wp\/v2\/posts\/1649\/revisions"}],"wp:attachment":[{"href":"https:\/\/akdenizolaygazetesi.com\/index.php?rest_route=%2Fwp%2Fv2%2Fmedia&parent=1649"}],"wp:term":[{"taxonomy":"category","embeddable":true,"href":"https:\/\/akdenizolaygazetesi.com\/index.php?rest_route=%2Fwp%2Fv2%2Fcategories&post=1649"},{"taxonomy":"post_tag","embeddable":true,"href":"https:\/\/akdenizolaygazetesi.com\/index.php?rest_route=%2Fwp%2Fv2%2Ftags&post=1649"}],"curies":[{"name":"wp","href":"https:\/\/api.w.org\/{rel}","templated":true}]}}