{"id":1650,"date":"2020-11-04T18:22:11","date_gmt":"2020-11-04T15:22:11","guid":{"rendered":"http:\/\/mersinekonomipolitikagazetesi.com\/?p=1650"},"modified":"2020-11-04T18:22:11","modified_gmt":"2020-11-04T15:22:11","slug":"demirci-ustasi-sehitler-icin-klip-cekti","status":"publish","type":"post","link":"https:\/\/akdenizolaygazetesi.com\/?p=1650","title":{"rendered":"Demirci ustas\u0131 \u015fehitler i\u00e7in klip \u00e7ekti"},"content":{"rendered":"<p>Mersin\u2019in Silifke il\u00e7esinde demirci ustas\u0131 Mehmet Partal, \u015fehitler i\u00e7in klip \u00e7ekti. Sosyal medyada yo\u011fun ilgi g\u00f6ren klipte \u015fehit yak\u0131nlar\u0131 ve ailesi oynad\u0131.<\/p>\n<p><span style=\"font-size:16px;\"><span style=\"font-family: sans-serif; line-height: 20px; text-align: justify; background-color: rgb(242, 244, 245);\">Bo\u015f zamanlar\u0131nda m\u00fczikle u\u011fra\u015fan demirci ustas\u0131 Mehmet Partal&#8217;\u0131n \u201cPostal\u0131na \u00c7i\u00e7ek Ektim\u201d adl\u0131 \u015fehit t\u00fcrk\u00fcs\u00fcn\u00fcn klip \u00e7ekiminde \u015fehit yak\u0131nlar\u0131 ve ailesi oynad\u0131. Partal, klipten elde edece\u011fi gelirin bir k\u0131sm\u0131n\u0131 \u015fehit aileleri derne\u011fine, bir k\u0131sm\u0131n\u0131 da Mehmet\u00e7ik Vakf\u0131na ba\u011f\u0131\u015flayaca\u011f\u0131n\u0131 s\u00f6yledi. T\u00fcrk Silahl\u0131 Kuvvetleri taraf\u0131ndan 2016 y\u0131l\u0131nda y\u00fcr\u00fct\u00fclen F\u0131rat Kalkan\u0131 Operasyonu&#8217;nda \u015fehit d\u00fc\u015fen Silifkeli 23 ya\u015f\u0131ndaki Uzman \u00c7avu\u015f Ali G\u00f6lge i\u00e7in ve Zeytin Dal\u0131 Harekat\u0131&#8217;nda \u015fehit d\u00fc\u015fen vatan evlatlar\u0131n\u0131n an\u0131s\u0131na b\u00f6yle bir klip \u00e7ekti\u011fini belirten Partal, \u201cBen \u00f6ncelikle vatan\u0131n\u0131, bayra\u011f\u0131n\u0131 ve milletini seven bir T\u00fcrk genciyim. Her g\u00fcn \u00fclkemizin de\u011fi\u015fik b\u00f6lgelerinde ve Afrin\u2019de \u015fehit olan Mehmet\u00e7iklerimize y\u00f6nelik yapt\u0131\u011f\u0131m\u0131z bu t\u00fcrk\u00fcye bir de klip \u00e7ekmeyi arzuluyordum. B\u00f6yle bir \u00e7al\u0131\u015fmaya beni iten en \u00f6nemli ger\u00e7ek yak\u0131n arkada\u015f\u0131m Silifkeli \u015fehidimiz Ali G\u00f6lge oldu. \u00d6ncelikle anne ve babas\u0131n\u0131, daha sonra Kaymakam\u0131m\u0131z \u015eevket Cinbir&#8217;i makam\u0131nda ziyaret ederek projemden bahsettim. B\u00fcy\u00fck memnuniyetle kar\u015f\u0131lanan bu \u00e7al\u0131\u015fmamda bana en b\u00fcy\u00fck deste\u011fi veren ba\u015fta ailem ve yak\u0131nlar\u0131m oldu&#8221; dedi.\u00a0<\/span><br style=\"box-sizing: border-box; font-family: sans-serif; font-size: 14px; line-height: 20px; text-align: justify; background-color: rgb(242, 244, 245);\" \/><br \/>\n<span style=\"font-family: sans-serif; line-height: 20px; text-align: justify; background-color: rgb(242, 244, 245);\">\u00c7ekimleri Atayurt Mahallesi&#8217;nde \u015fehit Uzman \u00c7avu\u015f Ali G\u00f6lge\u2019nin mezar\u0131 ba\u015f\u0131nda ve evinde ger\u00e7ekle\u015ftirdiklerini anlatan Partal, &#8220;Kamuoyunun ve \u00f6zellikle de \u015fehit ailelerinin b\u00fcy\u00fck be\u011fenisini kazanan bu \u00e7al\u0131\u015fmam\u0131 il, il\u00e7e ve \u00fclke genelinde g\u00f6rsel, yaz\u0131l\u0131 ve sosyal payla\u015f\u0131m sitelerinde duyurmak istiyorum. Bu \u00e7al\u0131\u015fman\u0131n t\u00fcm giderlerini kendi imkanlar\u0131mla kar\u015f\u0131lad\u0131m. Elde edilecek gelirin bir k\u0131sm\u0131n\u0131 da \u015fehit aileleri derne\u011fimize, T\u00fcrk Silahl\u0131 Kuvvetlerimizi G\u00fc\u00e7lendirme Vakf\u0131na ba\u011f\u0131\u015fta bulunmay\u0131 arzuluyorum. Mersin\u2019de b\u00f6lgemizde yay\u0131n yapan televizyon ve radyolara konuk olarak hem projemden bahsettim hem de klibimi t\u00fcm Mersinli hem\u015fehrilerimize tan\u0131tmaya gayret ettim. \u00d6n\u00fcm\u00fczdeki g\u00fcnlerde \u0130stanbul\u2019dan gelen iki ayr\u0131 ulusal televizyon kanal\u0131na konuk olarak kat\u0131laca\u011f\u0131m. Tamam\u0131n\u0131 kendi imkanlar\u0131mla \u00e7ekti\u011fim, ailem ve yak\u0131nlar\u0131m\u0131z\u0131n da rol ald\u0131\u011f\u0131 Postal\u0131na \u00c7i\u00e7ek Ektim adl\u0131 \u015fehitlerimize y\u00f6nelik bu t\u00fcrk\u00fcm\u00fcz\u00fcn \u00e7ekimlerinde eme\u011fi ge\u00e7enlere te\u015fekk\u00fcr ediyorum\u201d diye konu\u015ftu.\u00a0<\/span><br style=\"box-sizing: border-box; font-family: sans-serif; font-size: 14px; line-height: 20px; text-align: justify; background-color: rgb(242, 244, 245);\" \/><br \/>\n<span style=\"font-family: sans-serif; line-height: 20px; text-align: justify; background-color: rgb(242, 244, 245);\">\u015eehit Uzman \u00c7avu\u015f Ali G\u00f6lge\u2019nin babas\u0131 H\u00fcseyin G\u00f6lge ise, \u201cBu klipte e\u015fimle beraber rol ald\u0131k. Arkada\u015f\u0131m\u0131z demir do\u011frama ustas\u0131. Bu klibi yapt\u0131k. F\u0131rat Kalkan\u0131 olsun, Zeytin Dal\u0131 Operasyonu olsun buralarda \u015fehit d\u00fc\u015fen t\u00fcm \u015fehitlerimize Allah\u2019tan rahmet diliyorum\u201d dedi.\u00a0<\/span><br style=\"box-sizing: border-box; font-family: sans-serif; font-size: 14px; line-height: 20px; text-align: justify; background-color: rgb(242, 244, 245);\" \/><br \/>\n<span style=\"font-family: sans-serif; line-height: 20px; text-align: justify; background-color: rgb(242, 244, 245);\">Anne Elif G\u00f6lge de klipte oynaman\u0131n mutlulu\u011funu ya\u015fad\u0131klar\u0131n\u0131 belirterek, \u201cBu klipte bizde rol ald\u0131k ve \u00e7ok sevindik, \u00e7ok duyguland\u0131k. \u00c7ocu\u011fumun an\u0131s\u0131 ya\u015fayacak\u201d dedi.\u00a0<\/span><\/span><\/p>\n","protected":false},"excerpt":{"rendered":"<p>Mersin\u2019in Silifke il\u00e7esinde demirci ustas\u0131 Mehmet Partal, \u015fehitler i\u00e7in klip \u00e7ekti. Sosyal medyada yo\u011fun ilgi g\u00f6ren klipte \u015fehit yak\u0131nlar\u0131 ve ailesi oynad\u0131. Bo\u015f zamanlar\u0131nda m\u00fczikle u\u011fra\u015fan demirci ustas\u0131 Mehmet Partal&#8217;\u0131n &hellip; <a href=\"https:\/\/akdenizolaygazetesi.com\/?p=1650\" class=\"more-link\">Devam\u0131n\u0131 Oku&#8230;<\/a><\/p>\n","protected":false},"author":1,"featured_media":0,"comment_status":"open","ping_status":"open","sticky":false,"template":"","format":"standard","meta":[],"categories":[],"tags":[],"_links":{"self":[{"href":"https:\/\/akdenizolaygazetesi.com\/index.php?rest_route=\/wp\/v2\/posts\/1650"}],"collection":[{"href":"https:\/\/akdenizolaygazetesi.com\/index.php?rest_route=\/wp\/v2\/posts"}],"about":[{"href":"https:\/\/akdenizolaygazetesi.com\/index.php?rest_route=\/wp\/v2\/types\/post"}],"author":[{"embeddable":true,"href":"https:\/\/akdenizolaygazetesi.com\/index.php?rest_route=\/wp\/v2\/users\/1"}],"replies":[{"embeddable":true,"href":"https:\/\/akdenizolaygazetesi.com\/index.php?rest_route=%2Fwp%2Fv2%2Fcomments&post=1650"}],"version-history":[{"count":0,"href":"https:\/\/akdenizolaygazetesi.com\/index.php?rest_route=\/wp\/v2\/posts\/1650\/revisions"}],"wp:attachment":[{"href":"https:\/\/akdenizolaygazetesi.com\/index.php?rest_route=%2Fwp%2Fv2%2Fmedia&parent=1650"}],"wp:term":[{"taxonomy":"category","embeddable":true,"href":"https:\/\/akdenizolaygazetesi.com\/index.php?rest_route=%2Fwp%2Fv2%2Fcategories&post=1650"},{"taxonomy":"post_tag","embeddable":true,"href":"https:\/\/akdenizolaygazetesi.com\/index.php?rest_route=%2Fwp%2Fv2%2Ftags&post=1650"}],"curies":[{"name":"wp","href":"https:\/\/api.w.org\/{rel}","templated":true}]}}