{"id":16500,"date":"2022-02-08T10:23:42","date_gmt":"2022-02-08T07:23:42","guid":{"rendered":"http:\/\/akdenizolaygazetesi.com\/?p=16500"},"modified":"2022-02-08T10:23:42","modified_gmt":"2022-02-08T07:23:42","slug":"hemsehrilerinden-baskan-yilmaza-hizmet-tesekkuru","status":"publish","type":"post","link":"https:\/\/akdenizolaygazetesi.com\/?p=16500","title":{"rendered":"Hem\u015fehrilerinden Ba\u015fkan Y\u0131lmaz&#8217;a Hizmet Te\u015fekk\u00fcr\u00fc"},"content":{"rendered":"<p>Toroslar Belediye Ba\u015fkan\u0131 Ats\u0131z Af\u015f\u0131n Y\u0131lmaz, Ayvagedi\u011fi Mahallesi&#8217;nde hem\u015fehrileriyle bir araya geldi.<\/p>\n<p>Yo\u011fun kar ya\u011f\u0131\u015f\u0131n\u0131n ya\u015fand\u0131\u011f\u0131 il\u00e7enin y\u00fcksek kesimlerini ziyaret ederek ihtiya\u00e7lar\u0131 yerinde tespit eden Ba\u015fkan Y\u0131lmaz, esnaf ve vatanda\u015flar\u0131n taleplerini dinledi. Ba\u015fkan Y\u0131lmaz, Ayvagedi\u011fi Mahallesi&#8217;nde de hem\u015fehrilerinin yo\u011fun ilgisiyle kar\u015f\u0131land\u0131.<\/p>\n<p>Hem\u015fehrilerinden Ba\u015fkan Y\u0131lmaz&#8217;a Hizmet Te\u015fekk\u00fcr\u00fc<\/p>\n<p>Karla m\u00fccadele \u00e7al\u0131\u015fmalar\u0131nda ekip ve ekipmanlar\u0131yla gece g\u00fcnd\u00fcz sahada olan Toroslar Belediyesi, vatanda\u015flardan tam not ald\u0131.<\/p>\n<p>Mahalle sakinleri, belediye ekiplerinin h\u0131zl\u0131 ve etkin \u00e7al\u0131\u015fmalar\u0131yla karla kapl\u0131 yollar\u0131n\u0131n s\u00fcrekli a\u00e7\u0131k oldu\u011funu ve hi\u00e7bir ma\u011fduriyet ya\u015famad\u0131klar\u0131n\u0131 belirterek, Ba\u015fkan Y\u0131lmaz&#8217;a ve ekibine te\u015fekk\u00fcr etti.<\/p>\n<p>\u00dcreticiler, Tar\u0131m Desteklerinden \u00c7ok Memnun<\/p>\n<p>Ba\u015fkan Y\u0131lmaz, mahalle muhtar\u0131 Ayhan G\u00fcmeli ile birlikte Ayvagedi\u011fi Semt Pazar\u0131n\u0131 da gezerek \u00fcreticilere hay\u0131rl\u0131 ve bol kazan\u00e7lar diledi.<\/p>\n<p>\u00dcreticiler ise Toroslar&#8217;\u0131n bereketli topraklar\u0131nda \u00fcrettikleri mahsullerinin vatanda\u015fla bulu\u015fmas\u0131na katk\u0131 sunan Ba\u015fkan Y\u0131lmaz&#8217;a te\u015fekk\u00fcr ederek, Toroslar Belediyesinin tar\u0131m\u0131 ve \u00e7ift\u00e7iyi destekleyen projelerinden \u00e7ok memnun olduklar\u0131n\u0131 s\u00f6yledi.<\/p>\n<p>Ba\u015fkan Y\u0131lmaz; &#8220;\u00dcreticilerimizin Her Zaman Yan\u0131nday\u0131z&#8221;<\/p>\n<p>&#8220;\u00dcretim, emek ve al\u0131n teri her \u015feyden daha k\u0131ymetlidir. \u00dcreticilerimizin, mahsulleri bol olsun&#8221; diyen Ba\u015fkan Y\u0131lmaz ise;  &#8220;Havas\u0131 ve do\u011fas\u0131yla yaz ve k\u0131\u015f aylar\u0131nda yo\u011fun ilgi g\u00f6ren mahallelerimizden biri olan Ayvagedi\u011fi yaylam\u0131zda hem\u015fehrilerimizin taleplerini dinledik. \u0130l\u00e7emiz bereketli topraklara sahip. Bu bereketli topraklarda mahsulleri \u00fcreten \u00fcreticilerimizin emeklerinin kar\u015f\u0131l\u0131\u011f\u0131n\u0131 almas\u0131 i\u00e7in \u00e7al\u0131\u015fmalar\u0131m\u0131za devam ediyoruz. \u00c7ift\u00e7imizin, esnaf\u0131m\u0131z\u0131n ve hem\u015fehrilerimizin memnuniyeti bizim i\u00e7in \u00e7ok de\u011ferli&#8221; diye konu\u015ftu.<\/p>\n","protected":false},"excerpt":{"rendered":"<p>Toroslar Belediye Ba\u015fkan\u0131 Ats\u0131z Af\u015f\u0131n Y\u0131lmaz, Ayvagedi\u011fi Mahallesi&#8217;nde hem\u015fehrileriyle bir araya geldi. Yo\u011fun kar ya\u011f\u0131\u015f\u0131n\u0131n ya\u015fand\u0131\u011f\u0131 il\u00e7enin y\u00fcksek kesimlerini ziyaret ederek ihtiya\u00e7lar\u0131 yerinde tespit eden Ba\u015fkan Y\u0131lmaz, esnaf ve vatanda\u015flar\u0131n &hellip; <a href=\"https:\/\/akdenizolaygazetesi.com\/?p=16500\" class=\"more-link\">Devam\u0131n\u0131 Oku&#8230;<\/a><\/p>\n","protected":false},"author":2,"featured_media":16501,"comment_status":"open","ping_status":"open","sticky":false,"template":"","format":"standard","meta":[],"categories":[1,2,3],"tags":[],"_links":{"self":[{"href":"https:\/\/akdenizolaygazetesi.com\/index.php?rest_route=\/wp\/v2\/posts\/16500"}],"collection":[{"href":"https:\/\/akdenizolaygazetesi.com\/index.php?rest_route=\/wp\/v2\/posts"}],"about":[{"href":"https:\/\/akdenizolaygazetesi.com\/index.php?rest_route=\/wp\/v2\/types\/post"}],"author":[{"embeddable":true,"href":"https:\/\/akdenizolaygazetesi.com\/index.php?rest_route=\/wp\/v2\/users\/2"}],"replies":[{"embeddable":true,"href":"https:\/\/akdenizolaygazetesi.com\/index.php?rest_route=%2Fwp%2Fv2%2Fcomments&post=16500"}],"version-history":[{"count":1,"href":"https:\/\/akdenizolaygazetesi.com\/index.php?rest_route=\/wp\/v2\/posts\/16500\/revisions"}],"predecessor-version":[{"id":16502,"href":"https:\/\/akdenizolaygazetesi.com\/index.php?rest_route=\/wp\/v2\/posts\/16500\/revisions\/16502"}],"wp:featuredmedia":[{"embeddable":true,"href":"https:\/\/akdenizolaygazetesi.com\/index.php?rest_route=\/wp\/v2\/media\/16501"}],"wp:attachment":[{"href":"https:\/\/akdenizolaygazetesi.com\/index.php?rest_route=%2Fwp%2Fv2%2Fmedia&parent=16500"}],"wp:term":[{"taxonomy":"category","embeddable":true,"href":"https:\/\/akdenizolaygazetesi.com\/index.php?rest_route=%2Fwp%2Fv2%2Fcategories&post=16500"},{"taxonomy":"post_tag","embeddable":true,"href":"https:\/\/akdenizolaygazetesi.com\/index.php?rest_route=%2Fwp%2Fv2%2Ftags&post=16500"}],"curies":[{"name":"wp","href":"https:\/\/api.w.org\/{rel}","templated":true}]}}