{"id":16506,"date":"2022-02-08T10:28:16","date_gmt":"2022-02-08T07:28:16","guid":{"rendered":"http:\/\/akdenizolaygazetesi.com\/?p=16506"},"modified":"2022-02-08T10:28:16","modified_gmt":"2022-02-08T07:28:16","slug":"iktidar-hayal-satiyor","status":"publish","type":"post","link":"https:\/\/akdenizolaygazetesi.com\/?p=16506","title":{"rendered":"&#8216;\u0130KT\u0130DAR HAYAL SATIYOR&#8217;"},"content":{"rendered":"<p>CHP Mersin Milletvekili Ali Mahir Ba\u015far\u0131r, se\u00e7im b\u00f6lgesi olan Mersin\u2019de esnaf ve vatanda\u015flarla bir araya geldi. Market i\u00e7erisinde vatanda\u015fla sohbet eden Ba\u015far\u0131r, vatanda\u015f\u0131n \u201cbayat ekmek alam\u0131yorum\u201d demesi \u00fczerine \u201cDiyecek bir s\u00f6z bulam\u0131yorum, ama size s\u00f6z veriyorum, ilk se\u00e7im sonras\u0131 hepsinin \u00fcstesinden gelece\u011fiz\u201d dedi.<\/p>\n<p>\u0130KT\u0130DAR HAYAL SATIYOR<\/p>\n<p>Toroslar \u0130l\u00e7esi G\u00f6zne Caddesi\u2019ndeki esnaf ziyaretini ger\u00e7ekle\u015ftiren CHP\u2019li Ba\u015far\u0131r, esnaflar\u0131n ya\u015fad\u0131klar\u0131 s\u0131k\u0131nt\u0131lar\u0131n\u0131 dinledi. Bir\u00e7ok esnaf\u0131n, siftah yapmadan kepenk kapatt\u0131\u011f\u0131n\u0131 dile getirdi\u011fini ifade eden CHP\u2019li Ba\u015far\u0131r, \u201cY\u00fcksek enflasyon, y\u00fcksek elektrik faturalar\u0131, artan motorin fiyatlar\u0131, fiyat\u0131 artan g\u0131da \u00fcr\u00fcnleri vatanda\u015f\u0131n ve dolay\u0131s\u0131yla da esnaf\u0131m\u0131z\u0131n belini b\u00fckm\u00fc\u015ft\u00fcr. Bunun tek sorumlusu, hemen hemen her alanda oldu\u011fu gibi beceriksiz ekonomi politikas\u0131 \u00fcreten mevcut siyasi iktidard\u0131r. \u00dclke ekonomisi dibe vurmu\u015ftur. \u00c7ift\u00e7i, esnaf, memur, i\u015f\u00e7i, emekli nas\u0131l ge\u00e7inece\u011fini kara kara d\u00fc\u015f\u00fcn\u00fcrken, Saray\u2019daki \u015fahs\u0131n \u2018Hedefimiz, d\u00fcnyan\u0131n en b\u00fcy\u00fck 10 ekonomisinden biri haline gelmek\u2019 gibi s\u00f6zler sarf etmesi halk\u0131n akl\u0131yla alay etmekten ba\u015fka bir \u015fey de\u011fildir. Ge\u00e7mi\u015fte \u2018Bu karde\u015finize yetkiyi verin, ondan sonra faizle, \u015funla bunla nas\u0131l u\u011fra\u015f\u0131l\u0131r g\u00f6receksiniz\u2019 diyerek hayalcilik satan iktidar \u015fimdi de \u2018d\u00fcnyan\u0131n en b\u00fcy\u00fck 10 ekonomisi aras\u0131nda olma\u2019 hayallerini sat\u0131\u015fa \u00e7\u0131karm\u0131\u015ft\u0131r\u201d s\u00f6zlerini dile getirdi.<\/p>\n<p>Mersin\u2019de \u00e7al\u0131\u015fmalar\u0131n\u0131 h\u0131zla s\u00fcrd\u00fcren CHP Milletvekili ve Parti Meclisi \u00dcyesi Ali Mahir Ba\u015far\u0131r, Toroslar il\u00e7esine ba\u011fl\u0131 \u00c7avu\u015flu Mahalle Muhtar\u0131 Halil \u0130brahim Soysal ve \u00c7ukurova Mahalle Muhtarlar\u0131 \u0130lkay K\u00fc\u00e7\u00fckcan\u2019\u0131 makamlar\u0131nda ziyaret etti.<\/p>\n<p>Ziyaretlerin ard\u0131ndan \u00c7avu\u015flu Semt Pazar\u0131\u2019n\u0131 gezen CHP\u2019li Ba\u015far\u0131r, Pazar esnaf\u0131n\u0131n sorunlar\u0131n\u0131 dinledi. Pazar esnaf\u0131n\u0131n isyan edecek noktaya geldi\u011fini ifade eden CHP\u2019li Ba\u015far\u0131r, \u201c Vatanda\u015f art\u0131k pazardan dahi al\u0131\u015f veri\u015f yapam\u0131yor. \u00dclkemizde meyve ve sebze fiyatlar\u0131 rekor \u00fcst\u00fcne rekor k\u0131r\u0131yor. Bu da ne yaz\u0131k ki Pazar esnaf\u0131m\u0131z\u0131 peri\u015fan ediyor\u201d dedi.<\/p>\n","protected":false},"excerpt":{"rendered":"<p>CHP Mersin Milletvekili Ali Mahir Ba\u015far\u0131r, se\u00e7im b\u00f6lgesi olan Mersin\u2019de esnaf ve vatanda\u015flarla bir araya geldi. Market i\u00e7erisinde vatanda\u015fla sohbet eden Ba\u015far\u0131r, vatanda\u015f\u0131n \u201cbayat ekmek alam\u0131yorum\u201d demesi \u00fczerine \u201cDiyecek bir &hellip; <a href=\"https:\/\/akdenizolaygazetesi.com\/?p=16506\" class=\"more-link\">Devam\u0131n\u0131 Oku&#8230;<\/a><\/p>\n","protected":false},"author":2,"featured_media":16507,"comment_status":"open","ping_status":"open","sticky":false,"template":"","format":"standard","meta":[],"categories":[8,34,2,3,5,6],"tags":[],"_links":{"self":[{"href":"https:\/\/akdenizolaygazetesi.com\/index.php?rest_route=\/wp\/v2\/posts\/16506"}],"collection":[{"href":"https:\/\/akdenizolaygazetesi.com\/index.php?rest_route=\/wp\/v2\/posts"}],"about":[{"href":"https:\/\/akdenizolaygazetesi.com\/index.php?rest_route=\/wp\/v2\/types\/post"}],"author":[{"embeddable":true,"href":"https:\/\/akdenizolaygazetesi.com\/index.php?rest_route=\/wp\/v2\/users\/2"}],"replies":[{"embeddable":true,"href":"https:\/\/akdenizolaygazetesi.com\/index.php?rest_route=%2Fwp%2Fv2%2Fcomments&post=16506"}],"version-history":[{"count":1,"href":"https:\/\/akdenizolaygazetesi.com\/index.php?rest_route=\/wp\/v2\/posts\/16506\/revisions"}],"predecessor-version":[{"id":16508,"href":"https:\/\/akdenizolaygazetesi.com\/index.php?rest_route=\/wp\/v2\/posts\/16506\/revisions\/16508"}],"wp:featuredmedia":[{"embeddable":true,"href":"https:\/\/akdenizolaygazetesi.com\/index.php?rest_route=\/wp\/v2\/media\/16507"}],"wp:attachment":[{"href":"https:\/\/akdenizolaygazetesi.com\/index.php?rest_route=%2Fwp%2Fv2%2Fmedia&parent=16506"}],"wp:term":[{"taxonomy":"category","embeddable":true,"href":"https:\/\/akdenizolaygazetesi.com\/index.php?rest_route=%2Fwp%2Fv2%2Fcategories&post=16506"},{"taxonomy":"post_tag","embeddable":true,"href":"https:\/\/akdenizolaygazetesi.com\/index.php?rest_route=%2Fwp%2Fv2%2Ftags&post=16506"}],"curies":[{"name":"wp","href":"https:\/\/api.w.org\/{rel}","templated":true}]}}