{"id":16509,"date":"2022-02-08T10:30:57","date_gmt":"2022-02-08T07:30:57","guid":{"rendered":"http:\/\/akdenizolaygazetesi.com\/?p=16509"},"modified":"2022-02-08T10:30:57","modified_gmt":"2022-02-08T07:30:57","slug":"bahsedilen-silah-ticaretinde-suca-bulasmis-kamu-gorevlileri-var-midir","status":"publish","type":"post","link":"https:\/\/akdenizolaygazetesi.com\/?p=16509","title":{"rendered":"&#8216;Bahsedilen silah ticaretinde su\u00e7a bula\u015fm\u0131\u015f kamu g\u00f6revlileri var m\u0131d\u0131r?&#8217;"},"content":{"rendered":"<p>HDP Mersin Milletvekili Dr. R\u0131dvan Turan, Mersin&#8217;de I\u015e\u0130D \u00fczerinden milyonlarca dolarl\u0131k silah ticareti yap\u0131lmas\u0131n\u0131 TBMM g\u00fcndemine ta\u015f\u0131d\u0131.<br \/>\nHDP Mersin Milletvekili Dr. R\u0131dvan Turan, konuyla ilgili \u0130\u00e7i\u015fleri Bakan\u0131 S\u00fcleyman Soylu\u2019nun yan\u0131tlamas\u0131 i\u00e7in soru \u00f6nergesi verdi.<br \/>\nDr. R\u0131dvan Turan soru \u00f6nergesinde \u015funlar\u0131 s\u00f6yledi: \u201cT\u00fcrkiye\u2019de I\u015e\u0130D\u2019le ba\u011flant\u0131l\u0131 ki\u015filerin mal varl\u0131\u011f\u0131n\u0131n dondurulmas\u0131na y\u00f6nelik MASAK\u2019\u0131n haz\u0131rlad\u0131\u011f\u0131 bir rapor, silah ticaretine dair \u00e7arp\u0131c\u0131 bir delili ortaya \u00e7\u0131karm\u0131\u015ft\u0131r. Birg\u00fcn Gazetesi\u2019nden Bahad\u0131r \u00d6zg\u00fcr\u2019\u00fcn haberine konu olan rapora g\u00f6re; Mersin\u2019deki 3 in\u015faat \u015firketi \u00fczerinden milyonlarca dolarl\u0131k insans\u0131z hava arac\u0131 (\u0130HA) ekipman ve par\u00e7alar\u0131 ile tonlarca el yap\u0131m\u0131 patlay\u0131c\u0131 (EYP) malzemesi I\u015e\u0130D\u2019e g\u00f6nderilmi\u015ftir. Ekipmanlar\u0131n izi s\u00fcr\u00fcld\u00fc\u011f\u00fcnde, I\u015e\u0130D\u2019in askeri g\u00fcc\u00fcn\u00fcn en \u00f6nemli tedarik zincirinin T\u00fcrkiye merkezli oldu\u011fu ve bu ticaretin di\u011fer bir ucunun ise \u00c7in\u2019de kurulmu\u015f bir e-ticaret platformuna kadar uzand\u0131\u011f\u0131 g\u00f6r\u00fclmektedir.<br \/>\nSajid Farooq Babar Mersin\u2019le ba\u011flant\u0131l\u0131 I\u015e\u0130D\u2019in liderlerinden biriydi ve \u00c7in\u2019den gemilerle Mersin Liman\u0131\u2019na gelen ekipmanlar, do\u011frudan ona aktar\u0131l\u0131yordu. Babar, ticari ama\u00e7la \u00fcretilmi\u015f \u0130HA\u2019lar\u0131 modernize edip silahland\u0131ran ekibin ba\u015f\u0131ndaki ki\u015filerden biriydi ve 12 Eyl\u00fcl 2017\u2019de Mayadin yak\u0131nlar\u0131ndaki ABD\u2019nin hava sald\u0131r\u0131lar\u0131nda \u00f6ld\u00fcr\u00fcld\u00fc.<br \/>\nI\u015e\u0130D\u2019le ba\u011flant\u0131l\u0131 di\u011fer bir ki\u015fi ise Hag Geneid, 2014 y\u0131l\u0131nda Mersin\u2019in Akdeniz il\u00e7esinde, Altun \u0130nci \u0130n\u015faat Malzemeleri Sanayi ve Ticaret Limited \u015eirketi\u2019ni kurdu. Ortaklar\u0131, Mersin\u2019de ikamet eden ve T\u00fcrkiye vatanda\u015f\u0131 da olan Suriyeli Ghassan Nawai ile Mustafa Naway\u2019d\u0131. 2016\u2019da yine ayn\u0131 adreste Mavi Yelken H\u0131rdavat, 2017\u2019de ise Elferah \u0130n\u015faat kuruldu.<br \/>\n29 May\u0131s 2017 tarihli Bakanlar Kurulu karar\u0131yla T\u00fcrkiye Cumhuriyeti vatanda\u015fl\u0131\u011f\u0131na kabul edilen \u0130brahim Hag Geneid hakk\u0131nda Mersin Cumhuriyet Ba\u015fsavc\u0131l\u0131\u011f\u0131 taraf\u0131ndan I\u015e\u0130D ter\u00f6r \u00f6rg\u00fct\u00fcne \u00fcyelikten soru\u015fturma ba\u015flat\u0131ld\u0131 ama 2019 y\u0131l\u0131nda takipsizlik karar\u0131 verildi. Oysa istihbarat bilgileri \u015firketlerin ve isimlerin I\u015e\u0130D ile silah ticareti yapt\u0131klar\u0131n\u0131, ter\u00f6r \u00f6rg\u00fct\u00fc ile do\u011frudan ba\u011flant\u0131lar\u0131n\u0131n bulundu\u011funu kan\u0131tlamaktad\u0131r. MASAK raporunda M\u0130T ve Emniyet istihbarat\u0131ndan gelen bilgiler \u015f\u00f6yle aktar\u0131l\u0131yor:<br \/>\n\u2022 Mersin\u2019de faaliyet g\u00f6steren Altun \u0130nci \u0130n\u015faat Malzemeleri Sanayi ve Ticaret Limited \u015eirketi\u2019nin 2015\u2019ten 2016 sonuna kadar ter\u00f6r \u00f6rg\u00fct\u00fc ad\u0131na, milyonlarca ABD dolar\u0131 de\u011ferinde \u0130HA ve EYP ekipman\u0131 ve par\u00e7alar\u0131n\u0131 i\u00e7eren aktar\u0131m faaliyetlerinde rol oynad\u0131\u011f\u0131,<br \/>\n\u2022 \u015eirket y\u00f6neticilerinden \u0130brahim Hag Geid adl\u0131 \u015fahs\u0131n, s\u00f6z konusu aktar\u0131m\u0131 maddi \u00e7\u0131kar saikiyle ger\u00e7ekle\u015ftirdi\u011fi; fakat aktar\u0131m\u0131n ter\u00f6r \u00f6rg\u00fct\u00fc ba\u011flant\u0131s\u0131n\u0131n bilincinde oldu\u011fu,<br \/>\n\u2022 535xxx7, 545xxx7, 507xxx3 ve 0324xxx3 numaral\u0131 telefonlar\u0131 kulland\u0131\u011f\u0131,<br \/>\n\u2022 Bahse konu aktar\u0131mla ba\u011flant\u0131l\u0131 Uygur as\u0131ll\u0131 \u00c7in Halk Cumhuriyeti vatanda\u015f\u0131 Abu Naeema al-Turkistani\u2019nin 2015\u2019te silah \u00fcretiminde kullan\u0131lmak \u00fczere \u00c7in merkezli bir \u015firkete yakla\u015f\u0131k 85 bin ABD dolar\u0131 tutar\u0131nda malzeme sipari\u015fi verdi\u011fi,<br \/>\n\u2022 Abu Naeema al-Turkistani\u2019nin e\u015fi \u00c7in vatanda\u015f\u0131 Minawaer Ma\u0131t\u0131tuersun ile birlikte ter\u00f6r \u00f6rg\u00fct\u00fcn\u00fcn kimyasal silah \u00fcretiminden sorumlu biriminde faaliyet g\u00f6sterdi\u011fi,<br \/>\n\u2022 Altun \u0130nci \u0130n\u015faat ve \u0130brahim Haggeneid ile ba\u011flant\u0131l\u0131 \u015fah\u0131slar aras\u0131nda Mustafa Ghasan Naway ve Saf\u0131 Naway\u2019\u0131n da bulundu\u011fu,<br \/>\n\u2022 Suriye\u2019de ter\u00f6r \u00f6rg\u00fct\u00fc ad\u0131na malzeme tedarik \u015febekesinde g\u00f6rev yapan Pakistan vatanda\u015f\u0131 Abu Muaz Pakistani, Sajid Farooq Babar\u2019\u0131n, Altun \u0130nci \u0130n\u015faat ve Mavi Yelken H\u0131rdavat \u00fczerinden b\u00fcy\u00fck miktarda malzeme aktar\u0131m\u0131 ger\u00e7ekle\u015ftirdi\u011fi \u015feklinde istihbari mahiyette bilgiler elde edilmi\u015ftir.\u201d<br \/>\nDr. R\u0131dvan Turan \u00f6nergesinde \u015fu sorulara yer verdi:<\/p>\n<p>1.\tSilah ticareti, 2015\u2019ten bu yana tek tek tespit edilmesine ra\u011fmen s\u00f6z konusu \u015firketlerle ve isimlerle ilgili herhangi bir yasal i\u015flem yap\u0131lm\u0131\u015f m\u0131d\u0131r? Varsa sonu\u00e7lar\u0131 nelerdir?<br \/>\n2.\tMASAK raporu do\u011frultusunda silah ticaretine ad\u0131 kar\u0131\u015fan ki\u015filerin ulusal ve uluslararas\u0131 ba\u011flant\u0131lar\u0131 kimlerdir?<br \/>\n3.\tBahsedilen silah ticaretinde su\u00e7a bula\u015fm\u0131\u015f kamu g\u00f6revlileri var m\u0131d\u0131r? Varsa bu ki\u015filerin birinci dereceden yak\u0131nlar\u0131 ile akrabalar\u0131n\u0131n mal varl\u0131klar\u0131 incelemeye al\u0131nm\u0131\u015f m\u0131d\u0131r?<br \/>\n4.\tSilah ticaretinde kullan\u0131lan ekipmanlar Mersin\u2019e geldikten sonra hangi i\u015flemler yap\u0131larak kimlere ve nerelere g\u00f6nderilmektedir? Bu konuda bir \u00e7al\u0131\u015fman\u0131z var m\u0131d\u0131r?<br \/>\n5.\tSilah ticaretinde kullan\u0131lan ekipmanlar yurt i\u00e7inde mi kalmaktad\u0131r yoksa Suriye\u2019deki sava\u015fa m\u0131 g\u00f6nderilmektedir?<br \/>\n6.\t I\u015e\u0130D silah ticaretinde neden T\u00fcrkiye\u2019yi kullanmaktad\u0131r?<\/p>\n","protected":false},"excerpt":{"rendered":"<p>HDP Mersin Milletvekili Dr. R\u0131dvan Turan, Mersin&#8217;de I\u015e\u0130D \u00fczerinden milyonlarca dolarl\u0131k silah ticareti yap\u0131lmas\u0131n\u0131 TBMM g\u00fcndemine ta\u015f\u0131d\u0131. HDP Mersin Milletvekili Dr. R\u0131dvan Turan, konuyla ilgili \u0130\u00e7i\u015fleri Bakan\u0131 S\u00fcleyman Soylu\u2019nun yan\u0131tlamas\u0131 &hellip; <a href=\"https:\/\/akdenizolaygazetesi.com\/?p=16509\" class=\"more-link\">Devam\u0131n\u0131 Oku&#8230;<\/a><\/p>\n","protected":false},"author":2,"featured_media":16510,"comment_status":"open","ping_status":"open","sticky":false,"template":"","format":"standard","meta":[],"categories":[34,1,2,3],"tags":[],"_links":{"self":[{"href":"https:\/\/akdenizolaygazetesi.com\/index.php?rest_route=\/wp\/v2\/posts\/16509"}],"collection":[{"href":"https:\/\/akdenizolaygazetesi.com\/index.php?rest_route=\/wp\/v2\/posts"}],"about":[{"href":"https:\/\/akdenizolaygazetesi.com\/index.php?rest_route=\/wp\/v2\/types\/post"}],"author":[{"embeddable":true,"href":"https:\/\/akdenizolaygazetesi.com\/index.php?rest_route=\/wp\/v2\/users\/2"}],"replies":[{"embeddable":true,"href":"https:\/\/akdenizolaygazetesi.com\/index.php?rest_route=%2Fwp%2Fv2%2Fcomments&post=16509"}],"version-history":[{"count":1,"href":"https:\/\/akdenizolaygazetesi.com\/index.php?rest_route=\/wp\/v2\/posts\/16509\/revisions"}],"predecessor-version":[{"id":16511,"href":"https:\/\/akdenizolaygazetesi.com\/index.php?rest_route=\/wp\/v2\/posts\/16509\/revisions\/16511"}],"wp:featuredmedia":[{"embeddable":true,"href":"https:\/\/akdenizolaygazetesi.com\/index.php?rest_route=\/wp\/v2\/media\/16510"}],"wp:attachment":[{"href":"https:\/\/akdenizolaygazetesi.com\/index.php?rest_route=%2Fwp%2Fv2%2Fmedia&parent=16509"}],"wp:term":[{"taxonomy":"category","embeddable":true,"href":"https:\/\/akdenizolaygazetesi.com\/index.php?rest_route=%2Fwp%2Fv2%2Fcategories&post=16509"},{"taxonomy":"post_tag","embeddable":true,"href":"https:\/\/akdenizolaygazetesi.com\/index.php?rest_route=%2Fwp%2Fv2%2Ftags&post=16509"}],"curies":[{"name":"wp","href":"https:\/\/api.w.org\/{rel}","templated":true}]}}