{"id":16512,"date":"2022-02-08T10:32:52","date_gmt":"2022-02-08T07:32:52","guid":{"rendered":"http:\/\/akdenizolaygazetesi.com\/?p=16512"},"modified":"2022-02-08T10:32:52","modified_gmt":"2022-02-08T07:32:52","slug":"buyuksehirin-hizmetleri-dort-bir-noktada-suruyor","status":"publish","type":"post","link":"https:\/\/akdenizolaygazetesi.com\/?p=16512","title":{"rendered":"B\u00dcY\u00dcK\u015eEH\u0130R&#8217;\u0130N H\u0130ZMETLER\u0130 D\u00d6RT B\u0130R NOKTADA S\u00dcR\u00dcYOR"},"content":{"rendered":"<p>Mersin B\u00fcy\u00fck\u015fehir Belediyesi, sosyal hizmetlerini sorumluluk alan\u0131ndaki her noktaya g\u00f6t\u00fcrmeye devam ediyor. Son y\u0131llar\u0131n en sert k\u0131\u015f mevsiminin ya\u015fand\u0131\u011f\u0131 \u015fu g\u00fcnlerde kar keyfi ya\u015famak i\u00e7in y\u00fcksek rak\u0131ml\u0131 noktalara giden vatanda\u015flar\u0131 da d\u00fc\u015f\u00fcnen Mersin B\u00fcy\u00fck\u015fehir Belediyesi, mobil ara\u00e7larla \u00e7orba ve kaynar ikram\u0131nda bulunuyor.<br \/>\n\u00c7aml\u0131yayla&#8217;da kar keyfine \u00e7orba ve kaynar e\u015flik etti<br \/>\nMersin&#8217;in cennet k\u00f6\u015felerinden \u00c7aml\u0131yayla&#8217;da B\u00fcy\u00fck\u015fehir Belediyesi Sosyal Hizmetler Dairesi koordinesinde, so\u011fuk havada kar g\u00f6rmek i\u00e7in beyaz \u00f6rt\u00fcn\u00fcn kaplad\u0131\u011f\u0131 noktalara giden bir\u00e7ok ki\u015fiye, s\u0131cac\u0131k \u00e7orba ve kaynar ikram edildi. Tarsus-\u00c7aml\u0131yayla karayolu K\u0131z\u0131lalan mevkii ve \u00c7aml\u0131yayla il\u00e7e merkezinde ger\u00e7ekle\u015fen da\u011f\u0131t\u0131mlara vatanda\u015flar yo\u011fun ilgi g\u00f6sterdi.<br \/>\n&#8220;Ba\u015fkan\u0131m\u0131z sa\u011f olsun, b\u00f6yle bir g\u00fcnde i\u00e7imizi \u0131s\u0131tt\u0131&#8221;<br \/>\nAilesiyle birlikte kar keyfi ya\u015fayan Osman \u00d6zer, &#8220;\u00c7ocuklar e\u011flenirken Belediye arabam\u0131z\u0131 g\u00f6rd\u00fck. S\u0131cak \u00e7orba g\u00fczel olur kar\u0131n \u00fczerinde. Sa\u011f olsun Ba\u015fkan\u0131m\u0131z, b\u00f6yle bir g\u00fcnde i\u00e7imizi \u0131s\u0131tt\u0131, kendisine bu hizmetinden dolay\u0131 te\u015fekk\u00fcr ederim&#8221; dedi.<br \/>\n&#8220;Duyduklar\u0131m do\u011fruymu\u015f demek ki&#8221;<br \/>\nB\u00fcy\u00fck\u015fehir Belediyesi&#8217;nin hizmetlerinin Mersin&#8217;in en \u00fccra k\u00f6\u015felerine gitti\u011fini g\u00f6rmekten mutlu oldu\u011funu ifade eden Ersin Aslan ise &#8220;Mersin B\u00fcy\u00fck\u015fehir Belediyesi&#8217;nin bu hizmetini burada g\u00f6r\u00fcnce \u00e7ok mutlu oldum. \u00c7ok da g\u00fczel, \u015fa\u015f\u0131rd\u0131m. Duyduklar\u0131m do\u011fruymu\u015f demek ki; Mersin&#8217;in en \u00fccra k\u00f6\u015felerine bu tip hizmetleri sa\u011flad\u0131klar\u0131n\u0131 kendi g\u00f6zlerimle g\u00f6rm\u00fc\u015f oldum. Ayn\u0131 zamanda sabahlar\u0131 tar\u0131m i\u015f\u00e7ilerine sunulan \u00e7orba hizmeti, 3.5 liraya 3 \u00e7e\u015fit sunulan yemek hizmetinden de a\u015f\u0131r\u0131 \u015fekilde memnunum&#8221; diye konu\u015ftu.<br \/>\nVatanda\u015flardan Song\u00fcl \u015een ise sunulan \u00e7orba ve hizmetleri, &#8220;\u00c7ok g\u00fczel bir hizmet, te\u015fekk\u00fcr ediyoruz. \u00c7ok lezzetli, be\u011fendik, ellerinize sa\u011fl\u0131k, Allah bereket versin&#8221; ifadeleriyle de\u011ferlendirdi.<br \/>\nAilesiyle birlikte \u00c7aml\u0131yayla&#8217;da kar\u0131n tad\u0131n\u0131 \u00e7\u0131karan 5. s\u0131n\u0131f \u00f6\u011frencisi de Nevrim Beg\u00fcm K\u0131l\u0131\u00e7o\u011flu, &#8220;Kar keyfinde b\u00f6yle \u00e7orba s\u0131cak s\u0131cak g\u00fczel oldu&#8221; dedi.<br \/>\n&#8220;\u0130nsanlar\u0131 mutlu ediyorlar, \u00e7ok g\u00fczel bir \u015fey&#8221;<br \/>\nB\u00fcy\u00fck\u015fehir ekipleri, \u00e7orba da\u011f\u0131t\u0131m\u0131n\u0131n yan\u0131 s\u0131ra \u00c7aml\u0131yayla&#8217;da kaynar da\u011f\u0131t\u0131m\u0131 da ger\u00e7ekle\u015ftirdi. Kaynar\u0131 be\u011fenerek i\u00e7en Mehmet Ta\u015fk\u0131n, &#8220;Ba\u015fkan\u0131m\u0131za ve bu imk\u00e2n\u0131 sa\u011flayan ki\u015filere \u00e7ok te\u015fekk\u00fcr ederiz. \u0130nsanlar\u0131 mutlu ediyorlar, \u00e7ok g\u00fczel bir \u015fey&#8221; derken, G\u00fcls\u00fcm Ta\u015fk\u0131n da &#8220;Burada kaynar fikri \u00e7ok g\u00fczel&#8221; diye konu\u015ftu.<br \/>\nAslen Kazakistanl\u0131 olan ve Tarsus&#8217;ta ya\u015fayan Cevher Demir ise \u00e7ocuklar\u0131yla birlikte geldi\u011fi K\u0131z\u0131lalan&#8217;da B\u00fcy\u00fck\u015fehir Belediyesi&#8217;nin ikramlar\u0131ndan tadarak, &#8220;\u00c7ok g\u00fczel bir hizmet. Her \u015fekilde takip ediyoruz. Her yerde halk\u0131n hizmetine yeti\u015ftiklerini g\u00f6rebiliyoruz&#8221; ifadelerini kulland\u0131.<\/p>\n","protected":false},"excerpt":{"rendered":"<p>Mersin B\u00fcy\u00fck\u015fehir Belediyesi, sosyal hizmetlerini sorumluluk alan\u0131ndaki her noktaya g\u00f6t\u00fcrmeye devam ediyor. Son y\u0131llar\u0131n en sert k\u0131\u015f mevsiminin ya\u015fand\u0131\u011f\u0131 \u015fu g\u00fcnlerde kar keyfi ya\u015famak i\u00e7in y\u00fcksek rak\u0131ml\u0131 noktalara giden vatanda\u015flar\u0131 &hellip; <a href=\"https:\/\/akdenizolaygazetesi.com\/?p=16512\" class=\"more-link\">Devam\u0131n\u0131 Oku&#8230;<\/a><\/p>\n","protected":false},"author":2,"featured_media":16513,"comment_status":"open","ping_status":"open","sticky":false,"template":"","format":"standard","meta":[],"categories":[34,2,3,5],"tags":[],"_links":{"self":[{"href":"https:\/\/akdenizolaygazetesi.com\/index.php?rest_route=\/wp\/v2\/posts\/16512"}],"collection":[{"href":"https:\/\/akdenizolaygazetesi.com\/index.php?rest_route=\/wp\/v2\/posts"}],"about":[{"href":"https:\/\/akdenizolaygazetesi.com\/index.php?rest_route=\/wp\/v2\/types\/post"}],"author":[{"embeddable":true,"href":"https:\/\/akdenizolaygazetesi.com\/index.php?rest_route=\/wp\/v2\/users\/2"}],"replies":[{"embeddable":true,"href":"https:\/\/akdenizolaygazetesi.com\/index.php?rest_route=%2Fwp%2Fv2%2Fcomments&post=16512"}],"version-history":[{"count":1,"href":"https:\/\/akdenizolaygazetesi.com\/index.php?rest_route=\/wp\/v2\/posts\/16512\/revisions"}],"predecessor-version":[{"id":16514,"href":"https:\/\/akdenizolaygazetesi.com\/index.php?rest_route=\/wp\/v2\/posts\/16512\/revisions\/16514"}],"wp:featuredmedia":[{"embeddable":true,"href":"https:\/\/akdenizolaygazetesi.com\/index.php?rest_route=\/wp\/v2\/media\/16513"}],"wp:attachment":[{"href":"https:\/\/akdenizolaygazetesi.com\/index.php?rest_route=%2Fwp%2Fv2%2Fmedia&parent=16512"}],"wp:term":[{"taxonomy":"category","embeddable":true,"href":"https:\/\/akdenizolaygazetesi.com\/index.php?rest_route=%2Fwp%2Fv2%2Fcategories&post=16512"},{"taxonomy":"post_tag","embeddable":true,"href":"https:\/\/akdenizolaygazetesi.com\/index.php?rest_route=%2Fwp%2Fv2%2Ftags&post=16512"}],"curies":[{"name":"wp","href":"https:\/\/api.w.org\/{rel}","templated":true}]}}