{"id":1652,"date":"2020-11-04T18:22:11","date_gmt":"2020-11-04T15:22:11","guid":{"rendered":"http:\/\/mersinekonomipolitikagazetesi.com\/?p=1652"},"modified":"2020-11-04T18:22:11","modified_gmt":"2020-11-04T15:22:11","slug":"bakan-fakibaba-mersinde-hal-esnafi-ile-bir-araya-geldi","status":"publish","type":"post","link":"https:\/\/akdenizolaygazetesi.com\/?p=1652","title":{"rendered":"Bakan Fak\u0131baba, Mersin&#8217;de hal esnaf\u0131 ile bir araya geldi"},"content":{"rendered":"<p>G\u0131da, Tar\u0131m ve Hayvanc\u0131l\u0131k Bakan\u0131 Ahmet E\u015fref Fak\u0131baba, sebze meyve fiyatlar\u0131n\u0131n tarla ve rafta farkl\u0131 oldu\u011fu y\u00f6ndeki ele\u015ftirileri hat\u0131rlatarak, &#8220;Esas\u0131nda bunu tam bir ara\u015ft\u0131rmam\u0131z laz\u0131m. Hi\u00e7 kimse &#8216;su\u00e7lu sebze halleridir&#8217; demiyor ama takdir edersiniz ki bir yanl\u0131\u015fl\u0131k var. Bu yanl\u0131\u015fl\u0131\u011f\u0131 bulmak da hepimizin g\u00f6revi&#8221; dedi.<\/p>\n<p><span style=\"font-size:16px;\"><span style=\"font-family: sans-serif; line-height: 20px; text-align: justify; background-color: rgb(242, 244, 245);\">Bakan Fak\u0131baba, Mersin Hali i\u00e7erisindeki Ya\u015f Sebze ve Meyve Komisyoncular\u0131 Derne\u011fini ziyaret ederek komisyoncularla bir araya geldi. Sebze meyve fiyatlar\u0131n\u0131n tarla ve rafta farkl\u0131 oldu\u011fu y\u00f6n\u00fcndeki ele\u015ftirilere de\u011finen Fak\u0131baba, &#8220;Esas\u0131nda bunu tam bir ara\u015ft\u0131rmam\u0131z laz\u0131m. Hi\u00e7 kimse &#8216;su\u00e7lu sebze halleridir&#8217; demiyor ama takdir edersiniz ki bir yanl\u0131\u015fl\u0131k var. Bu yanl\u0131\u015fl\u0131\u011f\u0131 bulmak da hepimizin g\u00f6revi. Ama hi\u00e7bir zaman, &#8216;sebze pazar\u0131nda bu y\u00fckseliyor, esnaf arkada\u015flar\u0131m\u0131z \u015f\u00f6yle kazan\u0131yor, b\u00f6yle kazan\u0131yor&#8217; diye inan\u0131 kimse de s\u00f6ylemiyor. Ama bu konuda mutlaka bir ara\u015ft\u0131rma yapmam\u0131z laz\u0131m. \u00c7\u00fcnk\u00fc talebin daha fazla olabilmesi i\u00e7in arz\u0131n t\u00fcketici arkada\u015flar\u0131m\u0131z\u0131n b\u00fct\u00e7esine uygun olmas\u0131 laz\u0131m. Bu da arz\u0131 artt\u0131racak \u00e7ok \u00f6nemli bir unsurdur. Bu ba\u011flamda herkesin kazanmas\u0131 laz\u0131m. \u00dcreticinin de aradaki esnaf\u0131n da t\u00fcketicinin de. Ama burada bir yanl\u0131\u015fl\u0131k varsa, bunu mutlaka ara\u015ft\u0131r\u0131p bulmak gerekiyor&#8221; diye konu\u015ftu.\u00a0<\/span><br style=\"box-sizing: border-box; font-family: sans-serif; font-size: 14px; line-height: 20px; text-align: justify; background-color: rgb(242, 244, 245);\" \/><br \/>\n<span style=\"font-family: sans-serif; line-height: 20px; text-align: justify; background-color: rgb(242, 244, 245);\">Tar\u0131m ve hayvanc\u0131l\u0131\u011f\u0131n di\u011fer \u00fcretimlerden farkl\u0131 oldu\u011funa dikkat \u00e7eken Fak\u0131baba, insanlar\u0131n makine, araba veya ba\u015fka teknik ara\u00e7lar \u00fcretebilece\u011fin ancak g\u0131da, tar\u0131m ve hayvanc\u0131l\u0131\u011f\u0131n farkl\u0131 oldu\u011funu vurgulayarak, &#8220;Bu bir zevk olay\u0131, bir hobi olay\u0131. Bu, y\u0131llardan beri gelen bir al\u0131\u015fkanl\u0131k. Hayvanc\u0131l\u0131kla u\u011fra\u015fan insan, g\u00fcbrenin kokusuna bile bir \u00f6zlem duyuyor, hayvan\u0131 i\u00e7ten seviyor. Zarar etse bile elindeki hayvan\u0131 b\u0131rakm\u0131yor. Sizin yapm\u0131\u015f oldu\u011funuz i\u015f sadece ekonomik olarak bir gelir elde etmek de\u011fil, ayn\u0131 zamanda ata mesle\u011fini devam ettirmek ve bu i\u015fi zevkle yaparak \u00e7oluk \u00e7ocu\u011funuza kazand\u0131\u011f\u0131n\u0131z helal paray\u0131 yedirmektir. Bu ba\u011flamda ben sizleri y\u00fcrekten kutluyorum. Biz destekler olarak elimizden geldi\u011fi kadar \u00e7ok samimi bir \u015fekilde, &#8216;acaba \u00e7ift\u00e7i ve \u00fcretici karde\u015flerimize ne yapabiliriz&#8217; diye arkada\u015flar\u0131m\u0131zla beraber \u00e7al\u0131\u015f\u0131yoruz&#8221; diye konu\u015ftu.\u00a0<\/span><br style=\"box-sizing: border-box; font-family: sans-serif; font-size: 14px; line-height: 20px; text-align: justify; background-color: rgb(242, 244, 245);\" \/><br \/>\n<span style=\"font-family: sans-serif; line-height: 20px; text-align: justify; background-color: rgb(242, 244, 245);\">Tar\u0131m\u0131n \u00f6n\u00fcn\u00fcn \u00e7ok a\u00e7\u0131k oldu\u011funu, bu alanda yar\u0131n\u0131n bug\u00fcnden daha iyi olaca\u011f\u0131na inand\u0131\u011f\u0131n\u0131 dile getiren Fak\u0131baba, &#8220;Tabii ki s\u0131k\u0131nt\u0131lar olacak. Mesela Tar\u0131m Bakan\u0131 olmadan \u00f6nce hi\u00e7 bakmazd\u0131m, hava ne kadar g\u00fczel derdim. \u015eimdi hava bana \u00e7ok g\u00fczel gelmiyor, ke\u015fke ya\u011f\u0131\u015fl\u0131 bir hava olsayd\u0131 ne kadar g\u00fczel olurdu. B\u00f6yle \u015fartlar de\u011fi\u015fiyor. Bir y\u0131l insanlar iyi kazan\u0131yor, di\u011fer y\u0131l kazanam\u0131yor. Bu bir yerde de \u00e7ift\u00e7iyi heyecanland\u0131ran, istemedi\u011fi bir \u015fey de olsa bu heyecanla bu i\u015fler y\u0131llard\u0131r devam edip gidiyor. Bundan sonra e\u011fer biz arz\u0131 talebe g\u00f6re yaparsak ve s\u00f6zle\u015fmeli aile i\u015fletmecili\u011fini ortaya koyarsak, yani biz ne sat\u0131n alaca\u011f\u0131z ve \u00e7ift\u00e7i karde\u015flerimiz \u00fcr\u00fcn\u00fc ortaya koydu\u011fu zaman kim sat\u0131n alacak, hepsini alacak m\u0131, bunlar\u0131 ortaya koydu\u011fumuzda emin olun T\u00fcrkiye&#8217;nin gelece\u011finin \u00e7ok parlak oldu\u011funu g\u00f6r\u00fcyorum. \u00c7\u00fcnk\u00fc sizler \u00e7al\u0131\u015fkan ve \u00fcretken insanlars\u0131n\u0131z&#8221; ifadelerini kulland\u0131.\u00a0<\/span><br style=\"box-sizing: border-box; font-family: sans-serif; font-size: 14px; line-height: 20px; text-align: justify; background-color: rgb(242, 244, 245);\" \/><br \/>\n<span style=\"font-family: sans-serif; line-height: 20px; text-align: justify; background-color: rgb(242, 244, 245);\">Bakan Fak\u0131baba, daha sonra hal komisyoncular\u0131n\u0131n sorunlar\u0131n\u0131 dinledi.\u00a0<\/span><\/span><\/p>\n","protected":false},"excerpt":{"rendered":"<p>G\u0131da, Tar\u0131m ve Hayvanc\u0131l\u0131k Bakan\u0131 Ahmet E\u015fref Fak\u0131baba, sebze meyve fiyatlar\u0131n\u0131n tarla ve rafta farkl\u0131 oldu\u011fu y\u00f6ndeki ele\u015ftirileri hat\u0131rlatarak, &#8220;Esas\u0131nda bunu tam bir ara\u015ft\u0131rmam\u0131z laz\u0131m. Hi\u00e7 kimse &#8216;su\u00e7lu sebze halleridir&#8217; &hellip; <a href=\"https:\/\/akdenizolaygazetesi.com\/?p=1652\" class=\"more-link\">Devam\u0131n\u0131 Oku&#8230;<\/a><\/p>\n","protected":false},"author":1,"featured_media":0,"comment_status":"open","ping_status":"open","sticky":false,"template":"","format":"standard","meta":[],"categories":[],"tags":[],"_links":{"self":[{"href":"https:\/\/akdenizolaygazetesi.com\/index.php?rest_route=\/wp\/v2\/posts\/1652"}],"collection":[{"href":"https:\/\/akdenizolaygazetesi.com\/index.php?rest_route=\/wp\/v2\/posts"}],"about":[{"href":"https:\/\/akdenizolaygazetesi.com\/index.php?rest_route=\/wp\/v2\/types\/post"}],"author":[{"embeddable":true,"href":"https:\/\/akdenizolaygazetesi.com\/index.php?rest_route=\/wp\/v2\/users\/1"}],"replies":[{"embeddable":true,"href":"https:\/\/akdenizolaygazetesi.com\/index.php?rest_route=%2Fwp%2Fv2%2Fcomments&post=1652"}],"version-history":[{"count":0,"href":"https:\/\/akdenizolaygazetesi.com\/index.php?rest_route=\/wp\/v2\/posts\/1652\/revisions"}],"wp:attachment":[{"href":"https:\/\/akdenizolaygazetesi.com\/index.php?rest_route=%2Fwp%2Fv2%2Fmedia&parent=1652"}],"wp:term":[{"taxonomy":"category","embeddable":true,"href":"https:\/\/akdenizolaygazetesi.com\/index.php?rest_route=%2Fwp%2Fv2%2Fcategories&post=1652"},{"taxonomy":"post_tag","embeddable":true,"href":"https:\/\/akdenizolaygazetesi.com\/index.php?rest_route=%2Fwp%2Fv2%2Ftags&post=1652"}],"curies":[{"name":"wp","href":"https:\/\/api.w.org\/{rel}","templated":true}]}}