{"id":16521,"date":"2022-02-08T10:40:41","date_gmt":"2022-02-08T07:40:41","guid":{"rendered":"http:\/\/akdenizolaygazetesi.com\/?p=16521"},"modified":"2022-02-08T10:40:41","modified_gmt":"2022-02-08T07:40:41","slug":"kar-eglencesine-veliler-de-katildi","status":"publish","type":"post","link":"https:\/\/akdenizolaygazetesi.com\/?p=16521","title":{"rendered":"Kar e\u011flencesine veliler de kat\u0131ld\u0131"},"content":{"rendered":"<p>Akdeniz Belediyesi, yar\u0131y\u0131l tatili bitip okula ba\u015flayan \u00f6\u011frencilere \u2018kar s\u00fcrprizi\u2019 yapt\u0131. Okul bah\u00e7esinde tonlarca kar g\u00f6ren \u00e7ocuklar g\u00f6n\u00fcllerince e\u011flendi.<br \/>\nAkdeniz Belediyesi, s\u00f6mestr tatili sonunda e\u011fitim yuvalar\u0131na d\u00f6nen ilkokul \u00f6\u011frencileri i\u00e7in g\u00fczel bir s\u00fcrprize imza att\u0131. Belediyenin fen i\u015fleri ekipleri taraf\u0131ndan Toros Da\u011flar\u0131\u2019n\u0131n y\u00fckseklerinden toplan\u0131p kamyonlara y\u00fcklenen tonlarca kar; \u00dc\u00e7ocak, Fatih, 23 Nisan, Sakarya, Saadettin Bey, G\u00fcney, Mehmet Selim Kiraz ve daha bir\u00e7ok farkl\u0131 mahallede bulunan ilkokullar\u0131n bah\u00e7esine d\u00f6k\u00fcld\u00fc. Zil \u00e7al\u0131p teneff\u00fcse \u00e7\u0131kan y\u00fczlerce \u00e7ocuk, kar\u015f\u0131lar\u0131nda kardan bir da\u011f ile kar\u015f\u0131la\u015f\u0131nca sevin\u00e7 \u00e7\u0131\u011fl\u0131klar\u0131 att\u0131.<br \/>\nKar e\u011flencesine veliler de kat\u0131ld\u0131<br \/>\nOkullar\u0131n\u0131n bah\u00e7esindeki kardan da\u011fa t\u0131rmanan minikler, g\u00f6n\u00fcllerince e\u011flenip g\u00fczel bir vakit ge\u00e7irdi, birbirlerine kartopu f\u0131rlatt\u0131. \u00c7ocuklar\u0131n\u0131n kar e\u011flencesine kimi veliler de ortak oldu. Bir\u00e7ok veli, \u00e7ocuklar\u0131n\u0131n kar e\u011flencesini cep telefonlar\u0131 ile \u00e7ekerken, hayat\u0131nda ilk kez kar g\u00f6ren ya\u015fl\u0131 bir kad\u0131n, kar\u0131n tad\u0131na bakt\u0131. \u00d6\u011frenciler, \u00f6\u011fretmen ve veliler, s\u00fcrpriz i\u00e7in Akdeniz Belediye Ba\u015fkan\u0131 M. Mustafa G\u00fcltak\u2019a te\u015fekk\u00fcr ettiler.<br \/>\n\u201c\u00c7ocuklar\u0131m\u0131z\u0131 kar s\u00fcrprizi ile sevindirdik\u201d<br \/>\nE\u011fitim-\u00f6\u011fretim d\u00f6nemi ikinci yar\u0131y\u0131l\u0131 nedeniyle k\u0131sa bir mesaj yay\u0131nlayan Ba\u015fkan Mustafa G\u00fcltak; \u201cYar\u0131y\u0131l tatili biten \u00e7ocuklar\u0131m\u0131za g\u00fczel bir s\u00fcrpriz yaparak, Toros Da\u011flar\u0131\u2019n\u0131n y\u00fckseklerinden getirdi\u011fimiz tonlarca kar ile onlar\u0131 sevindirdik. \u00c7ocuklar\u0131m\u0131z\u0131n bir\u00e7o\u011fu kar ile ilk kez tan\u0131\u015ft\u0131, hayatlar\u0131nda ilk kez kar g\u00f6rd\u00fc.<br \/>\nE\u011fitim ve \u00f6\u011fretim s\u00fcrecine her t\u00fcrl\u00fc deste\u011fi verirken, \u00e7ocuklar\u0131m\u0131z\u0131 da bu t\u00fcr renkli etkinliklerle sevindirmeye devam edece\u011fiz. En k\u0131ymetli varl\u0131\u011f\u0131m\u0131z ve gelece\u011fimizin teminat\u0131 olan \u00e7ocuklar\u0131m\u0131za derslerinde ba\u015far\u0131lar diliyor, aileleri ile birlikte sa\u011fl\u0131kl\u0131 ve mutlu bir ya\u015fam temenni ediyorum\u201d dedi.<\/p>\n","protected":false},"excerpt":{"rendered":"<p>Akdeniz Belediyesi, yar\u0131y\u0131l tatili bitip okula ba\u015flayan \u00f6\u011frencilere \u2018kar s\u00fcrprizi\u2019 yapt\u0131. Okul bah\u00e7esinde tonlarca kar g\u00f6ren \u00e7ocuklar g\u00f6n\u00fcllerince e\u011flendi. Akdeniz Belediyesi, s\u00f6mestr tatili sonunda e\u011fitim yuvalar\u0131na d\u00f6nen ilkokul \u00f6\u011frencileri i\u00e7in &hellip; <a href=\"https:\/\/akdenizolaygazetesi.com\/?p=16521\" class=\"more-link\">Devam\u0131n\u0131 Oku&#8230;<\/a><\/p>\n","protected":false},"author":2,"featured_media":16522,"comment_status":"open","ping_status":"open","sticky":false,"template":"","format":"standard","meta":[],"categories":[1,2,3,5],"tags":[],"_links":{"self":[{"href":"https:\/\/akdenizolaygazetesi.com\/index.php?rest_route=\/wp\/v2\/posts\/16521"}],"collection":[{"href":"https:\/\/akdenizolaygazetesi.com\/index.php?rest_route=\/wp\/v2\/posts"}],"about":[{"href":"https:\/\/akdenizolaygazetesi.com\/index.php?rest_route=\/wp\/v2\/types\/post"}],"author":[{"embeddable":true,"href":"https:\/\/akdenizolaygazetesi.com\/index.php?rest_route=\/wp\/v2\/users\/2"}],"replies":[{"embeddable":true,"href":"https:\/\/akdenizolaygazetesi.com\/index.php?rest_route=%2Fwp%2Fv2%2Fcomments&post=16521"}],"version-history":[{"count":1,"href":"https:\/\/akdenizolaygazetesi.com\/index.php?rest_route=\/wp\/v2\/posts\/16521\/revisions"}],"predecessor-version":[{"id":16523,"href":"https:\/\/akdenizolaygazetesi.com\/index.php?rest_route=\/wp\/v2\/posts\/16521\/revisions\/16523"}],"wp:featuredmedia":[{"embeddable":true,"href":"https:\/\/akdenizolaygazetesi.com\/index.php?rest_route=\/wp\/v2\/media\/16522"}],"wp:attachment":[{"href":"https:\/\/akdenizolaygazetesi.com\/index.php?rest_route=%2Fwp%2Fv2%2Fmedia&parent=16521"}],"wp:term":[{"taxonomy":"category","embeddable":true,"href":"https:\/\/akdenizolaygazetesi.com\/index.php?rest_route=%2Fwp%2Fv2%2Fcategories&post=16521"},{"taxonomy":"post_tag","embeddable":true,"href":"https:\/\/akdenizolaygazetesi.com\/index.php?rest_route=%2Fwp%2Fv2%2Ftags&post=16521"}],"curies":[{"name":"wp","href":"https:\/\/api.w.org\/{rel}","templated":true}]}}