{"id":1653,"date":"2020-11-04T18:22:11","date_gmt":"2020-11-04T15:22:11","guid":{"rendered":"http:\/\/mersinekonomipolitikagazetesi.com\/?p=1653"},"modified":"2020-11-04T18:22:11","modified_gmt":"2020-11-04T15:22:11","slug":"sehit-savci-kiraz-3-bakanin-katildigi-torenle-mersinde-anildi","status":"publish","type":"post","link":"https:\/\/akdenizolaygazetesi.com\/?p=1653","title":{"rendered":"\u015eehit Savc\u0131 Kiraz, 3 bakan\u0131n kat\u0131ld\u0131\u011f\u0131 t\u00f6renle Mersin&#8217;de an\u0131ld\u0131"},"content":{"rendered":"<p>\u0130stanbul Adalet Saray\u0131&#8217;ndaki makam odas\u0131nda ter\u00f6ristlerce \u015fehit edilen Savc\u0131 Mehmet Selim Kiraz, \u00f6l\u00fcm\u00fcn\u00fcn 3. y\u0131ld\u00f6n\u00fcm\u00fcnde memleketi Mersin&#8217;de 3 bakan\u0131n kat\u0131ld\u0131\u011f\u0131 programla an\u0131ld\u0131.<\/p>\n<p><span style=\"font-size:16px;\"><span style=\"font-family: sans-serif; line-height: 20px; text-align: justify; background-color: rgb(242, 244, 245);\">Mersin \u0130mam Hatip Lisesi mezunu olan Savc\u0131 Kiraz i\u00e7in Akdeniz \u0130mam Hatip Okullar\u0131 Mezunlar\u0131 Mensuplar\u0131 ve Muhipleri Derne\u011fi (AK\u0130MDER) taraf\u0131ndan K\u00fclt\u00fcr Merkezi&#8217;nde d\u00fczenlenen anma etkinli\u011fine Kalk\u0131nma Bakan\u0131 L\u00fctfi Elvan, Milli E\u011fitim Bakan\u0131 \u0130smet Y\u0131lmaz ve G\u0131da Tar\u0131m ve Hayvanc\u0131l\u0131k Bakan\u0131 Ahmet E\u015fref Fak\u0131baba\u2019n\u0131n yan\u0131 s\u0131ra \u015fehit savc\u0131n\u0131n babas\u0131 Hakk\u0131 Kiraz ile 15 Temmuz \u015fehidi Erol Ol\u00e7ok&#8217;un e\u015fi Nihal Ol\u00e7ok&#8217;ta kat\u0131ld\u0131.\u00a0<\/span><br style=\"box-sizing: border-box; font-family: sans-serif; font-size: 14px; line-height: 20px; text-align: justify; background-color: rgb(242, 244, 245);\" \/><br \/>\n<br style=\"box-sizing: border-box; font-family: sans-serif; font-size: 14px; line-height: 20px; text-align: justify; background-color: rgb(242, 244, 245);\" \/><br \/>\n<span style=\"font-family: sans-serif; line-height: 20px; text-align: justify; background-color: rgb(242, 244, 245);\">Baba Hakk\u0131 Kiraz&#8217;dan duyguland\u0131ran konu\u015fma\u00a0<\/span><br style=\"box-sizing: border-box; font-family: sans-serif; font-size: 14px; line-height: 20px; text-align: justify; background-color: rgb(242, 244, 245);\" \/><br \/>\n<span style=\"font-family: sans-serif; line-height: 20px; text-align: justify; background-color: rgb(242, 244, 245);\">Kur&#8217;an-\u0131 Kerim tilaveti ve \u015fehit savc\u0131 Selim Kiraz&#8217;\u0131 anlatan sinevizyon g\u00f6steriminin ard\u0131ndan konu\u015fan baba Hakk\u0131 Kiraz, 31 Mart 2015 tarihinin hayat\u0131nda \u00e7ok b\u00fcy\u00fck bir \u00f6neme sahip oldu\u011funu s\u00f6yledi. Bug\u00fcn\u00fc bir taraf\u0131 karanl\u0131k, bir taraf\u0131 da ayd\u0131nl\u0131k olarak telaki etti\u011fini ifade eden Hakk\u0131 Kiraz, &#8220;Rabbim bizi bug\u00fcn ak\u0131ldan sonra insana verilen varl\u0131klar\u0131n en de\u011ferlisi olan evlad\u0131m\u0131zla imtihan etti. \u00d6b\u00fcr taraftan tabi kolay de\u011fil. Bir o\u011flunuz oluyor, seviniyorsunuz, yemiyorsunuz yediriyorsunuz, giymiyorsunuz giydiriyorsunuz, b\u00fcy\u00fct\u00fcyorsunuz, belli bir yere geliyor, tam meyvesini al\u0131yorsunuz, beraber oluyorsunuz, fakat bir bak\u0131yorsunuz ki, bir g\u00fcn televizyonda bir alt yaz\u0131 ge\u00e7iyor. Allah bunu kimseye g\u00f6stermesin&#8221; diye konu\u015ftu.\u00a0<\/span><br style=\"box-sizing: border-box; font-family: sans-serif; font-size: 14px; line-height: 20px; text-align: justify; background-color: rgb(242, 244, 245);\" \/><br \/>\n<br style=\"box-sizing: border-box; font-family: sans-serif; font-size: 14px; line-height: 20px; text-align: justify; background-color: rgb(242, 244, 245);\" \/><br \/>\n<span style=\"font-family: sans-serif; line-height: 20px; text-align: justify; background-color: rgb(242, 244, 245);\">&#8220;O\u011fluma &#8216;koruma iste&#8217; dedim, o da bana &#8216;kaderimde varsa \u015fehit olurum&#8217; dedi&#8221;\u00a0<\/span><br style=\"box-sizing: border-box; font-family: sans-serif; font-size: 14px; line-height: 20px; text-align: justify; background-color: rgb(242, 244, 245);\" \/><br \/>\n<span style=\"font-family: sans-serif; line-height: 20px; text-align: justify; background-color: rgb(242, 244, 245);\">&#8220;Y\u00fcre\u011fimiz a\u011fz\u0131m\u0131za geldi. Etten kemikten olu\u015fmu\u015fuz, insan\u0131z neticede&#8221; diyerek konu\u015fmas\u0131n\u0131 s\u00fcrd\u00fcren Kiraz, &#8220;E\u015fimle bir birimize bakt\u0131k. Yapaca\u011f\u0131m\u0131z bir \u015fey var m\u0131 acaba? D\u00fc\u015f\u00fcnd\u00fck ta\u015f\u0131nd\u0131k, yapacak hi\u00e7bir \u015feyimiz yok. Han\u0131ma, &#8216;Biz Allah&#8217;a iman etmi\u015f miyiz, etmi\u015fiz. Kadere iman etmi\u015f miyiz, etmi\u015fiz. E\u011fer Rabbim &#8216;buraya kadar&#8217; demi\u015f ise b\u00fct\u00fcn d\u00fcnya gelse bunu kurtaramaz. Ama e\u011fer Rabbim &#8216;de\u011fil&#8217; demi\u015fse, vallahi onlar de\u011fil, onlardan bin tane daha gelse o\u011flumuza zarar veremezler. En iyisi sen gel biz Allah&#8217;a \u015f\u00fckredelim ve sabredelim&#8217; dedim. Ama tabi anne y\u00fcre\u011fi \u00e7ok farkl\u0131. Hep bir korkusu vard\u0131, acaba servisten inerken bir sald\u0131r\u0131ya u\u011frar m\u0131 diye. O\u011flumuza s\u00f6yledik, e\u011fer sizin bu dosya ile ilgili bir teredd\u00fcd\u00fcn\u00fcz var ise devlet b\u00fcy\u00fckt\u00fcr, size koruma versin dedim. O\u011flumun bana verdi\u011fi cevap \u015fu; &#8216;Baba en b\u00fcy\u00fck korumam\u0131z Allah&#8217;t\u0131r. Ben 20-25 ya\u015f\u0131nda bir kuzuyu getirip de arabam\u0131n \u00f6n taraf\u0131nda oturtaca\u011f\u0131m, Allah muhafaza bana gelecek kur\u015funa kendini heder edecek, ben nas\u0131l bir vicdan azab\u0131 \u00e7ekerim. Gelirse bana gelsin, e\u011fer kaderimde varsa \u015fehit olurum&#8217;. E\u015fim de bana &#8216;Allah verdi\u011fi zaman bize sormad\u0131, al\u0131rken de bize soracak de\u011fil&#8217; dedi&#8221; ifadelerini kulland\u0131.\u00a0<\/span><br style=\"box-sizing: border-box; font-family: sans-serif; font-size: 14px; line-height: 20px; text-align: justify; background-color: rgb(242, 244, 245);\" \/><br \/>\n<br style=\"box-sizing: border-box; font-family: sans-serif; font-size: 14px; line-height: 20px; text-align: justify; background-color: rgb(242, 244, 245);\" \/><br \/>\n<span style=\"font-family: sans-serif; line-height: 20px; text-align: justify; background-color: rgb(242, 244, 245);\">&#8220;\u0130nsanlar elbette evlad\u0131n\u0131 \u00e7ok sever, vallahi ger\u00e7ekten bende \u00e7ok seviyordum&#8221;\u00a0<\/span><br style=\"box-sizing: border-box; font-family: sans-serif; font-size: 14px; line-height: 20px; text-align: justify; background-color: rgb(242, 244, 245);\" \/><br \/>\n<span style=\"font-family: sans-serif; line-height: 20px; text-align: justify; background-color: rgb(242, 244, 245);\">8.5 saat boyunca televizyonda yay\u0131nlanan g\u00f6r\u00fcnt\u00fcleri i\u00e7leri kaynayarak izlediklerini anlatan Hakk\u0131 Kiraz, \u015f\u00f6yle devam etti:\u00a0<\/span><br style=\"box-sizing: border-box; font-family: sans-serif; font-size: 14px; line-height: 20px; text-align: justify; background-color: rgb(242, 244, 245);\" \/><br \/>\n<span style=\"font-family: sans-serif; line-height: 20px; text-align: justify; background-color: rgb(242, 244, 245);\">&#8220;Ama inan\u0131n hi\u00e7biri bizi fazla etkilemedi. \u00c7\u00fcnk\u00fc biz Allah&#8217;a iman ettik, \u00e7\u00fcnk\u00fc biz kadere inand\u0131k. Hazreti H\u00fcseyin&#8217;den daha fazla yap\u0131lmad\u0131 ona. Biz inanan bir milletiz dedik ve sabrettik. Tabi ak\u0131beti ortada. O\u011flum bu \u015fekilde Rabbi&#8217;ne kavu\u015ftu. Neticede ecel tektir. Ha b\u00f6yle gitmi\u015fsin, ha \u00f6yle gitmi\u015fsin. Bir kez \u00f6l\u00fcrs\u00fcn. \u00dcmit ediyorum ki, bu \u015fekilde \u015fehitler kervan\u0131na kat\u0131lm\u0131\u015f ve Rabbi&#8217;ne kavu\u015fmu\u015ftur. O nedenle bug\u00fcn\u00fcn bizim tarihimizde \u00f6nemi b\u00fcy\u00fckt\u00fcr. \u0130nsanlar elbette evlad\u0131n\u0131 \u00e7ok sever. Vallahi ger\u00e7ekten bende \u00e7ok seviyordum. Bir baba-o\u011ful ili\u015fkisinden ziyade abi-karde\u015f ili\u015fkimiz vard\u0131. Biz evlad\u0131m\u0131z\u0131 severiz, mal\u0131m\u0131z\u0131 m\u00fclk\u00fcm\u00fcz\u00fc de severiz, ama hi\u00e7 \u015f\u00fcphe yoktur ki, vallahi biz devletimizi ve milletimizi de \u00e7ok \u00e7ok severiz. Yani gerekirse evlad\u0131m\u0131zdan da \u00e7ok severiz. Can\u0131m\u0131z feda olsun devletimize.&#8221;\u00a0<\/span><br style=\"box-sizing: border-box; font-family: sans-serif; font-size: 14px; line-height: 20px; text-align: justify; background-color: rgb(242, 244, 245);\" \/><br \/>\n<br style=\"box-sizing: border-box; font-family: sans-serif; font-size: 14px; line-height: 20px; text-align: justify; background-color: rgb(242, 244, 245);\" \/><br \/>\n<span style=\"font-family: sans-serif; line-height: 20px; text-align: justify; background-color: rgb(242, 244, 245);\">&#8220;D\u00fcnyada 34 farkl\u0131 \u00fclkede 78 ayr\u0131 \u015fehitli\u011fi olan ba\u015fka bir millet yoktur&#8221;\u00a0<\/span><br style=\"box-sizing: border-box; font-family: sans-serif; font-size: 14px; line-height: 20px; text-align: justify; background-color: rgb(242, 244, 245);\" \/><br \/>\n<span style=\"font-family: sans-serif; line-height: 20px; text-align: justify; background-color: rgb(242, 244, 245);\">Milli E\u011fitim Bakan\u0131 \u0130smet Y\u0131lmaz ise \u015fehitler \u00fczerine konu\u015fman\u0131n olduk\u00e7a zor oldu\u011funu, ne denilirse denilsin \u015fehit yak\u0131nlar\u0131n\u0131n ac\u0131s\u0131na merhem olunamayaca\u011f\u0131n\u0131 s\u00f6yledi. Bu milletin de\u011ferlerinden zerre paya sahip olmayanlar\u0131n Savc\u0131 Mehmet Selim Kiraz&#8217;\u0131 \u015fehit ettiklerini hat\u0131rlatan Y\u0131lmaz, &#8220;\u015eehitlik, Peygamberlikten sonra mertebelerin en y\u00fccesidir. Biz \u015fehitlerimizin hat\u0131ralar\u0131n\u0131 ilelebet ya\u015faca\u011f\u0131z. Onlara kar\u015f\u0131 sorumlulu\u011fumuzun gere\u011fi, \u015fehitlerimizin u\u011frunda \u00f6ld\u00fckleri de\u011ferleri daha da g\u00fc\u00e7lendirece\u011fiz. T\u00fcrk milleti tarihin her d\u00f6neminde inanc\u0131, vatan\u0131, ba\u011f\u0131ms\u0131zl\u0131\u011f\u0131, bayra\u011f\u0131 ve mukaddes de\u011ferleri u\u011fruna can verdi, vermeye de devam ediyor. D\u00fcnyada 34 farkl\u0131 \u00fclkede 78 ayr\u0131 \u015fehitli\u011fi olan ba\u015fka bir millet yoktur. T\u00fcrk milleti olarak bu topra\u011f\u0131 kan\u0131m\u0131zla yo\u011furarak vatan haline getirdik, ba\u015fka da vatan\u0131m\u0131z yoktur. G\u00f6lgesinde do\u011fdu\u011fumuz bayra\u011f\u0131n g\u00f6lgesinde \u00f6lece\u011fiz, bizim i\u00e7in bundan b\u00fcy\u00fck \u015feref yoktur. Ter\u00f6r \u00f6rg\u00fctlerini kullanarak bu \u00fclkeyi par\u00e7alayacaklar\u0131n\u0131 ve bu milleti dize getireceklerini sananlar, her zaman oldu\u011fu gibi bundan sonra da yan\u0131lacaklar\u0131n\u0131 g\u00f6receklerdir&#8221; dedi.\u00a0<\/span><br style=\"box-sizing: border-box; font-family: sans-serif; font-size: 14px; line-height: 20px; text-align: justify; background-color: rgb(242, 244, 245);\" \/><br \/>\n<br style=\"box-sizing: border-box; font-family: sans-serif; font-size: 14px; line-height: 20px; text-align: justify; background-color: rgb(242, 244, 245);\" \/><br \/>\n<span style=\"font-family: sans-serif; line-height: 20px; text-align: justify; background-color: rgb(242, 244, 245);\">&#8220;Cehennem olsa gelen g\u00f6\u011fs\u00fcm\u00fczde s\u00f6nd\u00fcr\u00fcr\u00fcz, bu yol Hak yoludur d\u00f6nme bilmeyiz y\u00fcr\u00fcr\u00fcz&#8221;\u00a0<\/span><br style=\"box-sizing: border-box; font-family: sans-serif; font-size: 14px; line-height: 20px; text-align: justify; background-color: rgb(242, 244, 245);\" \/><br \/>\n<span style=\"font-family: sans-serif; line-height: 20px; text-align: justify; background-color: rgb(242, 244, 245);\">81 milyonun tek millet olarak ay y\u0131ld\u0131zl\u0131 al bayra\u011f\u0131n alt\u0131nda ya\u015fad\u0131\u011f\u0131n\u0131 kaydeden Y\u0131lmaz, &#8220;Ad\u0131 ne olursa olsun d\u0131\u015f g\u00fc\u00e7lerinin piyonu ter\u00f6r \u00f6rg\u00fctlerinin hedefi, \u00fclkemizin birli\u011fini, beraberli\u011fini, ba\u011f\u0131ms\u0131zl\u0131\u011f\u0131n\u0131, istiklalini ve istikbalini ortadan kald\u0131rmak istiyorlar. Ancak bayra\u011f\u0131m\u0131z\u0131, vatan\u0131m\u0131z\u0131 ve devletimizin bekas\u0131n\u0131 tehdit eden bu \u00f6rg\u00fctlere kar\u015f\u0131, milletimizin deste\u011fini alan devletimizin b\u00fct\u00fcn kurumlar\u0131, kararl\u0131 bir \u015fekilde m\u00fccadelesini s\u00fcrd\u00fcr\u00fcyor ve s\u00fcrd\u00fcrmeye de devam edecek. T\u00fcrkiye&#8217;nin birli\u011fine, beraberli\u011fine ve b\u00fct\u00fcnl\u00fc\u011f\u00fcne kastedenlere s\u00f6z\u00fcm\u00fcz \u015fudur; Cehennem olsa gelen g\u00f6\u011fs\u00fcm\u00fczde s\u00f6nd\u00fcr\u00fcr\u00fcz, bu yol Hak yoludur d\u00f6nme bilmeyiz y\u00fcr\u00fcr\u00fcz&#8221; diye konu\u015ftu.\u00a0<\/span><br style=\"box-sizing: border-box; font-family: sans-serif; font-size: 14px; line-height: 20px; text-align: justify; background-color: rgb(242, 244, 245);\" \/><br \/>\n<br style=\"box-sizing: border-box; font-family: sans-serif; font-size: 14px; line-height: 20px; text-align: justify; background-color: rgb(242, 244, 245);\" \/><br \/>\n<span style=\"font-family: sans-serif; line-height: 20px; text-align: justify; background-color: rgb(242, 244, 245);\">&#8220;Bu milletin evlatlar\u0131na de\u011ferler e\u011fitiminin en g\u00fczeli veriliyor&#8221;\u00a0<\/span><br style=\"box-sizing: border-box; font-family: sans-serif; font-size: 14px; line-height: 20px; text-align: justify; background-color: rgb(242, 244, 245);\" \/><br \/>\n<span style=\"font-family: sans-serif; line-height: 20px; text-align: justify; background-color: rgb(242, 244, 245);\">Konu\u015fmas\u0131nda, &#8216;e\u011fitime \u00e7ok \u015fey yap\u0131yoruz ama de\u011ferler e\u011fitimini veremiyoruz&#8217; \u015feklindeki ele\u015ftirilere de yan\u0131t veren Y\u0131lmaz, \u015fu ifadeleri kulland\u0131:\u00a0<\/span><br style=\"box-sizing: border-box; font-family: sans-serif; font-size: 14px; line-height: 20px; text-align: justify; background-color: rgb(242, 244, 245);\" \/><br \/>\n<span style=\"font-family: sans-serif; line-height: 20px; text-align: justify; background-color: rgb(242, 244, 245);\">&#8220;D\u00fcn \u00c7orum&#8217;da k\u00fc\u00e7\u00fck bir k\u00f6ydeydik. N\u00fcfusu 300 ki\u015fi bile de\u011fildi. Ama ara\u00e7lar\u0131n\u0131n kuyru\u011fu 5 kilometreye kadar uzam\u0131\u015f 15 bin ki\u015fi ile \u015fehit cenazesini kald\u0131rd\u0131k. Sordum, &#8216;bunlar\u0131 tan\u0131yor musunuz&#8217; diye, hi\u00e7birisini tan\u0131maz. \u0130nsan ya\u011fmur ya\u011farken tan\u0131mad\u0131\u011f\u0131 kimsenin cenazesine neden kat\u0131l\u0131r? Tek bir sebep var, i\u015fte bu milletin her bir bireyine de\u011ferler e\u011fitiminin verilmi\u015f olmas\u0131d\u0131r. E\u011fer bu de\u011ferlen e\u011fitimi verilmeseydi, bir cenazeye bu kadar kalabal\u0131k kat\u0131lmazd\u0131. Yol \u00e7amur, hava ya\u011fmurlu. Ama 7&#8217;den 77&#8217;ye herkes oradayd\u0131. Yine bu \u00fclkenin evlatlar\u0131na de\u011ferler e\u011fitimi verildi. 15 Temmuz&#8217;da biz bunu g\u00f6rd\u00fck. Bir e\u015fk\u0131ya \u00e7etesi bu milletin hakk\u0131na, hukukuna, evlatlar\u0131n\u0131n gelece\u011fine sald\u0131rd\u0131klar\u0131nda 7&#8217;den 77&#8217;ye soka\u011fa \u00e7\u0131kt\u0131. Allah&#8217;a hamdolsun, biz evlatlar\u0131m\u0131za de\u011ferler e\u011fitimi veriyoruz. Bir\u00e7o\u011fumuz sokaklarda yere d\u00fc\u015fm\u00fc\u015f alt\u0131n\u0131 al\u0131p g\u00f6t\u00fcr\u00fcp sahibine teslim ediyor. Bu da de\u011ferler e\u011fitimin bir ba\u015fka halidir. Ya\u011fmur alt\u0131nda \u0130stiklal Mar\u015f\u0131&#8217;n\u0131 duyunca \u00e7ak\u0131l\u0131 kalanlar da bu de\u011ferler e\u011fitiminin bir \u00f6rne\u011fidir.&#8221;\u00a0<\/span><br style=\"box-sizing: border-box; font-family: sans-serif; font-size: 14px; line-height: 20px; text-align: justify; background-color: rgb(242, 244, 245);\" \/><br \/>\n<br style=\"box-sizing: border-box; font-family: sans-serif; font-size: 14px; line-height: 20px; text-align: justify; background-color: rgb(242, 244, 245);\" \/><br \/>\n<span style=\"font-family: sans-serif; line-height: 20px; text-align: justify; background-color: rgb(242, 244, 245);\">&#8220;Bizim bir \u00e7ak\u0131l\u0131m\u0131zda g\u00f6z\u00fc olan\u0131n g\u00f6z\u00fcn\u00fc \u00e7\u0131kar\u0131r, g\u00f6z\u00fcn\u00fc patlat\u0131r\u0131z&#8221;\u00a0<\/span><br style=\"box-sizing: border-box; font-family: sans-serif; font-size: 14px; line-height: 20px; text-align: justify; background-color: rgb(242, 244, 245);\" \/><br \/>\n<span style=\"font-family: sans-serif; line-height: 20px; text-align: justify; background-color: rgb(242, 244, 245);\">Mehmet\u00e7i\u011fin Afrin&#8217;de destan yazd\u0131\u011f\u0131n\u0131 ve yazmaya devam etti\u011fini dile getiren G\u0131da Tar\u0131m ve Hayvanc\u0131l\u0131k Bakan\u0131 Ahmet E\u015fref Fak\u0131baba, &#8220;Allah&#8217;\u0131n izniyle bizden ders almak isteyenlere ders verece\u011fiz. Bunda kesin kararl\u0131y\u0131z. E\u011fer ald\u0131klar\u0131 dersi unutmu\u015flarsa, aradan 100 y\u0131l ge\u00e7mi\u015f, o zaman o dersi tekrar etmesini de biliriz. \u00c7\u00fcnk\u00fc bu bayra\u011fa biz can\u0131m\u0131z\u0131 vermi\u015fiz. \u015eehitlerimize T\u00fcrk ulusu olarak minnettar\u0131z. Sadece T\u00fcrk ulusu olarak de\u011fil, \u00fcmmet olarak da minnettar\u0131z. Ta\u015feron olarak kullan\u0131lan ter\u00f6r \u00f6rg\u00fctleri, \u00e7ok de\u011ferli savc\u0131m\u0131z\u0131, can\u0131m\u0131z\u0131 kahpece bizden ay\u0131rd\u0131lar. Ama emin olsunlar ki, 81 milyon insan bu bayrak i\u00e7in, bu vatan i\u00e7in \u00f6l\u00fcme her zaman haz\u0131rd\u0131r. Hi\u00e7 kimse bizimle Allah&#8217;tan ba\u015fka ba\u015fa \u00e7\u0131kamaz. Bu topraklar bizim, bizim hi\u00e7 kimsenin bir tek \u00e7ak\u0131l\u0131nda g\u00f6z\u00fcm\u00fcz yok. Ama bizim bir \u00e7ak\u0131l\u0131m\u0131zda g\u00f6z\u00fc olan\u0131n g\u00f6z\u00fcn\u00fc \u00e7\u0131kar\u0131r, g\u00f6z\u00fcn\u00fc patlat\u0131r\u0131z. Ders alacaklar, ba\u015fta Cumhurba\u015fkan\u0131m\u0131z, Ba\u015fbakan\u0131m\u0131z, h\u00fck\u00fcmetimiz hepimiz kararl\u0131y\u0131z. Biz \u00fclkemizde gururumuzla, namusumuzla ya\u015famay\u0131 bilen bir milletiz. O al\u00e7ak ter\u00f6r \u00f6rg\u00fctleri, savc\u0131m\u0131z\u0131 \u015fehit edenler olmak \u00fczere, PKK&#8217;s\u0131, FET\u00d6&#8217;s\u00fc, PYD&#8217;si, YPG&#8217;si kimi varsa gelsin. Gelsinler de g\u00f6relim. Gelecekleri varsa g\u00f6recekleri de var. Bu birlik ve beraberli\u011fimiz oldu\u011fu m\u00fcddet\u00e7e, Allah&#8217;tan ba\u015fka kimse bize bir \u015fey yapamaz. Allah birli\u011fimizi, beraberli\u011fimiz bozmas\u0131n&#8221; ifadelerini kulland\u0131.<\/span><br style=\"box-sizing: border-box; font-family: sans-serif; font-size: 14px; line-height: 20px; text-align: justify; background-color: rgb(242, 244, 245);\" \/><br \/>\n<br style=\"box-sizing: border-box; font-family: sans-serif; font-size: 14px; line-height: 20px; text-align: justify; background-color: rgb(242, 244, 245);\" \/><br \/>\n<span style=\"font-family: sans-serif; line-height: 20px; text-align: justify; background-color: rgb(242, 244, 245);\">&#8220;Bu milletin vatan, millet, bayrak sevgisini anlayamad\u0131lar&#8221;\u00a0<\/span><br style=\"box-sizing: border-box; font-family: sans-serif; font-size: 14px; line-height: 20px; text-align: justify; background-color: rgb(242, 244, 245);\" \/><br \/>\n<span style=\"font-family: sans-serif; line-height: 20px; text-align: justify; background-color: rgb(242, 244, 245);\">Kalk\u0131nma Bakan\u0131 L\u00fctfi Elvan ise T\u00fcrk milletinin \u015fehitlerine minnettar oldu\u011funu s\u00f6yledi. \u015eehit Kiraz&#8217;\u0131n \u00e7ocuklu\u011funun Mersin&#8217;de ge\u00e7ti\u011fini, liseyi de bu kentte okudu\u011funu hat\u0131rlatan Elvan, sadece dostlar\u0131n\u0131n de\u011fil 81 milyonun \u015fehidine sahip \u00e7\u0131kt\u0131\u011f\u0131n\u0131 belirtti. Ter\u00f6r \u00f6rg\u00fctlerine kar\u015f\u0131 \u00f6nemli m\u00fccadeleler verildi\u011fini, bundan sonra da verilmeye devam edilece\u011fini vurgulayan Elvan, demokrasi, \u00f6zg\u00fcrl\u00fckler ve insan haklar\u0131n\u0131 savundu\u011funu s\u00f6yleyen baz\u0131 \u00fclkelerin insanlar\u0131 katleden ter\u00f6r \u00f6rg\u00fctlerine destek verdi\u011fini ifade etti.\u00a0<\/span><br style=\"box-sizing: border-box; font-family: sans-serif; font-size: 14px; line-height: 20px; text-align: justify; background-color: rgb(242, 244, 245);\" \/><br \/>\n<span style=\"font-family: sans-serif; line-height: 20px; text-align: justify; background-color: rgb(242, 244, 245);\">Vatan i\u00e7in sonuna kadar m\u00fccadele edeceklerini belirten Elvan, &#8220;Bu milletin vatan sevgisini, millet sevgisini devlet sevgisini ay y\u0131ld\u0131zl\u0131 al bayrak sevgisini asla anlayamad\u0131lar, alg\u0131layamad\u0131lar. \u00d6yle g\u00f6r\u00fcn\u00fcyor ki bundan sonra da alg\u0131layamayacaklar. Ama biz \u015fundan eminiz, bu millet, devlet, vatan, bayrak i\u00e7in sonuna kadar m\u00fccadele edece\u011fiz, bug\u00fcne kadar oldu\u011fu gibi bundan sonra da etmeye devam edece\u011fiz. Ezan\u0131m\u0131z asla susmayacak, bayra\u011f\u0131m\u0131z asla inmeyecektir&#8221; dedi.\u00a0<\/span><\/span><\/p>\n","protected":false},"excerpt":{"rendered":"<p>\u0130stanbul Adalet Saray\u0131&#8217;ndaki makam odas\u0131nda ter\u00f6ristlerce \u015fehit edilen Savc\u0131 Mehmet Selim Kiraz, \u00f6l\u00fcm\u00fcn\u00fcn 3. y\u0131ld\u00f6n\u00fcm\u00fcnde memleketi Mersin&#8217;de 3 bakan\u0131n kat\u0131ld\u0131\u011f\u0131 programla an\u0131ld\u0131. Mersin \u0130mam Hatip Lisesi mezunu olan Savc\u0131 Kiraz &hellip; <a href=\"https:\/\/akdenizolaygazetesi.com\/?p=1653\" class=\"more-link\">Devam\u0131n\u0131 Oku&#8230;<\/a><\/p>\n","protected":false},"author":1,"featured_media":0,"comment_status":"open","ping_status":"open","sticky":false,"template":"","format":"standard","meta":[],"categories":[],"tags":[],"_links":{"self":[{"href":"https:\/\/akdenizolaygazetesi.com\/index.php?rest_route=\/wp\/v2\/posts\/1653"}],"collection":[{"href":"https:\/\/akdenizolaygazetesi.com\/index.php?rest_route=\/wp\/v2\/posts"}],"about":[{"href":"https:\/\/akdenizolaygazetesi.com\/index.php?rest_route=\/wp\/v2\/types\/post"}],"author":[{"embeddable":true,"href":"https:\/\/akdenizolaygazetesi.com\/index.php?rest_route=\/wp\/v2\/users\/1"}],"replies":[{"embeddable":true,"href":"https:\/\/akdenizolaygazetesi.com\/index.php?rest_route=%2Fwp%2Fv2%2Fcomments&post=1653"}],"version-history":[{"count":0,"href":"https:\/\/akdenizolaygazetesi.com\/index.php?rest_route=\/wp\/v2\/posts\/1653\/revisions"}],"wp:attachment":[{"href":"https:\/\/akdenizolaygazetesi.com\/index.php?rest_route=%2Fwp%2Fv2%2Fmedia&parent=1653"}],"wp:term":[{"taxonomy":"category","embeddable":true,"href":"https:\/\/akdenizolaygazetesi.com\/index.php?rest_route=%2Fwp%2Fv2%2Fcategories&post=1653"},{"taxonomy":"post_tag","embeddable":true,"href":"https:\/\/akdenizolaygazetesi.com\/index.php?rest_route=%2Fwp%2Fv2%2Ftags&post=1653"}],"curies":[{"name":"wp","href":"https:\/\/api.w.org\/{rel}","templated":true}]}}