{"id":16534,"date":"2022-02-09T13:10:46","date_gmt":"2022-02-09T10:10:46","guid":{"rendered":"http:\/\/akdenizolaygazetesi.com\/?p=16534"},"modified":"2022-02-09T13:10:46","modified_gmt":"2022-02-09T10:10:46","slug":"bu-sehirde-ekmek-fiyatlari-yonetime-geldigimiz-3-yil-once-75-kurustu-su-anda-1-tl","status":"publish","type":"post","link":"https:\/\/akdenizolaygazetesi.com\/?p=16534","title":{"rendered":"&#8220;BU \u015eEH\u0130RDE EKMEK F\u0130YATLARI Y\u00d6NET\u0130ME GELD\u0130\u011e\u0130M\u0130Z 3 YIL \u00d6NCE 75 KURU\u015eTU, \u015eU ANDA 1 TL&#8221;"},"content":{"rendered":"<p>Mersin B\u00fcy\u00fck\u015fehir Belediye Meclisi&#8217;nin 2022 y\u0131l\u0131 \u015eubat ay\u0131 1. Birle\u015fim Toplant\u0131s\u0131, B\u00fcy\u00fck\u015fehir Belediye Ba\u015fkan\u0131 Vahap Se\u00e7er ba\u015fkanl\u0131\u011f\u0131nda ger\u00e7ekle\u015fti. MER-EK Halk Ekmek B\u00fcfeleri \u00f6n\u00fcnde olu\u015fan kuyruklar\u0131n g\u00fcndeme gelmesi \u00fczerine konu\u015fan Ba\u015fkan Se\u00e7er, tam kapasite \u00e7al\u0131\u015fan fabrikan\u0131n ar\u0131za vermedi\u011fi s\u00fcrece g\u00fcnl\u00fck 70 bin ekmek \u00fcretti\u011fini s\u00f6yledi.  Y\u00f6netime geldiklerinde 75 kuru\u015ftan sat\u0131lan ekme\u011fin \u015fu anda 1 TL&#8217;den vatanda\u015flara ula\u015ft\u0131\u011f\u0131n\u0131 ifade eden Se\u00e7er, T\u00fcrkiye&#8217;de Halk Ekmekler aras\u0131nda en ucuz ekme\u011fi satt\u0131klar\u0131n\u0131 s\u00f6yledi. Se\u00e7er, &#8220;Biz ekmek kul\u00fcbelerinin \u00f6n\u00fcnde bu kuyruklar\u0131n olmas\u0131n\u0131 arzu etmeyiz. Bu, hayat pahal\u0131l\u0131\u011f\u0131n\u0131n bir sonucudur. Bu benim su\u00e7um de\u011fil&#8221; dedi.<br \/>\n&#8220;Sosyal belediyecilik anlay\u0131\u015f\u0131 gere\u011fi vatanda\u015flar\u0131m\u0131za hizmet g\u00f6t\u00fcrmeye \u00e7abal\u0131yoruz&#8221;<br \/>\nMeclis&#8217;te, B\u00fcy\u00fck\u015fehir&#8217;in MER-EK Halk Ekmek Fabrikas\u0131&#8217;n\u0131n ekmek \u00fcretimi ve sat\u0131\u015f\u0131 g\u00fcndeme geldi. Ba\u015fkan Se\u00e7er, &#8220;Biz ekmek kul\u00fcbelerinin \u00f6n\u00fcnde bu kuyruklar\u0131n olmas\u0131n\u0131 arzu etmeyiz. Bu, hayat pahal\u0131l\u0131\u011f\u0131n\u0131n bir sonucudur. Bu benim su\u00e7um de\u011fil. Do\u011falgaz, elektrik, un fiyatlar\u0131 ar\u015fa varm\u0131\u015fken b\u00fct\u00fcn bu olumsuzluklar i\u00e7erisinde, hayat pahal\u0131l\u0131\u011f\u0131n\u0131n tavan yapt\u0131\u011f\u0131 bir d\u00f6nemde, sosyal belediyecilik anlay\u0131\u015f\u0131 gere\u011fi vatanda\u015flar\u0131m\u0131za hizmet g\u00f6t\u00fcrmeye \u00e7abal\u0131yoruz&#8221; dedi.<br \/>\n&#8220;Halk Ekmeklerde sat\u0131lan T\u00fcrkiye&#8217;nin en ucuz ekme\u011fi&#8221;<br \/>\nBa\u015fkan Se\u00e7er, bir ar\u0131za olmad\u0131\u011f\u0131 s\u00fcrece fabrikay\u0131 tam kapasite kullanarak g\u00fcnl\u00fck 70 bin ekmek \u00fcretmeye devam ettiklerini vurgulayarak, &#8220;Malzemem bitti, unum bitti; b\u00f6yle bir gerek\u00e7emiz yok. Bunu da bir yere not alabilirsiniz. Hi\u00e7bir g\u00fcn, &#8216;un bitti, malzeme bitti&#8217; diye o fabrika 1 hafta, 3 g\u00fcn \u00fcretime ara vermeyecek. Vermiyor da zaten. Y\u00f6netime geldi\u011fimiz 3 y\u0131l \u00f6nce 75 kuru\u015ftu bu \u015fehirde ekmek fiyatlar\u0131. \u015eu anda 1 TL. Halk Ekmeklerde sat\u0131lan T\u00fcrkiye&#8217;nin en ucuz ekme\u011fi. Ama biz de bu kadar d\u00fc\u015f\u00fck fiyatlarla ne kadar daha g\u00f6t\u00fcrebiliriz&#8221; diye konu\u015ftu.<br \/>\n&#8220;F\u0131r\u0131nc\u0131lar da s\u0131k\u0131nt\u0131lar ya\u015fad\u0131\u011f\u0131n\u0131 ifade ediyorlar&#8221;<br \/>\nMersin&#8217;de esnaf\u0131n ekme\u011fi 2,5 TL&#8217;den satt\u0131\u011f\u0131na dikkat \u00e7eken Se\u00e7er, &#8220;F\u0131r\u0131nc\u0131lar da s\u0131k\u0131nt\u0131lar ya\u015fad\u0131\u011f\u0131n\u0131 ifade ediyorlar. Sadece Mersin&#8217;de de\u011fil, T\u00fcrkiye&#8217;nin her taraf\u0131nda. Bir kere bu b\u00f6yle biline&#8221; dedi. F\u0131r\u0131nc\u0131lar Odas\u0131&#8217;ndan ald\u0131\u011f\u0131 rakamlar\u0131 payla\u015fan Ba\u015fkan Se\u00e7er, Mersin&#8217;in g\u00fcnl\u00fck 1 milyon ekmek ihtiyac\u0131 oldu\u011funa dikkat \u00e7ekerek, &#8220;Bunun i\u00e7erisinde \u00fcretimim 70 bin. Yani y\u00fczde 7&#8221; diye konu\u015ftu. Bu \u00fcretimle piyasay\u0131 reg\u00fcle edip fiyatlar\u0131 ucuzlatamayaca\u011f\u0131n\u0131 s\u00f6zlerine ekleyen Ba\u015fkan Se\u00e7er, &#8220;B\u00f6yle bir ger\u00e7ek yok. Bunu kendileri de biliyor. Bunu da yapma \u015fans\u0131n\u0131z yok. Ak\u0131l var, mant\u0131k var. F\u0131r\u0131nc\u0131 da ekmek yiyecek, para kazanacak. Burada bir ayr\u0131m yap\u0131n. Biz bu 70 bin ekme\u011fi gelir durumu g\u00f6rece olarak iyi aileler i\u00e7in \u00fcretmiyoruz arkada\u015flar. Maalesef, bunu anlay\u0131\u015fla kar\u015f\u0131lamalar\u0131 gerekiyor vatanda\u015flar\u0131m\u0131z\u0131n&#8221; ifadelerine yer verdi.<br \/>\nHer yere ekmek kul\u00fcbesi istendi\u011fini belirten Ba\u015fkan Se\u00e7er, &#8220;Mahalle ismi vermeyece\u011fim. Sosyoekonomik olarak varl\u0131kl\u0131 yerlere daha \u00f6nce konmu\u015f. \u015eimdi olsa ben koymam. Kald\u0131ram\u0131yorum da. Bu sefer feryat figan. &#8216;Bak burada vard\u0131, kald\u0131rd\u0131n, niye b\u00f6yle yapt\u0131n?&#8217; Daha \u00f6nce bir muhtar veya bir farkl\u0131 arac\u0131 oraya o kul\u00fcbeyi koydurmu\u015f. Ama yine isim vermeyeyim, ger\u00e7ekten sosyoekonomik olarak daha g\u00f6rece olarak gelir d\u00fczeyi d\u00fc\u015f\u00fck yerlerde, semtlerde yok. Daha yeni birka\u00e7 yere yeni koydurdum&#8221; dedi.<br \/>\n&#8220;Bizim \u015fu anda toplam 42 adet sat\u0131\u015f noktam\u0131z var&#8221;<br \/>\nHalk Ekmek B\u00fcfeleri&#8217;ndeki sat\u0131\u015fla ilgili de bilgi veren Ba\u015fkan Se\u00e7er, \u015funlar\u0131 s\u00f6yledi;<br \/>\n&#8220;Bizim \u015fu anda toplam 42 adet sat\u0131\u015f noktam\u0131z var. G\u00fcnde 3 servis yap\u0131l\u0131yor. 7 ara\u00e7 ve 7 \u015fof\u00f6r bunlar\u0131n da\u011f\u0131t\u0131m\u0131n\u0131 yap\u0131yor. Sabah 06.00, \u00f6\u011flen 11.30, \u00f6\u011fleden sonra da 14.00&#8217;te servisler yap\u0131l\u0131yor. Bir m\u00fc\u015fteriye 3 taneden fazla veremiyoruz \u00e7\u00fcnk\u00fc lokantac\u0131lar bunu istismar ediyor. Bu noktalarda \u00e7al\u0131\u015fanlar\u0131n tamam\u0131 kad\u0131n ve kendi hesaplar\u0131na bunu yap\u0131yorlar. Bizim maa\u015fl\u0131 elemanlar\u0131m\u0131z de\u011fil. Onlara biz belirli bir k\u00e2r haddi vermi\u015fiz. Farkl\u0131 destekler de sunuyoruz. O kul\u00fcbelerde kooperatif \u00fcr\u00fcnleri gibi; Girit ekme\u011fi, a\u00e7\u0131k ekmek gibi. Bu tip ekmeklerin sat\u0131\u015f\u0131n\u0131 da yasal \u00e7er\u00e7evede yap\u0131yorlar. Zaten bunlar Maliye&#8217;ye kay\u0131tl\u0131 kul\u00fcbeler ya da sat\u0131\u015f\u00e7\u0131lar, ki\u015filer. O kad\u0131nlar Maliye&#8217;ye kay\u0131tl\u0131. Yasa d\u0131\u015f\u0131 da bir durum s\u00f6z konusu de\u011fil. Biz bu hizmetleri bu \u015fekilde y\u00fcr\u00fct\u00fcyoruz.&#8221;<br \/>\nBa\u015fkan Se\u00e7er, Toroslar&#8217;da yeni imar \u00e7al\u0131\u015fmalar\u0131nda belediye hizmet alanlar\u0131 i\u00e7erisinde bir ekmek fabrikas\u0131 yeri ayarlamak i\u00e7in \u00e7al\u0131\u015fmalar\u0131n\u0131 s\u00fcrd\u00fcrd\u00fcklerini hat\u0131rlatt\u0131. Bu fabrikada standart d\u0131\u015f\u0131 \u00fcretimler de yapabileceklerini belirten Ba\u015fkan Se\u00e7er, \u00c7\u00f6lyak hastalar\u0131 i\u00e7in \u0130stanbul&#8217;dan tedarik ettikleri gl\u00fctensiz ekmeklere de\u011finerek; &#8220;Gl\u00fctensiz ekmek \u00fcretelim. Biliyorsunuz \u00c7\u00f6lyak hastalar\u0131 \u00e7ok muzdarip. Ben \u0130stanbul Belediyesi&#8217;nden bedel \u00f6deyerek o ekmekleri al\u0131yorum, bedelsiz olarak \u00c7\u00f6lyak hastalar\u0131na da\u011f\u0131t\u0131yorum. Yani benim \u00fcretimim olmad\u0131\u011f\u0131 halde sosyal belediyecilik anlay\u0131\u015f\u0131 i\u00e7erisinde bunlar\u0131 yapma gayreti i\u00e7inde olan bir Belediye Ba\u015fkan\u0131y\u0131m&#8221; ifadelerine yer verdi.<br \/>\n&#8220;\u015eu anda 4. \u00c7evreyolu&#8217;nda ne g\u00f6r\u00fcyorsan\u0131z 3. \u00c7evreyolu da o \u015fekilde olacak&#8221;<br \/>\nMeclis&#8217;te 3. \u00c7evreyolu&#8217;nda tadilat \u00e7al\u0131\u015fmas\u0131na ihtiya\u00e7 duyuldu\u011funu belirten bir Meclis \u00fcyesi, \u00e7al\u0131\u015fmalara ne zaman ba\u015flanaca\u011f\u0131n\u0131 sordu. Ba\u015fkan Se\u00e7er, k\u0131sa bir s\u00fcre i\u00e7erisinde \u00e7al\u0131\u015fmalara ba\u015flayacaklar\u0131n\u0131 duyurarak, &#8220;Ba\u015flamak \u00fczereyiz, eli kula\u011f\u0131nda. Tamamen yeniliyoruz. G\u00f6\u00e7men Kav\u015fa\u011f\u0131&#8217;nda fore kaz\u0131k \u00e7akan ekipmanlar\u0131 bekliyoruz. \u00c7\u00fcnk\u00fc orada yanl\u0131\u015f baz\u0131 imalatlar yap\u0131lm\u0131\u015f y\u0131llar \u00f6nce. \u00c7ok tehlike arz eden yerler var. Biz \u00fcst\u00fcnk\u00f6r\u00fc de yapmay\u0131p oralar\u0131 sa\u011flamla\u015ft\u0131raca\u011f\u0131z. O tahkimatlar\u0131 fore kaz\u0131klarla yapaca\u011f\u0131z ve 4. \u00c7evreyolu ayar\u0131nda, ayn\u0131 ebatta, ayn\u0131 \u00f6l\u00e7\u00fclerde yine g\u00fcvenlik \u015feridi, bisiklet yolu. Ne g\u00f6r\u00fcyorsan\u0131z \u015fu anda 4. \u00c7evreyolu&#8217;nda, 3. \u00c7evreyolu da o \u015fekilde olacak&#8221; dedi.<br \/>\n&#8220;Biz K\u0131rm\u0131z\u0131 Lacivert&#8217;i y\u0131kmak zorunday\u0131z. Yoksa halk\u0131n tepesine \u00e7\u00f6kecek&#8221;<br \/>\nBir Meclis \u00fcyesinin belediye binas\u0131n\u0131n ne zaman ve nereye ta\u015f\u0131naca\u011f\u0131, ta\u015f\u0131n\u0131lan yerin kira maliyeti gibi konularda bilgi istemesi \u00fczerine a\u00e7\u0131klamalarda bulunan Ba\u015fkan Se\u00e7er, \u015funlar\u0131 s\u00f6yledi:<br \/>\n&#8220;Belediye&#8217;nin yeni ta\u015f\u0131naca\u011f\u0131 yerler Marina Vista; bu arada in\u015faat\u0131 ba\u015flatamad\u0131k, Aral\u0131k ay\u0131nda ihaleye \u00e7\u0131kt\u0131k. B\u00fct\u00fcn belediyelerde oldu\u011fu gibi bir\u00e7ok ihalemize teklif veren olmad\u0131. Bir tanesi de buydu. Fiyatlar oynuyor, d\u00f6viz d\u00fc\u015f\u00fcyor, y\u00fckseliyor ama 24 saat esasl\u0131 \u00e7al\u0131\u015ft\u0131r\u0131p o kaybedilen s\u00fcreyi yine kazanaca\u011f\u0131z. \u015eu anda ihale a\u015famas\u0131nda. Gecikmesinin nedeni biliyorsunuz Bakanl\u0131k&#8217;tan izne tabi. Biz daha 1 y\u0131l \u00f6nce bunlar\u0131n g\u00f6r\u00fc\u015fmelerini yapt\u0131k. \u015eimdiki rakam\u0131 da s\u00f6yleyece\u011fim. \u00c7\u00fcnk\u00fc bu standartlar 1 y\u0131l \u00f6ncenin standartlar\u0131. \u015eimdi olsa bu rakamlar m\u00fcmk\u00fcn de\u011fil. \u0130zin geldi, bu sefer maliklerle, bankalar, avukatlar, hukuksal zemin, varisler, \u00e7\u00fcnk\u00fc bir\u00e7ok sahibinin oldu\u011fu bir m\u00fclkler b\u00fct\u00fcn\u00fcyd\u00fc. Marina Vista, Merkon, orada bir bina var Hilton&#8217;un orada, g\u00f6kdelende 7 kat. Tamam\u0131 y\u0131ll\u0131k 6 milyon 500 bin lira. Y\u0131ll\u0131k art\u0131\u015f TEFE, T\u00dcFE b\u00f6l\u00fc 2. Bizim yapt\u0131\u011f\u0131m\u0131z protokol bundan ibarettir. Siz de takdir edersiniz ki bug\u00fcn buralar\u0131 ben kiralamaya kalksam bu standartlarda bir yer bulmam m\u00fcmk\u00fcn de\u011fil. Son derece de g\u00fczel, \u00f6nemli, \u015ferefli yerler bunlar. Biz K\u0131rm\u0131z\u0131 Lacivert&#8217;i y\u0131kmak zorunday\u0131z. Yoksa halk\u0131n tepesine \u00e7\u00f6kecek oras\u0131. Yani y\u0131k\u0131lacak. \u00c7\u00fcnk\u00fc tehlike arz ediyor. Raporlar\u0131 da var. Oralar ta\u015f\u0131nmak zorunda. O bina y\u0131k\u0131lma tehlikesi ge\u00e7iriyor. Bak\u0131n orada otopark vard\u0131 tekrar kiraya vermedik. \u0130stiklal Caddesi&#8217;nde Allah a\u015fk\u0131na \u00f6yle asfalt m\u0131 olur? Bir \u015fey yapam\u0131yorum, beraber \u00e7\u0131kartmam laz\u0131m, o binay\u0131 indirmem laz\u0131m, o caddeyi yapmam laz\u0131m. Fark\u0131nday\u0131m. Yani proje \u00e7al\u0131\u015fmalar\u0131 da bitti, her \u015feyi bitti ama bir \u015fekilde yine yapaca\u011f\u0131z oray\u0131. Arabayla ben ge\u00e7en g\u00fcn ge\u00e7tim. Hakikaten esnaf ne derse hakl\u0131 orada. Ama ben de bu tip farkl\u0131 komplikasyonlardan, yan sorunlardan dolay\u0131 da h\u0131zl\u0131 hareket edemiyorum maalesef.&#8221;<br \/>\n&#8220;\u00c7ok k\u0131sa ve s\u00fcratli bir \u015fekilde oradaki bu ar\u0131zalar\u0131 arkada\u015flar\u0131m\u0131z giderecek&#8221;<br \/>\n\u00c7ay ve \u00c7ilek Mahallelerindeki \u00e7al\u0131\u015fmalar\u0131n sorulmas\u0131 \u00fczerine Ba\u015fkan Se\u00e7er, &#8220;\u00c7ay Mahallesi&#8217;nde yani demiryolunun a\u015fa\u011f\u0131s\u0131nda biz, bu konu burada konu\u015fuldu. Yan\u0131lm\u0131yorsam 8 Ekim&#8217;de \u00e7al\u0131\u015fmalar\u0131 ba\u015flataca\u011f\u0131z demi\u015ftim. Bir hafta \u00f6nce \u00e7al\u0131\u015fmalar\u0131 ba\u015flatt\u0131k. G\u00fcn\u00fcnden \u00f6nce oralar\u0131 Akdeniz Belediyesi, B\u00fcy\u00fck\u015fehir Belediyesi her taraf\u0131 bug\u00fcne kadar g\u00f6rmedi\u011fi bir kalitede asfaltlad\u0131k. Buyurun gidip inceleme yapabilirsiniz. Orada biliyorsunuz i\u00e7me suyu \u015febekesi de\u011fi\u015fti. \u00c7ilek Mahallesi&#8217;nde de ayn\u0131 durum var. \u00c7ilek Mahallesi&#8217;nde verdi\u011fimiz s\u00f6z\u00fc tutamaman\u0131n \u00fcz\u00fcnt\u00fcs\u00fcn\u00fc ya\u015f\u0131yoruz. Neden oldu\u011funu s\u00f6yleyeyim. Pandemi dolay\u0131s\u0131yla bir kanun \u00e7\u0131kt\u0131. M\u00fcteahhitler i\u015fi b\u0131rakabiliyor. Uzatma isteyebiliyor. Bir\u00e7ok yasal hak verildi kendilerine. Maalesef diyorum, sonra iptal etmek zorunda kald\u0131k. Feshetmek zorunda. Teminat\u0131n\u0131 da yakt\u0131k m\u00fcteahhidin. D\u00fcktil borular. Bunlar biliyorsunuz pe\u015fin sat\u0131n al\u0131n\u0131p, yani ola\u011fan\u00fcst\u00fc bir \u015fey yapt\u0131k, adam hakedi\u015f yap\u0131yor, ertesi g\u00fcn hesab\u0131na para giriyor. Yeter ki yaps\u0131n, bitirsin diye. &#8216;Ben boru al\u0131yorum, para laz\u0131m&#8217; diyor. Her \u015feyi yapt\u0131k ama bitirilmesinde maalesef ba\u015far\u0131l\u0131 olamad\u0131k. Hemen ihaleye \u00e7\u0131kt\u0131k. \u0130hale bitti. Yer teslimi yap\u0131ld\u0131 2-3 g\u00fcn \u00f6nce san\u0131yorum. \u015eu anda m\u00fcteahhit \u00e7al\u0131\u015fmaya ba\u015flad\u0131. Arkada\u015flar\u0131ma da talimat verdim. Sabah da bu konu konu\u015fuldu. Bu konunun da bug\u00fcn g\u00fcndeme gelebilece\u011fini biliyordum. Gidecekler, orada halkla bir toplant\u0131 da yapacaklar. Bunu vatanda\u015flar\u0131m\u0131za istem d\u0131\u015f\u0131 nedenlerle s\u00fcrenin uzatt\u0131r\u0131ld\u0131\u011f\u0131n\u0131 anlatacaklar ve \u00e7ok k\u0131sa bir s\u00fcre i\u00e7erisinde, \u00e7ok s\u00fcratli bir \u015fekilde de oradaki bu ar\u0131zalar\u0131 arkada\u015flar\u0131m\u0131z giderecek&#8221; diye konu\u015ftu.<br \/>\n&#8220;G\u00f6r\u00fcyorsun m\u00fcteahhit bey, senin y\u00fcz\u00fcnden vatanda\u015fla kar\u015f\u0131 kar\u015f\u0131ya geliyoruz&#8221;<br \/>\nBir Meclis \u00fcyesinin parkomat konusunu Meclis g\u00fcndemine ta\u015f\u0131mas\u0131 \u00fczerine a\u00e7\u0131klamalarda bulunan Ba\u015fkan Se\u00e7er, &#8220;Biliyorsunuz parkomat uygulamas\u0131ndan vazge\u00e7ildi. Biz \u015eubat ay\u0131nda katl\u0131 otopark\u0131 bitirece\u011fiz diye s\u00f6z verdik. M\u00fcteahhit de dinliyorsa buradan kulaklar\u0131n\u0131 a\u00e7s\u0131n, 2 kula\u011f\u0131n\u0131. L\u00fctfen art\u0131k sen de bizim iyi niyetimizi zorlama. \u015eimdi yasal haklar\u0131n\u0131 kullan\u0131yorlar, bilmem ne yap\u0131yorlar. \u015eu anda da cezaya d\u00fc\u015f\u00fcyor. G\u00f6r\u00fcyorsun m\u00fcteahhit bey, senin y\u00fcz\u00fcnden vatanda\u015fla kar\u015f\u0131 kar\u015f\u0131ya geliyoruz. Allah a\u015fk\u0131na \u015fu katl\u0131 otopark\u0131 art\u0131k bitirttir. Ne istiyorsan sana yard\u0131mc\u0131 olduk, sen hala 2 ileri 1 geri. B\u00f6lge esnaf\u0131 ile bizi s\u0131k\u0131nt\u0131ya sokma&#8221; ifadelerini kulland\u0131.<br \/>\nSe\u00e7er, elektrik faturalar\u0131yla ilgili konu\u015ftu: &#8220;Bu sorun toplumda art\u0131k onar\u0131lamayacak tahribatlara gitmeye ba\u015flad\u0131&#8221;<br \/>\nBir Meclis \u00fcyesinin de y\u00fckl\u00fc elektrik faturalar\u0131n\u0131 Meclis g\u00fcndemine ta\u015f\u0131mas\u0131 \u00fczerine konu\u015fan Se\u00e7er, &#8220;Biz MESK\u0130&#8217;nin elektrik giderlerine bakt\u0131k. Y\u00f6netime geldi\u011fimiz g\u00fcnden bu yana kadar y\u00fczde 300 fark etmi\u015f. Y\u00fczde 300. 100 lira \u00f6dedi\u011fimiz fatura, 300 milyon lira. Yani ilk geldi\u011fimizde 100 milyon civar\u0131yd\u0131 bizim MESK\u0130&#8217;nin faturalar\u0131n\u0131n bedeli. 130&#8217;du, sonra bir stat\u00fc de\u011fi\u015fikli\u011fi yapt\u0131k, bir m\u00fcdahale ettik, 100&#8217;l\u00fc rakamlara d\u00fc\u015ft\u00fc, 115&#8217;lere. \u015eimdi katmerlenerek 300 milyonlara yak\u0131n elektrik paras\u0131 y\u0131ll\u0131k tabi ki \u00f6deniyor. Bu konutta da b\u00f6yle, bu fabrika elektri\u011finde de, tar\u0131m elektri\u011finde de. Buradan bir \u00e7a\u011fr\u0131 yapmak istiyorum. Bu sorun toplumda art\u0131k onar\u0131lamayacak tahribatlara gitmeye ba\u015flad\u0131. Ger\u00e7ekten insanlar\u0131n bak\u0131yorsunuz ayl\u0131k evlerine \u00f6dedi\u011fi kiradan daha y\u00fcksek miktarda elektrik faturalar\u0131 geliyor. Bunlar\u0131n alt\u0131ndan kalkmalar\u0131 m\u00fcmk\u00fcn de\u011fil. Buradan da tabi ki merkezi h\u00fck\u00fcmetin bir tedbir almas\u0131 gerekiyor. Bu konuda \u00e7al\u0131\u015fmalar\u0131n oldu\u011funu ben de bas\u0131ndan \u00f6\u011freniyorum. Umut ediyorum, k\u0131sa s\u00fcre i\u00e7erisinde bu \u00e7al\u0131\u015fmalar\u0131 neticelendirirler&#8221; ifadelerine yer verdi.<br \/>\nMeclis&#8217;te birimlerden gelen 24, komisyonlara havale edilen 6 olmak \u00fczere toplam 30 madde g\u00f6r\u00fc\u015f\u00fcld\u00fc. Meclis toplant\u0131s\u0131nda, 100 adet CNG&#8217;li otob\u00fcs projesinin ger\u00e7ekle\u015ftirilmesi amac\u0131yla Avrupa \u0130mar ve Kalk\u0131nma Bankas\u0131&#8217;ndan (EBRD) temin edilecek finansman i\u00e7in B\u00fcy\u00fck\u015fehir Belediyesi ile s\u00f6z konusu banka aras\u0131nda imzalanacak olan kredi s\u00f6zle\u015fmesi ve di\u011fer belgeleri imzalama yetkisi Ba\u015fkan Se\u00e7er&#8217;e verildi. Ayr\u0131ca, krediyle ilgili her t\u00fcrl\u00fc i\u015flemi yapmaya Mersin B\u00fcy\u00fck\u015fehir Belediyesi Genel Sekreter Vekili Olcay Tok yetkili k\u0131l\u0131nd\u0131.<br \/>\nMeclis&#8217;ten oy birli\u011fi ile ge\u00e7en imar konular\u0131n\u0131n ard\u0131ndan Ba\u015fkan Se\u00e7er, oturumu te\u015fekk\u00fcr konu\u015fmas\u0131yla kapatt\u0131. Ba\u015fkan Se\u00e7er, &#8220;Y\u0131llard\u0131r beklenilen \u00e7al\u0131\u015fmalard\u0131. Burada herkesin deste\u011fi ile b\u00fcrokratlar\u0131m\u0131z\u0131n, komisyon \u00fcyelerimizin, Meclis \u00fcyelerimizin \u00e7abalar\u0131yla bu plan \u00e7al\u0131\u015fmalar\u0131 Meclisimizden bug\u00fcn ge\u00e7mi\u015f oldu. Mersinimize hay\u0131rl\u0131 olsun diyorum. Di\u011fer bir\u00e7ok muhtelif alanlarda Mersinimizin yarar\u0131na olan, yine ba\u015fta komisyon \u00fcyelerimizin ve Meclis \u00fcyelerimizin destekleriyle kabul edilen, y\u00fcr\u00fcrl\u00fc\u011fe giren t\u00fcm konular i\u00e7in hepinize te\u015fekk\u00fcr ediyorum&#8221; dedi.<\/p>\n","protected":false},"excerpt":{"rendered":"<p>Mersin B\u00fcy\u00fck\u015fehir Belediye Meclisi&#8217;nin 2022 y\u0131l\u0131 \u015eubat ay\u0131 1. Birle\u015fim Toplant\u0131s\u0131, B\u00fcy\u00fck\u015fehir Belediye Ba\u015fkan\u0131 Vahap Se\u00e7er ba\u015fkanl\u0131\u011f\u0131nda ger\u00e7ekle\u015fti. MER-EK Halk Ekmek B\u00fcfeleri \u00f6n\u00fcnde olu\u015fan kuyruklar\u0131n g\u00fcndeme gelmesi \u00fczerine konu\u015fan Ba\u015fkan &hellip; <a href=\"https:\/\/akdenizolaygazetesi.com\/?p=16534\" class=\"more-link\">Devam\u0131n\u0131 Oku&#8230;<\/a><\/p>\n","protected":false},"author":2,"featured_media":16535,"comment_status":"open","ping_status":"open","sticky":false,"template":"","format":"standard","meta":[],"categories":[1,2,3,5],"tags":[],"_links":{"self":[{"href":"https:\/\/akdenizolaygazetesi.com\/index.php?rest_route=\/wp\/v2\/posts\/16534"}],"collection":[{"href":"https:\/\/akdenizolaygazetesi.com\/index.php?rest_route=\/wp\/v2\/posts"}],"about":[{"href":"https:\/\/akdenizolaygazetesi.com\/index.php?rest_route=\/wp\/v2\/types\/post"}],"author":[{"embeddable":true,"href":"https:\/\/akdenizolaygazetesi.com\/index.php?rest_route=\/wp\/v2\/users\/2"}],"replies":[{"embeddable":true,"href":"https:\/\/akdenizolaygazetesi.com\/index.php?rest_route=%2Fwp%2Fv2%2Fcomments&post=16534"}],"version-history":[{"count":1,"href":"https:\/\/akdenizolaygazetesi.com\/index.php?rest_route=\/wp\/v2\/posts\/16534\/revisions"}],"predecessor-version":[{"id":16536,"href":"https:\/\/akdenizolaygazetesi.com\/index.php?rest_route=\/wp\/v2\/posts\/16534\/revisions\/16536"}],"wp:featuredmedia":[{"embeddable":true,"href":"https:\/\/akdenizolaygazetesi.com\/index.php?rest_route=\/wp\/v2\/media\/16535"}],"wp:attachment":[{"href":"https:\/\/akdenizolaygazetesi.com\/index.php?rest_route=%2Fwp%2Fv2%2Fmedia&parent=16534"}],"wp:term":[{"taxonomy":"category","embeddable":true,"href":"https:\/\/akdenizolaygazetesi.com\/index.php?rest_route=%2Fwp%2Fv2%2Fcategories&post=16534"},{"taxonomy":"post_tag","embeddable":true,"href":"https:\/\/akdenizolaygazetesi.com\/index.php?rest_route=%2Fwp%2Fv2%2Ftags&post=16534"}],"curies":[{"name":"wp","href":"https:\/\/api.w.org\/{rel}","templated":true}]}}