{"id":16537,"date":"2022-02-09T13:12:19","date_gmt":"2022-02-09T10:12:19","guid":{"rendered":"http:\/\/akdenizolaygazetesi.com\/?p=16537"},"modified":"2022-02-09T13:12:19","modified_gmt":"2022-02-09T10:12:19","slug":"buyuksehirin-uretici-kadin-bulusmalarina-muzeyyen-cetinkayanin-tablolari-renk-katti","status":"publish","type":"post","link":"https:\/\/akdenizolaygazetesi.com\/?p=16537","title":{"rendered":"B\u00dcY\u00dcK\u015eEH\u0130R&#8217;\u0130N \u00dcRET\u0130C\u0130 KADIN BULU\u015eMALARI&#8217;NA M\u00dcZEYYEN \u00c7ET\u0130NKAYA&#8217;NIN TABLOLARI RENK KATTI"},"content":{"rendered":"<p>Mersin B\u00fcy\u00fck\u015fehir Belediyesi Kad\u0131n ve Aile Hizmetleri Dairesi&#8217;nin Palm City AVM&#8217;de ger\u00e7ekle\u015ftirdi\u011fi \u00dcretici Kad\u0131n Bulu\u015fmalar\u0131&#8217;na Engelliler ve Sa\u011fl\u0131k Hizmetleri Dairesi&#8217;nin Ya\u015fl\u0131 Destek Birimi&#8217;nden d\u00fczenli destek alan 76 ya\u015f\u0131ndaki M\u00fczeyyen \u00c7etinkaya da kat\u0131larak, yapt\u0131\u011f\u0131 resimleri sergiledi.<br \/>\n&#8220;Kendi ba\u015f\u0131ma bir sergi a\u00e7mam manevi y\u00f6nden olduk\u00e7a zor&#8221;<br \/>\nB\u00fcy\u00fck\u015fehir Belediyesi&#8217;nin Ya\u015fl\u0131 Destek Birimi, Mersin&#8217;de y\u00fczlerce ya\u015f alm\u0131\u015f vatanda\u015fa &#8216;manevi evlat&#8217; oldu. Yaln\u0131z ya\u015fayan ya\u015f alm\u0131\u015f vatanda\u015flar\u0131 s\u00fcrekli aray\u0131p ihtiya\u00e7lar\u0131na yeti\u015fen Ya\u015fl\u0131 Destek Birimi, 76 ya\u015f\u0131ndaki M\u00fczeyyen \u00c7etinkaya&#8217;y\u0131 resimlerini sergilemesi i\u00e7in \u00dcretici Kad\u0131n Bulu\u015fmalar\u0131&#8217;na davet etti. Resimlerini sergilemekten b\u00fcy\u00fck mutluluk duydu\u011funu vurgulayan \u00c7etinkaya, &#8220;Belediyeden \u00e7ok b\u00fcy\u00fck destek al\u0131yorum. Beni her zaman ar\u0131yorlar ve etkinliklerine davet ediyorlar. Ben de \u00e7ok mutlu oluyorum. Farkl\u0131 insanlarla tan\u0131\u015f\u0131yorum. Yaln\u0131z ya\u015f\u0131yorum. Kendi ba\u015f\u0131ma bir sergi a\u00e7mam maddi y\u00f6nden ziyade manevi y\u00f6nden olduk\u00e7a zor. Dolay\u0131s\u0131yla bu konuda B\u00fcy\u00fck\u015fehir&#8217;in b\u00fcy\u00fck katk\u0131s\u0131 oldu&#8221; dedi.<br \/>\n&#8220;Kutuplara dahi gitsem kendime bir y\u00f6n bulabiliyorum&#8221;<br \/>\nMesle\u011finin kimya m\u00fchendisli\u011fi oldu\u011funu belirten \u00c7etinkaya, \u00fcniversiteyi \u0130stanbul&#8217;da okuduktan sonra bir ila\u00e7 firmas\u0131nda mesul m\u00fcd\u00fcrl\u00fck yapt\u0131\u011f\u0131n\u0131 s\u00f6yledi. Daha sonra Almanya&#8217;da 10 y\u0131l kozmetik uzmanl\u0131\u011f\u0131 yapt\u0131\u011f\u0131n\u0131 belirten \u00c7etinkaya, bir salon a\u00e7\u0131p T\u00fcrk k\u0131zlar\u0131na kozmetik \u00fczerine dersler verdi\u011fini kaydetti. Daha sonra Antalya&#8217;ya yerle\u015fip kozmetik salonu a\u00e7t\u0131\u011f\u0131n\u0131 ve son 10 y\u0131ld\u0131r da Mersin&#8217;de ya\u015fad\u0131\u011f\u0131n\u0131 s\u00f6zlerine ekleyen \u00c7etinkaya, &#8220;Mersin&#8217;i \u00e7ok sevdim&#8221; dedi. \u0130stanbul, Almanya, Antalya ve Mersin gibi \u015fehirlerde ya\u015fay\u0131p son 26 y\u0131l\u0131n\u0131 emekli olarak ge\u00e7iren \u00c7etinkaya, &#8220;Kutuplara dahi gitsem kendime bir y\u00f6n bulabiliyorum&#8221; diye konu\u015ftu.<br \/>\n&#8220;76 ya\u015f\u0131nday\u0131m ama ba\u015f a\u011fr\u0131s\u0131 nas\u0131l bir \u015fey bilmiyorum&#8221;<br \/>\nEmekli olduktan sonra resme ilgi duydu\u011funu s\u00f6zlerine ekleyen \u00c7etinkaya, 6-7 y\u0131ld\u0131r resim yapt\u0131\u011f\u0131n\u0131 belirterek, &#8220;Burada birka\u00e7 ay kursa gittim. Sonra balkonumu bir at\u00f6lyeye d\u00f6n\u00fc\u015ft\u00fcrd\u00fcm. Denize naz\u0131r bir manzaram var. Odakland\u0131\u011f\u0131m zaman koydu\u011fum kahveyi bile unutuyorum&#8221; dedi. Her g\u00fcn kahvalt\u0131 yapmadan evden \u00e7\u0131kmad\u0131\u011f\u0131n\u0131, en az 1 saat kitap okudu\u011funu ve 6 bin ad\u0131m y\u00fcr\u00fcd\u00fc\u011f\u00fcn\u00fc vurgulayan \u00c7etinkaya, &#8220;Sa\u011fl\u0131\u011f\u0131ma dikkat ediyorum. \u00c7ok \u015f\u00fck\u00fcr bu ya\u015f\u0131mday\u0131m ama ba\u015f a\u011fr\u0131s\u0131 nas\u0131l bir \u015fey bilmiyorum. Kulland\u0131\u011f\u0131m hi\u00e7bir ila\u00e7 yok. Her \u015feyden zevk al\u0131yorum, her \u015feyi seviyorum&#8221; ifadelerine yer verdi. \u0130nsanlara g\u00fcnde yar\u0131m saat de olsa kendilerini dinlemeyi \u00f6neren \u00c7etinkaya, &#8220;Baz\u0131 \u015feyler e\u011flenirken, gezerken, y\u00fcr\u00fcrken, d\u00fc\u015f\u00fcn\u00fcrken yarat\u0131l\u0131yor. Ben bunu ke\u015ffettim. Kendi kendinizi dinledi\u011finiz zaman \u00e7ok \u015fey yap\u0131yorsunuz. Etraf\u0131n\u0131z size istedi\u011fi kadar ta\u015f ats\u0131n, o ta\u015flarla siz an\u0131tlar yapabilirsiniz&#8221; dedi.<br \/>\n&#8220;Esas amac\u0131m\u0131z onlara birer &#8216;manevi evlat&#8217; olmak&#8221;<br \/>\nB\u00fcy\u00fck\u015fehir Belediyesi Engelliler ve Sa\u011fl\u0131k Hizmetleri Dairesi Ya\u015fl\u0131 Destek Birimi&#8217;nde g\u00f6revli Gerontolog Cihan Tanr\u0131verdi, sunduklar\u0131 hizmetten bahsederek, &#8220;400&#8217;\u00fcn \u00fczerinde \u00fcyemiz var. \u00dcyelerimizin hepsini arkada\u015flar\u0131m\u0131zla birlikte her g\u00fcn ar\u0131yoruz, yaln\u0131zl\u0131klar\u0131n\u0131 payla\u015fmak istiyoruz. Burada esas amac\u0131m\u0131z onlara birer &#8216;manevi evlat&#8217; olmak. \u00dcyelerimiz aras\u0131nda M\u00fczeyyen Han\u0131m da var. M\u00fczeyyen Han\u0131m&#8217;\u0131n \u00e7ok g\u00fczel resimleri oldu\u011funu biliyorduk. Ev ziyaretlerimizde tablolar\u0131n\u0131 g\u00f6rd\u00fck. M\u00fczeyyen Han\u0131m&#8217;\u0131n resimlerini de sergilemek istedik. Kendisi de \u00e7ok mutlu oldu, bizler de \u00e7ok mutlu olduk&#8221; diye konu\u015ftu.<br \/>\nB\u00fcy\u00fck\u015fehir Belediyesi Kad\u0131n ve Aile Hizmetleri Dairesi&#8217;nde g\u00f6revli Etkinlik Sorumlusu Burcu Sert, ger\u00e7ekle\u015ftirdikleri bulu\u015fmada M\u00fczeyyen \u00c7etinkaya&#8217;n\u0131n da yer almas\u0131ndan memnun olduklar\u0131n\u0131 belirterek, &#8220;M\u00fczeyyen Han\u0131m&#8217;\u0131n tablolar\u0131 \u00e7ok ilgi g\u00f6rd\u00fc. Hatta ziyaret\u00e7ilerimiz taraf\u0131ndan birka\u00e7 tanesi de sat\u0131n al\u0131nd\u0131. Biz de \u00e7ok mutlu olduk. M\u00fczeyyen Han\u0131m&#8217;\u0131n resim sergisi etkinli\u011fimize renk katt\u0131&#8221; ifadelerine yer verdi.<\/p>\n","protected":false},"excerpt":{"rendered":"<p>Mersin B\u00fcy\u00fck\u015fehir Belediyesi Kad\u0131n ve Aile Hizmetleri Dairesi&#8217;nin Palm City AVM&#8217;de ger\u00e7ekle\u015ftirdi\u011fi \u00dcretici Kad\u0131n Bulu\u015fmalar\u0131&#8217;na Engelliler ve Sa\u011fl\u0131k Hizmetleri Dairesi&#8217;nin Ya\u015fl\u0131 Destek Birimi&#8217;nden d\u00fczenli destek alan 76 ya\u015f\u0131ndaki M\u00fczeyyen \u00c7etinkaya &hellip; <a href=\"https:\/\/akdenizolaygazetesi.com\/?p=16537\" class=\"more-link\">Devam\u0131n\u0131 Oku&#8230;<\/a><\/p>\n","protected":false},"author":2,"featured_media":16538,"comment_status":"open","ping_status":"open","sticky":false,"template":"","format":"standard","meta":[],"categories":[34,1,2,3],"tags":[],"_links":{"self":[{"href":"https:\/\/akdenizolaygazetesi.com\/index.php?rest_route=\/wp\/v2\/posts\/16537"}],"collection":[{"href":"https:\/\/akdenizolaygazetesi.com\/index.php?rest_route=\/wp\/v2\/posts"}],"about":[{"href":"https:\/\/akdenizolaygazetesi.com\/index.php?rest_route=\/wp\/v2\/types\/post"}],"author":[{"embeddable":true,"href":"https:\/\/akdenizolaygazetesi.com\/index.php?rest_route=\/wp\/v2\/users\/2"}],"replies":[{"embeddable":true,"href":"https:\/\/akdenizolaygazetesi.com\/index.php?rest_route=%2Fwp%2Fv2%2Fcomments&post=16537"}],"version-history":[{"count":1,"href":"https:\/\/akdenizolaygazetesi.com\/index.php?rest_route=\/wp\/v2\/posts\/16537\/revisions"}],"predecessor-version":[{"id":16539,"href":"https:\/\/akdenizolaygazetesi.com\/index.php?rest_route=\/wp\/v2\/posts\/16537\/revisions\/16539"}],"wp:featuredmedia":[{"embeddable":true,"href":"https:\/\/akdenizolaygazetesi.com\/index.php?rest_route=\/wp\/v2\/media\/16538"}],"wp:attachment":[{"href":"https:\/\/akdenizolaygazetesi.com\/index.php?rest_route=%2Fwp%2Fv2%2Fmedia&parent=16537"}],"wp:term":[{"taxonomy":"category","embeddable":true,"href":"https:\/\/akdenizolaygazetesi.com\/index.php?rest_route=%2Fwp%2Fv2%2Fcategories&post=16537"},{"taxonomy":"post_tag","embeddable":true,"href":"https:\/\/akdenizolaygazetesi.com\/index.php?rest_route=%2Fwp%2Fv2%2Ftags&post=16537"}],"curies":[{"name":"wp","href":"https:\/\/api.w.org\/{rel}","templated":true}]}}