{"id":1654,"date":"2020-11-04T18:22:11","date_gmt":"2020-11-04T15:22:11","guid":{"rendered":"http:\/\/mersinekonomipolitikagazetesi.com\/?p=1654"},"modified":"2020-11-04T18:22:11","modified_gmt":"2020-11-04T15:22:11","slug":"5-ulkenin-aradigi-gocmen-kacakcisi-112-multeciyle-birlikte-mersinde-yakalandi","status":"publish","type":"post","link":"https:\/\/akdenizolaygazetesi.com\/?p=1654","title":{"rendered":"5 \u00fclkenin arad\u0131\u011f\u0131 g\u00f6\u00e7men ka\u00e7ak\u00e7\u0131s\u0131 112 m\u00fclteciyle birlikte Mersin&#8217;de yakaland\u0131"},"content":{"rendered":"<p>Uluslararas\u0131 boyutta g\u00f6\u00e7men ka\u00e7ak\u00e7\u0131l\u0131\u011f\u0131 yapt\u0131\u011f\u0131 iddias\u0131 ile \u0130ngiltere ba\u015fta olmak \u00fczere 5 \u00fclke taraf\u0131ndan aranan organizat\u00f6r\u00fcn de aralar\u0131nda bulundu\u011fu 8 ki\u015fi, 112 Suriyeli m\u00fclteci ile birlikte Mersin&#8217;in Silifke il\u00e7esinde yakaland\u0131.<\/p>\n<p><span style=\"font-size:16px;\"><span style=\"font-family: sans-serif; line-height: 20px; text-align: justify; background-color: rgb(242, 244, 245);\">Mersin \u0130l Emniyet M\u00fcd\u00fcrl\u00fc\u011f\u00fcnden yap\u0131lan a\u00e7\u0131klamaya g\u00f6re, G\u00f6\u00e7men Ka\u00e7ak\u00e7\u0131l\u0131\u011f\u0131 ve \u0130nsan Ticareti ile M\u00fccadele \u015eube M\u00fcd\u00fcrl\u00fc\u011f\u00fcnce yap\u0131lan \u00e7al\u0131\u015fmalarda, T. K. adl\u0131 organizat\u00f6r\u00fcn, irtibatl\u0131 oldu\u011fu \u015fah\u0131slar ile birlikte temin ettikleri g\u00f6\u00e7menleri, Mersin&#8217;de sahile yak\u0131n b\u00f6lgelerdeki otellerde konaklatarak gruplar halinde tekneler ile Akdeniz rotas\u0131n\u0131 kullanmak suretiyle a\u00e7\u0131kta bekleyen b\u00fcy\u00fck y\u00fck gemilere ta\u015f\u0131d\u0131klar\u0131, bu \u015fekilde yasad\u0131\u015f\u0131 yollarla Avrupa \u00fclkelerine g\u00f6nderdikleri belirlendi. Yakla\u015f\u0131k 1 ayd\u0131r y\u00fcr\u00fct\u00fclen \u00e7al\u0131\u015fmalar kapsam\u0131nda, 8 \u015f\u00fcphelinin, temin ettikleri 112 Suriye uyruklu g\u00f6\u00e7meni, ayarlam\u0131\u015f olduklar\u0131 ara\u00e7lar ile Silifke il\u00e7esi Ta\u015fucu sahilinde bulunan koylara g\u00f6t\u00fcrd\u00fckleri ve buradan tekneye y\u00fckleyerek K\u0131br\u0131s Rum kesimine sevk edecekleri bilgisi \u00fczerine, Sahil G\u00fcvenlik Akdeniz B\u00f6lge Komutanl\u0131\u011f\u0131 ekipleriyle birlikte ortak operasyon d\u00fczenlendi. G\u00f6\u00e7menlerin ta\u015f\u0131nd\u0131\u011f\u0131 tekneye Akdeniz a\u00e7\u0131klar\u0131nda m\u00fcdahale eden ekipler, 7 si kad\u0131n 9&#8217;u \u00e7ocuk 112 Suriye uyruklu m\u00fclteciyi yakalad\u0131.\u00a0<\/span><br style=\"box-sizing: border-box; font-family: sans-serif; font-size: 14px; line-height: 20px; text-align: justify; background-color: rgb(242, 244, 245);\" \/><br \/>\n<span style=\"font-family: sans-serif; line-height: 20px; text-align: justify; background-color: rgb(242, 244, 245);\">Olayla ilgili y\u00fcr\u00fct\u00fclen soru\u015fturma kapsam\u0131nda, g\u00f6\u00e7men ka\u00e7ak\u00e7\u0131l\u0131\u011f\u0131 organizasyonu i\u00e7erisinde oldu\u011fu tespit edilen ve organizat\u00f6rl\u00fc\u011f\u00fcn\u00fc, \u0130ngiltere ba\u015fta olmak \u00fczere 5 ayr\u0131 \u00fclkece takip edilen, hakk\u0131nda yakalamaya y\u00f6nelik 7 de\u011fi\u015fik \u00e7al\u0131\u015fma bulunan T.K.&#8217;n\u0131n yapt\u0131\u011f\u0131, 3&#8217;\u00fc Suriye uyruklu toplam 8 insan ka\u00e7ak\u00e7\u0131s\u0131 da yakalanarak g\u00f6zalt\u0131na al\u0131nd\u0131. Olayla ilgili soru\u015fturman\u0131n s\u00fcrd\u00fc\u011f\u00fc bildirildi.\u00a0<\/span><\/span><\/p>\n","protected":false},"excerpt":{"rendered":"<p>Uluslararas\u0131 boyutta g\u00f6\u00e7men ka\u00e7ak\u00e7\u0131l\u0131\u011f\u0131 yapt\u0131\u011f\u0131 iddias\u0131 ile \u0130ngiltere ba\u015fta olmak \u00fczere 5 \u00fclke taraf\u0131ndan aranan organizat\u00f6r\u00fcn de aralar\u0131nda bulundu\u011fu 8 ki\u015fi, 112 Suriyeli m\u00fclteci ile birlikte Mersin&#8217;in Silifke il\u00e7esinde yakaland\u0131. &hellip; <a href=\"https:\/\/akdenizolaygazetesi.com\/?p=1654\" class=\"more-link\">Devam\u0131n\u0131 Oku&#8230;<\/a><\/p>\n","protected":false},"author":1,"featured_media":0,"comment_status":"open","ping_status":"open","sticky":false,"template":"","format":"standard","meta":[],"categories":[],"tags":[],"_links":{"self":[{"href":"https:\/\/akdenizolaygazetesi.com\/index.php?rest_route=\/wp\/v2\/posts\/1654"}],"collection":[{"href":"https:\/\/akdenizolaygazetesi.com\/index.php?rest_route=\/wp\/v2\/posts"}],"about":[{"href":"https:\/\/akdenizolaygazetesi.com\/index.php?rest_route=\/wp\/v2\/types\/post"}],"author":[{"embeddable":true,"href":"https:\/\/akdenizolaygazetesi.com\/index.php?rest_route=\/wp\/v2\/users\/1"}],"replies":[{"embeddable":true,"href":"https:\/\/akdenizolaygazetesi.com\/index.php?rest_route=%2Fwp%2Fv2%2Fcomments&post=1654"}],"version-history":[{"count":0,"href":"https:\/\/akdenizolaygazetesi.com\/index.php?rest_route=\/wp\/v2\/posts\/1654\/revisions"}],"wp:attachment":[{"href":"https:\/\/akdenizolaygazetesi.com\/index.php?rest_route=%2Fwp%2Fv2%2Fmedia&parent=1654"}],"wp:term":[{"taxonomy":"category","embeddable":true,"href":"https:\/\/akdenizolaygazetesi.com\/index.php?rest_route=%2Fwp%2Fv2%2Fcategories&post=1654"},{"taxonomy":"post_tag","embeddable":true,"href":"https:\/\/akdenizolaygazetesi.com\/index.php?rest_route=%2Fwp%2Fv2%2Ftags&post=1654"}],"curies":[{"name":"wp","href":"https:\/\/api.w.org\/{rel}","templated":true}]}}