{"id":16540,"date":"2022-02-09T13:13:44","date_gmt":"2022-02-09T10:13:44","guid":{"rendered":"http:\/\/akdenizolaygazetesi.com\/?p=16540"},"modified":"2022-02-09T13:13:44","modified_gmt":"2022-02-09T10:13:44","slug":"yetenek-donusum-projesi-lojistik-elemani-kursuyla-suruyor","status":"publish","type":"post","link":"https:\/\/akdenizolaygazetesi.com\/?p=16540","title":{"rendered":"YETENEK D\u00d6N\u00dc\u015e\u00dcM PROJES\u0130, LOJ\u0130ST\u0130K ELEMANI KURSU&#8217;YLA S\u00dcR\u00dcYOR"},"content":{"rendered":"<p>Mersin B\u00fcy\u00fck\u015fehir Belediyesi Kariyer Merkezi; \u0130l Milli E\u011fitim M\u00fcd\u00fcrl\u00fc\u011f\u00fc i\u015f birli\u011finde hayata ge\u00e7irdi\u011fi Yetenek D\u00f6n\u00fc\u015f\u00fcm Projesi&#8217;nde Genel Muhasebe ile Y\u00f6netici Asistanl\u0131\u011f\u0131 kurslar\u0131ndan sonra Lojistik Eleman\u0131 Kursu&#8217;nu da ba\u015flat\u0131yor. Ba\u015fvurular\u0131n al\u0131nd\u0131\u011f\u0131 kurs i\u00e7in yap\u0131lan se\u00e7melere 38 ki\u015fi kat\u0131ld\u0131.<br \/>\nSe\u00e7meler tamamland\u0131<br \/>\nMersin B\u00fcy\u00fck\u015fehir Belediyesi Kariyer Merkezi, Toros \u00dcniversitesi ve \u0130l Milli E\u011fitim M\u00fcd\u00fcrl\u00fc\u011f\u00fc Kariyer Geli\u015ftirme ve Uygulama Merkezi yetkilileri e\u015fli\u011finde Kongre ve Sergi Saray\u0131&#8217;nda ger\u00e7ekle\u015ftirilen se\u00e7melerde, adaylar \u00f6ncelikle projenin i\u00e7eri\u011fi konusunda bilgilendirildi. 15 ki\u015filik kontenjan\u0131 olan ve Yeni\u015fehir Halk E\u011fitim Merkezi&#8217;nde yap\u0131lacak e\u011fitim, 14 \u015eubat-23 Haziran tarihleri aras\u0131nda ger\u00e7ekle\u015ftirilecek.<br \/>\nToros \u00dcniversitesi&#8217;nden akademik destek<br \/>\nMersin&#8217;in lojistik anlam\u0131nda en \u00f6nemli e\u011fitim kurulu\u015flar\u0131n\u0131n ba\u015f\u0131nda gelen Toros \u00dcniversitesi Uluslararas\u0131 Ticaret ve Lojistik B\u00f6l\u00fcm\u00fc ile de i\u015f birli\u011fi yap\u0131lan Lojistik Eleman\u0131 Kursu i\u00e7in sekt\u00f6rle deneyim payla\u015f\u0131m\u0131 ve Lojistik Laboratuvar\u0131 hizmetlerine yer verilecek.<br \/>\nToros \u00dcniversitesi Uluslararas\u0131 Ticaret ve Lojistik B\u00f6l\u00fcm\u00fc \u00f6\u011fretim \u00fcyelerinden Prof. Dr. K\u00f6ksal Haz\u0131r, Yetenek D\u00f6n\u00fc\u015f\u00fcm Projesi&#8217;nde di\u011fer mesleki alanlarda oldu\u011fu gibi lojistik alan\u0131nda a\u00e7\u0131lacak programa da \u00f6nem verdiklerini vurgulad\u0131. Haz\u0131r, Toros \u00dcniversitesi&#8217;nin lojistik anlam\u0131nda var olan deneyimlerini projeye kat\u0131lan kursiyerlerle payla\u015fmaya ve Lojistik Laboratuvar\u0131&#8217;ndan kursiyerleri faydaland\u0131rma konusunda projeye katk\u0131 sunmaya haz\u0131r olduklar\u0131n\u0131 s\u00f6yledi.<br \/>\nYetenek D\u00f6n\u00fc\u015f\u00fcm Projesi&#8217;nin \u00e7er\u00e7evesi geni\u015fletilecek<br \/>\nMersin B\u00fcy\u00fck\u015fehir Belediyesi Kariyer Merkezi M\u00fcd\u00fcr\u00fc Serkan \u00d6zada, Yetenek D\u00f6n\u00fc\u015f\u00fcm Projesi&#8217;yle bir taraftan i\u015f arayanlar\u0131 meslek sahibi yapmay\u0131 ama\u00e7larken, di\u011fer taraftan Kariyer Rehberli\u011fi ve \u0130\u015f Arama Dan\u0131\u015fmanl\u0131\u011f\u0131 hizmetini birlikte sunacaklar\u0131n\u0131 belirtti. A\u00e7acaklar\u0131 kurslarda; \u00fcniversiteler, odalar, sivil toplum kurulu\u015flar\u0131yla da i\u015f birli\u011fi yaparak projeyi sekt\u00f6rel bir b\u00fct\u00fcnl\u00fck i\u00e7inde y\u00fcr\u00fctmeyi hedeflediklerini ifade eden \u00d6zada, 2022&#8217;de kurumsal i\u015f birliklerinin kurulmas\u0131na, 2023 y\u0131l\u0131nda da \u00e7e\u015fitlendirme ve yayg\u0131nla\u015ft\u0131rma \u00e7al\u0131\u015fmalara a\u011f\u0131rl\u0131k vereceklerinin alt\u0131n\u0131 \u00e7izdi.<br \/>\nProje; &#8220;Muhasebe Finans, Bili\u015fim Teknolojileri, D\u0131\u015f Ticaret-Lojistik, Sat\u0131\u015f-Pazarlama, Y\u00f6netim-Organizasyon&#8221; mod\u00fcllerinde a\u00e7\u0131lacak kurslarla devam edecek. Proje hakk\u0131nda bilgi almak veya ba\u015fvurmak isteyenler, B\u00fcy\u00fck\u015fehir Belediyesi Kariyer Merkezi M\u00fcd\u00fcrl\u00fc\u011f\u00fc&#8217;ne ba\u015fvuru yapabilecek.<\/p>\n","protected":false},"excerpt":{"rendered":"<p>Mersin B\u00fcy\u00fck\u015fehir Belediyesi Kariyer Merkezi; \u0130l Milli E\u011fitim M\u00fcd\u00fcrl\u00fc\u011f\u00fc i\u015f birli\u011finde hayata ge\u00e7irdi\u011fi Yetenek D\u00f6n\u00fc\u015f\u00fcm Projesi&#8217;nde Genel Muhasebe ile Y\u00f6netici Asistanl\u0131\u011f\u0131 kurslar\u0131ndan sonra Lojistik Eleman\u0131 Kursu&#8217;nu da ba\u015flat\u0131yor. Ba\u015fvurular\u0131n al\u0131nd\u0131\u011f\u0131 &hellip; <a href=\"https:\/\/akdenizolaygazetesi.com\/?p=16540\" class=\"more-link\">Devam\u0131n\u0131 Oku&#8230;<\/a><\/p>\n","protected":false},"author":2,"featured_media":16541,"comment_status":"open","ping_status":"open","sticky":false,"template":"","format":"standard","meta":[],"categories":[2,3,5],"tags":[],"_links":{"self":[{"href":"https:\/\/akdenizolaygazetesi.com\/index.php?rest_route=\/wp\/v2\/posts\/16540"}],"collection":[{"href":"https:\/\/akdenizolaygazetesi.com\/index.php?rest_route=\/wp\/v2\/posts"}],"about":[{"href":"https:\/\/akdenizolaygazetesi.com\/index.php?rest_route=\/wp\/v2\/types\/post"}],"author":[{"embeddable":true,"href":"https:\/\/akdenizolaygazetesi.com\/index.php?rest_route=\/wp\/v2\/users\/2"}],"replies":[{"embeddable":true,"href":"https:\/\/akdenizolaygazetesi.com\/index.php?rest_route=%2Fwp%2Fv2%2Fcomments&post=16540"}],"version-history":[{"count":1,"href":"https:\/\/akdenizolaygazetesi.com\/index.php?rest_route=\/wp\/v2\/posts\/16540\/revisions"}],"predecessor-version":[{"id":16542,"href":"https:\/\/akdenizolaygazetesi.com\/index.php?rest_route=\/wp\/v2\/posts\/16540\/revisions\/16542"}],"wp:featuredmedia":[{"embeddable":true,"href":"https:\/\/akdenizolaygazetesi.com\/index.php?rest_route=\/wp\/v2\/media\/16541"}],"wp:attachment":[{"href":"https:\/\/akdenizolaygazetesi.com\/index.php?rest_route=%2Fwp%2Fv2%2Fmedia&parent=16540"}],"wp:term":[{"taxonomy":"category","embeddable":true,"href":"https:\/\/akdenizolaygazetesi.com\/index.php?rest_route=%2Fwp%2Fv2%2Fcategories&post=16540"},{"taxonomy":"post_tag","embeddable":true,"href":"https:\/\/akdenizolaygazetesi.com\/index.php?rest_route=%2Fwp%2Fv2%2Ftags&post=16540"}],"curies":[{"name":"wp","href":"https:\/\/api.w.org\/{rel}","templated":true}]}}