{"id":1655,"date":"2020-11-04T18:22:11","date_gmt":"2020-11-04T15:22:11","guid":{"rendered":"http:\/\/mersinekonomipolitikagazetesi.com\/?p=1655"},"modified":"2020-11-04T18:22:11","modified_gmt":"2020-11-04T15:22:11","slug":"mersinden-gelen-ogrenciler-hassada-mehmetcik-icin-kurban-kesti","status":"publish","type":"post","link":"https:\/\/akdenizolaygazetesi.com\/?p=1655","title":{"rendered":"Mersin\u2019den gelen \u00f6\u011frenciler Hassa\u2019da Mehmet\u00e7ik i\u00e7in kurban kesti"},"content":{"rendered":"<p>Mersin\u2019in Yeni\u015fehir il\u00e7esinden Hatay\u2019a gelen \u015eehit K\u00fcbra Do\u011fanay K\u0131z Anadolu \u0130mam Hatip Lisesi \u00f6\u011frencileri ve \u00f6\u011fretmenleri, Zeytin Dal\u0131 Harekat\u0131&#8217;na kat\u0131lan Mehmet\u00e7ik i\u00e7in kurban kesti. Ama\u00e7lar\u0131n\u0131n Mehmet\u00e7ik&#8217;e destek vermek oldu\u011funu vurgulayan okul m\u00fcd\u00fcr\u00fc Z\u00fcbeyde T\u00f6st\u00fc \u201cBu vatan i\u00e7in gerekirse bizler de can\u0131m\u0131z\u0131 veririz\u201d \u015feklinde konu\u015ftu.<\/p>\n<p><span style=\"font-size:16px;\"><span style=\"font-family: sans-serif; line-height: 20px; text-align: justify; background-color: rgb(242, 244, 245);\">Zeytin Dal\u0131 Harekat\u0131 kapsam\u0131nda m\u00fccadelesini s\u00fcrd\u00fcren Mehmet\u00e7ik&#8217;e manevi destek olmak amac\u0131yla Mersin\u2019den Hatay\u2019a gelen \u015eehit K\u00fcbra Do\u011fanay K\u0131z Anadolu \u0130mam Hatip Lisesi \u00f6\u011frencileri ve \u00f6\u011fretmenleri, Hassa\u2019da kurban keserek, dua etti. Arkalar\u0131nda b\u00fcy\u00fck bir manevi g\u00fc\u00e7 oldu\u011funu belirten okul m\u00fcd\u00fcr\u00fc Z\u00fcbeyde T\u00f6st\u00fc, \u201c\u00c7ocuklar\u0131m\u0131z\u0131 m\u00fckemmel bir \u015fekilde yeti\u015ftirip, bu vatan\u0131 emanet etmeyi ama\u00e7l\u0131yoruz. Biz \u00e7ocuklar\u0131m\u0131z\u0131 yeti\u015ftirirken ya \u015fehit ya da gazi olsunlar diye yeti\u015ftiririz. Kurban\u0131m\u0131z\u0131 kesece\u011fiz ki vatan\u0131m\u0131z i\u00e7in, evlatlar\u0131m\u0131z i\u00e7in kurban\u0131m\u0131z kurban olsun ve onlar\u0131n yerine kurban\u0131n kan\u0131 aks\u0131n\u201d dedi.\u00a0<\/span><\/span><\/p>\n","protected":false},"excerpt":{"rendered":"<p>Mersin\u2019in Yeni\u015fehir il\u00e7esinden Hatay\u2019a gelen \u015eehit K\u00fcbra Do\u011fanay K\u0131z Anadolu \u0130mam Hatip Lisesi \u00f6\u011frencileri ve \u00f6\u011fretmenleri, Zeytin Dal\u0131 Harekat\u0131&#8217;na kat\u0131lan Mehmet\u00e7ik i\u00e7in kurban kesti. Ama\u00e7lar\u0131n\u0131n Mehmet\u00e7ik&#8217;e destek vermek oldu\u011funu vurgulayan &hellip; <a href=\"https:\/\/akdenizolaygazetesi.com\/?p=1655\" class=\"more-link\">Devam\u0131n\u0131 Oku&#8230;<\/a><\/p>\n","protected":false},"author":1,"featured_media":0,"comment_status":"open","ping_status":"open","sticky":false,"template":"","format":"standard","meta":[],"categories":[],"tags":[],"_links":{"self":[{"href":"https:\/\/akdenizolaygazetesi.com\/index.php?rest_route=\/wp\/v2\/posts\/1655"}],"collection":[{"href":"https:\/\/akdenizolaygazetesi.com\/index.php?rest_route=\/wp\/v2\/posts"}],"about":[{"href":"https:\/\/akdenizolaygazetesi.com\/index.php?rest_route=\/wp\/v2\/types\/post"}],"author":[{"embeddable":true,"href":"https:\/\/akdenizolaygazetesi.com\/index.php?rest_route=\/wp\/v2\/users\/1"}],"replies":[{"embeddable":true,"href":"https:\/\/akdenizolaygazetesi.com\/index.php?rest_route=%2Fwp%2Fv2%2Fcomments&post=1655"}],"version-history":[{"count":0,"href":"https:\/\/akdenizolaygazetesi.com\/index.php?rest_route=\/wp\/v2\/posts\/1655\/revisions"}],"wp:attachment":[{"href":"https:\/\/akdenizolaygazetesi.com\/index.php?rest_route=%2Fwp%2Fv2%2Fmedia&parent=1655"}],"wp:term":[{"taxonomy":"category","embeddable":true,"href":"https:\/\/akdenizolaygazetesi.com\/index.php?rest_route=%2Fwp%2Fv2%2Fcategories&post=1655"},{"taxonomy":"post_tag","embeddable":true,"href":"https:\/\/akdenizolaygazetesi.com\/index.php?rest_route=%2Fwp%2Fv2%2Ftags&post=1655"}],"curies":[{"name":"wp","href":"https:\/\/api.w.org\/{rel}","templated":true}]}}