{"id":16550,"date":"2022-02-09T13:30:54","date_gmt":"2022-02-09T10:30:54","guid":{"rendered":"http:\/\/akdenizolaygazetesi.com\/?p=16550"},"modified":"2022-02-09T13:30:54","modified_gmt":"2022-02-09T10:30:54","slug":"ilk-kez-kabak-ve-patlicanin-kilosunun-30-tl-oldugunu-gordum","status":"publish","type":"post","link":"https:\/\/akdenizolaygazetesi.com\/?p=16550","title":{"rendered":"&#8220;\u0130LK KEZ KABAK VE PATLICANIN K\u0130LOSUNUN 30 TL OLDU\u011eUNU G\u00d6RD\u00dcM&#8221;"},"content":{"rendered":"<p>CHP Mersin Milletvekili Ali Mahir Ba\u015far\u0131r, yap\u0131lan zamlar\u0131 protesto etmek ama\u00e7l\u0131 e\u015f zamanl\u0131 olarak t\u00fcm \u00fclkede ger\u00e7ekle\u015ftirilen bas\u0131n toplant\u0131s\u0131nda \u201c8-9 tane ampul\u00fc s\u00f6nd\u00fcrmenize gerek yok, tek ampul\u00fc s\u00f6nd\u00fcr\u00fcn T\u00fcrkiye \u0131\u015f\u0131l \u0131\u015f\u0131l olsun\u201d dedi.<\/p>\n<p>\u0130LK KEZ KABAK VE PATLICANIN K\u0130LOSUNUN 30 TL OLDU\u011eUNU G\u00d6RD\u00dcM<\/p>\n<p>CHP Mersi \u0130l Ba\u015fkanl\u0131\u011f\u0131\u2019nda d\u00fczenlenen bas\u0131n toplant\u0131s\u0131nda \u00f6rg\u00fctlerimizle birlikte sahada, pazarda, esnaf ziyaretinde ve evlerde olduklar\u0131n\u0131 ifade eden CHP\u2019li Ba\u015far\u0131r, \u201cT\u00fcm bir felaket ya\u015famaktad\u0131r. T\u00fcrkiye tam bir yang\u0131n yerine d\u00f6n\u00fc\u015fm\u00fc\u015ft\u00fcr. \u00dc\u00e7 g\u00fcnd\u00fcr Toroslar\u2019da, Erdemli\u2019de, Mersin Merkez il\u00e7elerde g\u00f6rd\u00fc\u011f\u00fcm\u00fcz durum bir felakettir. Bir sefer gezdi\u011fimiz t\u00fcm esnaflar elektrik ve do\u011falgaz faturalar\u0131ndan \u015fikayet\u00e7i. Faturalar bir ay \u00f6nceye g\u00f6re yakla\u015f\u0131k 3 ile 7 kat aras\u0131 artm\u0131\u015f. Yani art\u0131k \u00f6denmeyecek durumdad\u0131r. D\u00fcn Erdemli\u2019de pazardayd\u0131k, \u00c7ukurova\u2019da hi\u00e7bir zaman meyve-sebze al\u0131n\u0131rken sorun ya\u015fanm\u0131yordu ama ben ilk kez kabak ve patl\u0131can\u0131n kilosunun 30 lira oldu\u011funu g\u00f6rd\u00fcm. \u0130lk kez p\u0131rasan\u0131n taneyle al\u0131nd\u0131\u011f\u0131n\u0131 g\u00f6rd\u00fcm. \u0130lk kez bayat ekmek kuyruklar\u0131n\u0131 g\u00f6rd\u00fcm. \u0130lk kez ailelerin bo\u015f filelerle pazardan \u00e7\u0131kt\u0131\u011f\u0131n\u0131 g\u00f6rd\u00fcm. \u0130lk kez pazar tezgahlar\u0131n\u0131n \u00c7ukurova\u2019da yar\u0131 oran\u0131nda d\u00fc\u015ft\u00fc\u011f\u00fcn\u00fc g\u00f6rd\u00fcm. 84 milyon bunu hak etmiyor\u201d s\u00f6zlerini dile getirdi.<\/p>\n<p>SARAYIN K\u0130RL\u0130 KALEMLER\u0130, YA\u011eDANLIKLARI \u0130Y\u0130CE \u00c7\u0130RK\u0130NLE\u015eT\u0130<\/p>\n<p>Pazarda ya\u015fad\u0131\u011f\u0131 bir anekdotu anlatan CHP\u2019li Ba\u015far\u0131r, \u201cBir teyzemiz ke\u015fke emekli maa\u015flar\u0131m\u0131za zam yapmasayd\u0131 ama elektrik faturalar\u0131m\u0131z, ekmek fiyatlar\u0131m\u0131z, meyve-sebze fiyatlar\u0131m\u0131z, mazot, benzin fiyatlar\u0131m\u0131z daha normal olabilseydi dedi. Biz bu zalimli\u011fe, bu yolsuzlu\u011fa, bu adaletsizli\u011fe mahk\u00fbm de\u011filiz. T\u00fcrkiye Cumhuriyeti hi\u00e7bir zaman hi\u00e7bir ki\u015fiye, hi\u00e7bir kuruma, hi\u00e7bir zalime mahk\u00fbm olmad\u0131. Televizyonlardan seyrediyoruz, saray\u0131n kirli kalemleri, ya\u011fdanl\u0131klar\u0131 do\u011falgaz faturalar\u0131 konu\u015fulurken \u00e7\u00f6z\u00fcm olarak halk kuru fasulye yesin gaz\u0131n\u0131 kendi \u00fcretir diyecek kadar \u00e7irkinle\u015febiliyor. Bunu bizden birisi s\u00f6ylese siz de\u011ferli bas\u0131n, herhangi birimiz s\u00f6ylese lin\u00e7 ediliriz ama bunu s\u00f6yleyen ahlaks\u0131za saraydan herhangi bir tepki yok. Ben, bu hadsize \u015funu s\u00f6yleyeyim: d\u00fcn pazarda, markette kuru fasulye fiyatlar\u0131na bakt\u0131m ve halk kuru fasulye bile alam\u0131yor\u201d dedi.<\/p>\n<p>HEP BERABER BU G\u00dcZEL \u00dcLKEY\u0130 G\u00dcZEL G\u00dcNLERE GET\u0130RECE\u011e\u0130Z<\/p>\n<p>Vatanda\u015flar\u0131n, evlerindeki 8-9 ampulden ancak birini yakabilmelerinden dolay\u0131 kendisine dert yak\u0131nd\u0131klar\u0131n\u0131 ifade eden CHP\u2019li Ba\u015far\u0131r, \u201cBize elektrik faturas\u0131ndan dert yak\u0131nan vatanda\u015flara \u015funu s\u00f6yledik, 8-9 tane ampul\u00fc s\u00f6nd\u00fcrmenize gerek yok, tek ampul\u00fc s\u00f6nd\u00fcr\u00fcn T\u00fcrkiye \u0131\u015f\u0131l \u0131\u015f\u0131l olsun, dedik. Bizim parti olarak il ba\u015fkanlar\u0131m\u0131zla, il\u00e7e ba\u015fkanlar\u0131m\u0131zla soka\u011fa \u00e7\u0131kacak y\u00fcz\u00fcm\u00fcz, halkla dertle\u015fecek y\u00fcz\u00fcm\u00fcz, \u00e7\u00f6z\u00fcm \u00f6nerilimiz, \u00e7ok k\u0131ymetli kadrolar\u0131m\u0131z var. Biz halk\u0131n yan\u0131nda olmaya devam edece\u011fiz. Biz Pazar, sokak, ev, \u00e7ar\u015f\u0131 gezmeye devam edece\u011fiz. Biz bu \u00fclkeyi bu hale getirenleri hem \u015fik\u00e2yet edece\u011fiz hem de yapacaklar\u0131m\u0131z\u0131 anlataca\u011f\u0131z. T\u00fcrkiye bu zalimlere, bu adaletsizlere, bu hukuksuzlara, bu \u00fclkeyi bu hale getirenlere, bu tek adama mecbur de\u011fil. Hep beraber bu g\u00fczel \u00fclkeyi g\u00fczel g\u00fcnlere getirece\u011fiz. \u00c7ok fazla s\u00fcrmeyecek. Biz bankalar\u0131 kimin hortumlad\u0131\u011f\u0131n\u0131, kredileri kimin hortumlad\u0131\u011f\u0131n\u0131, be\u015fli \u00e7etenin nas\u0131l zenginle\u015fti\u011fini, garanti verilen yollarda nas\u0131l fakirle\u015fti\u011fimizi, hangi tefeciye ne kadar faiz verdi\u011fimizi, kimlerin hangi makam arabalar\u0131n\u0131 haks\u0131z yere kulland\u0131\u011f\u0131n\u0131, saray\u0131n giderlerini, hepsini biliyoruz. \u00dc\u00e7 y\u0131l i\u00e7erisinde T\u00fcrkiye\u2019yi \u0131\u015f\u0131l \u0131\u015f\u0131l hale getirece\u011fimize s\u00f6z veriyoruz\u201d s\u00f6zlerini ifade ederek toplant\u0131ya son verdi.<\/p>\n","protected":false},"excerpt":{"rendered":"<p>CHP Mersin Milletvekili Ali Mahir Ba\u015far\u0131r, yap\u0131lan zamlar\u0131 protesto etmek ama\u00e7l\u0131 e\u015f zamanl\u0131 olarak t\u00fcm \u00fclkede ger\u00e7ekle\u015ftirilen bas\u0131n toplant\u0131s\u0131nda \u201c8-9 tane ampul\u00fc s\u00f6nd\u00fcrmenize gerek yok, tek ampul\u00fc s\u00f6nd\u00fcr\u00fcn T\u00fcrkiye \u0131\u015f\u0131l &hellip; <a href=\"https:\/\/akdenizolaygazetesi.com\/?p=16550\" class=\"more-link\">Devam\u0131n\u0131 Oku&#8230;<\/a><\/p>\n","protected":false},"author":2,"featured_media":16551,"comment_status":"open","ping_status":"open","sticky":false,"template":"","format":"standard","meta":[],"categories":[3,6],"tags":[],"_links":{"self":[{"href":"https:\/\/akdenizolaygazetesi.com\/index.php?rest_route=\/wp\/v2\/posts\/16550"}],"collection":[{"href":"https:\/\/akdenizolaygazetesi.com\/index.php?rest_route=\/wp\/v2\/posts"}],"about":[{"href":"https:\/\/akdenizolaygazetesi.com\/index.php?rest_route=\/wp\/v2\/types\/post"}],"author":[{"embeddable":true,"href":"https:\/\/akdenizolaygazetesi.com\/index.php?rest_route=\/wp\/v2\/users\/2"}],"replies":[{"embeddable":true,"href":"https:\/\/akdenizolaygazetesi.com\/index.php?rest_route=%2Fwp%2Fv2%2Fcomments&post=16550"}],"version-history":[{"count":1,"href":"https:\/\/akdenizolaygazetesi.com\/index.php?rest_route=\/wp\/v2\/posts\/16550\/revisions"}],"predecessor-version":[{"id":16552,"href":"https:\/\/akdenizolaygazetesi.com\/index.php?rest_route=\/wp\/v2\/posts\/16550\/revisions\/16552"}],"wp:featuredmedia":[{"embeddable":true,"href":"https:\/\/akdenizolaygazetesi.com\/index.php?rest_route=\/wp\/v2\/media\/16551"}],"wp:attachment":[{"href":"https:\/\/akdenizolaygazetesi.com\/index.php?rest_route=%2Fwp%2Fv2%2Fmedia&parent=16550"}],"wp:term":[{"taxonomy":"category","embeddable":true,"href":"https:\/\/akdenizolaygazetesi.com\/index.php?rest_route=%2Fwp%2Fv2%2Fcategories&post=16550"},{"taxonomy":"post_tag","embeddable":true,"href":"https:\/\/akdenizolaygazetesi.com\/index.php?rest_route=%2Fwp%2Fv2%2Ftags&post=16550"}],"curies":[{"name":"wp","href":"https:\/\/api.w.org\/{rel}","templated":true}]}}