{"id":16556,"date":"2022-02-10T13:09:46","date_gmt":"2022-02-10T10:09:46","guid":{"rendered":"http:\/\/akdenizolaygazetesi.com\/?p=16556"},"modified":"2022-02-10T13:09:46","modified_gmt":"2022-02-10T10:09:46","slug":"buyuksehir-tarihi-ve-kulturel-degerleri-ile-emitt-fuarinda-mersini-tanitiyor","status":"publish","type":"post","link":"https:\/\/akdenizolaygazetesi.com\/?p=16556","title":{"rendered":"B\u00dcY\u00dcK\u015eEH\u0130R, TAR\u0130H\u0130 VE K\u00dcLT\u00dcREL DE\u011eERLER\u0130 \u0130LE EMITT FUARI&#8217;NDA MERS\u0130N&#8217;\u0130 TANITIYOR"},"content":{"rendered":"<p>Mersin B\u00fcy\u00fck\u015fehir Belediyesi, d\u00fcnyan\u0131n en b\u00fcy\u00fck be\u015f turizm fuar\u0131ndan biri olan ve bu y\u0131l kap\u0131lar\u0131n\u0131 25. kez a\u00e7an Do\u011fu Akdeniz Uluslararas\u0131 Turizm ve Seyahat Fuar\u0131&#8217;nda (EMITT)  yerini ald\u0131. Fuar\u0131n a\u00e7\u0131l\u0131\u015f\u0131na kat\u0131lan Mersin B\u00fcy\u00fck\u015fehir Belediye Ba\u015fkan\u0131 Vahap Se\u00e7er, &#8220;Burada Mersin&#8217;in tarihi yerlerini, do\u011fal g\u00fczelliklerini, \u00f6zelliklerini g\u00f6rmek m\u00fcmk\u00fcn&#8221; dedi.<br \/>\n&#8220;Mersin olarak burada yerimizi ald\u0131k&#8221;<br \/>\nY\u00f6netime geldiklerinden bu yana Belediye olarak EMITT Fuar\u0131&#8217;na 2&#8217;nci kez kat\u0131ld\u0131klar\u0131n\u0131 an\u0131msatan Ba\u015fkan Se\u00e7er, &#8220;Pandemi nedeniyle kat\u0131lamad\u0131\u011f\u0131m\u0131z y\u0131llar oldu. Yap\u0131lamad\u0131\u011f\u0131 d\u00f6nemler oldu. Bug\u00fcn g\u00fczel bir etkinlik oldu\u011funu g\u00f6zlemliyorum ama eski yo\u011funluk yok. Stant say\u0131s\u0131 \u00f6nceki EMITT fuarlar\u0131na g\u00f6re pandemi nedeniyle daha az ama her \u015feye ra\u011fmen hareketli bir fuar. Mersin olarak burada yerimizi ald\u0131k. \u00c7ok g\u00fczel bir stand\u0131m\u0131z var. Eme\u011fi ge\u00e7en arkada\u015flar\u0131m\u0131za te\u015fekk\u00fcr ediyorum. \u00c7ok vizyoner bir stant haz\u0131rlam\u0131\u015flar. Burada Mersin&#8217;in tarihi yerlerini, do\u011fal g\u00fczelliklerini, \u00f6zelliklerini g\u00f6rmek m\u00fcmk\u00fcn&#8221; diye konu\u015ftu.<br \/>\n&#8220;Mersin&#8217;i tan\u0131tmak i\u00e7in \u00e7ok yo\u011fun \u00e7aba sarf ediyoruz&#8221;<br \/>\nMersin&#8217;in kadim bir kent oldu\u011fu vurgusuyla konu\u015fmas\u0131n\u0131 s\u00fcrd\u00fcren Ba\u015fkan Se\u00e7er, kentin 13 il\u00e7esinin de ayr\u0131 bir de\u011ferinin bulundu\u011funu s\u00f6yledi. Mersin&#8217;in tarihsel s\u00fcre\u00e7 i\u00e7erisinde bir\u00e7ok uygarl\u0131\u011fa, medeniyetlere, dinlere ev sahipli\u011fi yapm\u0131\u015f oldu\u011funu da ifade eden Ba\u015fkan Se\u00e7er, devam\u0131nda \u015fu c\u00fcmleleri kulland\u0131:<br \/>\n&#8220;Mersin&#8217;de d\u00fcnya tarihine, insanl\u0131k ya\u015fam\u0131 ve tarihine dair her \u015feyi g\u00f6rmeniz m\u00fcmk\u00fcn. Bug\u00fcn de hem T\u00fcrkiye&#8217;nin hem b\u00f6lgenin hem de d\u00fcnyan\u0131n en \u00f6nemli kenti. Bir\u00e7ok sekt\u00f6r\u00fc b\u00fcnyesinde bar\u0131nd\u0131ran bir ekonomi sistemi var. Bunlar\u0131n i\u00e7erisinde turizm de var. Bug\u00fcn turizm fuar\u0131nday\u0131z. Ama \u015f\u00f6yle de bir sorunumuz var. Mersin bu g\u00fczellikleri d\u00fcnyaya tan\u0131tamam\u0131\u015f bir kent. Kendini anlatamam\u0131\u015f, ifade edememi\u015f bir kent. \u0130\u015fte bu sarmaldan \u00e7\u0131kmaya \u00e7al\u0131\u015f\u0131yoruz. Mersin kendini anlatabilsin, tan\u0131tabilsin, d\u00fcnyan\u0131n her taraf\u0131ndan Mersin bilinsin. Mersin&#8217;e sadece turizm amac\u0131yla de\u011fil, farkl\u0131 nedenlerle insanlar gelme ihtiyac\u0131 duysun. \u00c7\u00fcnk\u00fc Mersin, Do\u011fu Akdeniz \u00e7ana\u011f\u0131n\u0131n en \u00f6nemli liman kenti. Ticaretin, tar\u0131m\u0131n, sanayinin, lojisti\u011fin; bu \u00f6nemli sekt\u00f6rlerin her ge\u00e7en y\u0131l art\u0131\u011f\u0131, geli\u015fti\u011fi bir kent. Neden turizm? Bu kadar do\u011fal g\u00fczellikleri, 320 kilometre ku\u015f u\u00e7u\u015fu sahili olan, Toros Da\u011flar\u0131&#8217;n\u0131n eteklerinden Akdeniz&#8217;in k\u0131y\u0131lar\u0131na kadar her noktas\u0131n\u0131n do\u011fal g\u00fczelliklerle s\u00fcsl\u00fc oldu\u011fu bir kentte, tarihi bir ge\u00e7mi\u015fi olan, tarihi kal\u0131nt\u0131lar\u0131 belki de d\u00fcnyan\u0131n bir\u00e7ok yerinde bulamayaca\u011f\u0131n\u0131z o ambiyans\u0131, otantik yap\u0131y\u0131 bulabilece\u011finiz bir kente neden gelmesinler? Neden bu kent tan\u0131t\u0131lm\u0131yor? Bug\u00fcne kadar ihmal edilmi\u015fli\u011fin verdi\u011fi bir duyguyla Mersin&#8217;i tan\u0131tmak i\u00e7in \u00e7ok yo\u011fun \u00e7aba sarf ediyoruz ve zaman\u0131m\u0131z yok. \u00c7ok k\u0131sa s\u00fcrede biz bunu ba\u015farmak zorunday\u0131z ki Mersin arzu edilen noktalara gelsin. Bug\u00fcn arkada\u015flar\u0131m\u0131 da burada ziyaret etmi\u015f oldum. \u00c7ok da ho\u015fuma giden bir stant olmu\u015f. \u0130nceledim. \u015eimdi di\u011fer stantlar\u0131 da gezece\u011fim. Hem belediyelerimizin stantlar\u0131 var hem turizm \u015firketlerinin stantlar\u0131 var.&#8221;<br \/>\nSon olarak vatanda\u015flar\u0131 Mersin&#8217;e davet eden Ba\u015fkan Se\u00e7er, &#8220;Bu g\u00fczel kentimize herkesi bekliyorum. Amac\u0131 ne olursa olsun. \u0130ster ekonomik ve ticari nedenlerle, ister turistik bir gezi olarak herkesi Mersin&#8217;e bekliyorum&#8221; ifadelerini kulland\u0131.<br \/>\nMersin B\u00fcy\u00fck\u015fehir Belediyesi&#8217;nin stand\u0131n\u0131 \u00e7ok say\u0131da il ve il\u00e7e belediye ba\u015fkan\u0131 ziyaret ederken, Ba\u015fkan Se\u00e7er de fuar alan\u0131ndaki farkl\u0131 stantlar\u0131 gezdi.<br \/>\nMersin&#8217;in k\u00fclt\u00fcrel ve tarihi de\u011ferleri B\u00fcy\u00fck\u015fehir&#8217;in stand\u0131nda<br \/>\nRusya, Malta, Bulgaristan, \u015eey\u015feller, S\u0131rbistan, Kosova, Pakistan, \u00dcrd\u00fcn, KKTC, Filistin, Azerbaycan, G\u00fcney Afrika, Makedonya, Bosna Hersek olmak \u00fczere toplam 14 \u00fclkeye ev sahipli\u011fi yapan fuarda stant a\u00e7an Mersin B\u00fcy\u00fck\u015fehir Belediyesi, Mersin&#8217;in \u00f6nemli k\u00fclt\u00fcrel de\u011ferlerini tan\u0131t\u0131yor. B\u00fcy\u00fck\u015fehir, fuara inovatif ve teknolojik alt yap\u0131s\u0131 g\u00fc\u00e7l\u00fc bir stant tasar\u0131m\u0131 ile kat\u0131l\u0131m sa\u011fl\u0131yor.<br \/>\nB\u00fcy\u00fck\u015fehir Belediyesi&#8217;nin stand\u0131nda; Mersin&#8217;i tan\u0131tan video ve g\u00f6rsellerin oldu\u011fu G\u00f6rsel Deneyim Alan\u0131&#8217;nda kat\u0131l\u0131mc\u0131lar Mersin hakk\u0131nda fikir sahibi oluyor. Tarihi ve turistik yerlerin sanal ger\u00e7eklik g\u00f6zl\u00fckleri ile tan\u0131t\u0131ld\u0131\u011f\u0131 dijital platform olan VR Mersin ise ziyaret\u00e7ilere Mersin&#8217;i yak\u0131ndan g\u00f6rme f\u0131rsat\u0131 sunuyor.<br \/>\nFuarda; Mersin tarihinde yer alan mitolojik karakterlerden olan Flora, Zephyros, \u015eahmeran, Aziz Pavlus, Krali\u00e7e Aba, Pan ve Typhon fig\u00fcr bask\u0131l\u0131 bez \u00e7anta, kenti tan\u0131tan \u0130ngilizce ve T\u00fcrk\u00e7e se\u00e7ene\u011fi ile Yery\u00fcz\u00fc Cenneti Mersin Kitap\u00e7\u0131\u011f\u0131, Flora b\u00fcst\u00fc ve Zephyros masa saati, muz, cezerye, limon ve anahtarl\u0131k da bulunuyor. \u0130stanbul T\u00dcYAP Fuar\u0131 Kongre Merkezi&#8217;nde 12 \u015eubat&#8217;a kadar a\u00e7\u0131k kalacak olan fuarda, toplam 53 \u00fclkeden gelen 200&#8217;\u00fcn \u00fcst\u00fcnde yabanc\u0131 al\u0131c\u0131 da yer al\u0131yor.<\/p>\n","protected":false},"excerpt":{"rendered":"<p>Mersin B\u00fcy\u00fck\u015fehir Belediyesi, d\u00fcnyan\u0131n en b\u00fcy\u00fck be\u015f turizm fuar\u0131ndan biri olan ve bu y\u0131l kap\u0131lar\u0131n\u0131 25. kez a\u00e7an Do\u011fu Akdeniz Uluslararas\u0131 Turizm ve Seyahat Fuar\u0131&#8217;nda (EMITT) yerini ald\u0131. Fuar\u0131n a\u00e7\u0131l\u0131\u015f\u0131na &hellip; <a href=\"https:\/\/akdenizolaygazetesi.com\/?p=16556\" class=\"more-link\">Devam\u0131n\u0131 Oku&#8230;<\/a><\/p>\n","protected":false},"author":2,"featured_media":16557,"comment_status":"open","ping_status":"open","sticky":false,"template":"","format":"standard","meta":[],"categories":[1,2,3,5],"tags":[],"_links":{"self":[{"href":"https:\/\/akdenizolaygazetesi.com\/index.php?rest_route=\/wp\/v2\/posts\/16556"}],"collection":[{"href":"https:\/\/akdenizolaygazetesi.com\/index.php?rest_route=\/wp\/v2\/posts"}],"about":[{"href":"https:\/\/akdenizolaygazetesi.com\/index.php?rest_route=\/wp\/v2\/types\/post"}],"author":[{"embeddable":true,"href":"https:\/\/akdenizolaygazetesi.com\/index.php?rest_route=\/wp\/v2\/users\/2"}],"replies":[{"embeddable":true,"href":"https:\/\/akdenizolaygazetesi.com\/index.php?rest_route=%2Fwp%2Fv2%2Fcomments&post=16556"}],"version-history":[{"count":1,"href":"https:\/\/akdenizolaygazetesi.com\/index.php?rest_route=\/wp\/v2\/posts\/16556\/revisions"}],"predecessor-version":[{"id":16558,"href":"https:\/\/akdenizolaygazetesi.com\/index.php?rest_route=\/wp\/v2\/posts\/16556\/revisions\/16558"}],"wp:featuredmedia":[{"embeddable":true,"href":"https:\/\/akdenizolaygazetesi.com\/index.php?rest_route=\/wp\/v2\/media\/16557"}],"wp:attachment":[{"href":"https:\/\/akdenizolaygazetesi.com\/index.php?rest_route=%2Fwp%2Fv2%2Fmedia&parent=16556"}],"wp:term":[{"taxonomy":"category","embeddable":true,"href":"https:\/\/akdenizolaygazetesi.com\/index.php?rest_route=%2Fwp%2Fv2%2Fcategories&post=16556"},{"taxonomy":"post_tag","embeddable":true,"href":"https:\/\/akdenizolaygazetesi.com\/index.php?rest_route=%2Fwp%2Fv2%2Ftags&post=16556"}],"curies":[{"name":"wp","href":"https:\/\/api.w.org\/{rel}","templated":true}]}}