{"id":1656,"date":"2020-11-04T18:22:11","date_gmt":"2020-11-04T15:22:11","guid":{"rendered":"http:\/\/mersinekonomipolitikagazetesi.com\/?p=1656"},"modified":"2020-11-04T18:22:11","modified_gmt":"2020-11-04T15:22:11","slug":"kocamaz-gece-gunduz-demeden-calistik","status":"publish","type":"post","link":"https:\/\/akdenizolaygazetesi.com\/?p=1656","title":{"rendered":"KOCAMAZ, \u201c GECE G\u00dcND\u00dcZ DEMEDEN \u00c7ALI\u015eTIK\u201d"},"content":{"rendered":"<p>Mersin Kongre Sergi Saray\u0131\u2019nda Mersin B\u00fcy\u00fck\u015fehir Belediyesi Ba\u015fkan\u0131 Burhanettin Kocamaz \u00f6nc\u00fcl\u00fc\u011f\u00fcnde  4. Y\u0131l Tan\u0131t\u0131m ve Bilgilendirme Toplant\u0131s\u0131 ger\u00e7ekle\u015ftirilerek 2014 y\u0131l\u0131ndan beri yapt\u0131klar\u0131 \u00e7al\u0131\u015fmalar\u0131n\u0131 anlatarak halka kar\u015f\u0131 mahcup olmad\u0131\u011f\u0131n\u0131 s\u00f6yledi.<\/p>\n<p class=\"m_400491705682533310gmail-p1\" style=\"color: rgb(34, 34, 34); font-family: arial, sans-serif; font-size: 12.8px; line-height: normal;\"><span style=\"font-size:16px;\">Mersin B\u00fcy\u00fck\u015fehir Belediyesi Mersin Kongre Sergi Saray\u0131nda Hizmette 4. Y\u0131l Tan\u0131t\u0131m ve Bilgilendirme Toplant\u0131s\u0131 d\u00fczenledi.\u00a0 \u00a0 \u00a0 \u00a0 \u00a0 \u00a0 \u00a0 \u00a0 \u00a0 \u00a0 \u00a0 \u00a0 \u00a0 \u00a0 \u00a0 \u00a0 \u00a0 \u00a0 \u00a0 \u00a0 \u00a0 \u00a0 \u00a0 \u00a0 \u00a0 \u00a0 \u00a0 \u00a0 \u00a0 \u00a0 \u00a0 \u00a0 \u00a0 \u00a0 \u00a0 \u00a0 \u00a0 \u00a0 \u00a0 \u00a0 \u00a0 \u00a0 \u00a0 \u00a0 \u00a0 \u00a0 \u00a0 \u00a0 \u00a0 \u00a0<\/span><\/p>\n<p class=\"m_400491705682533310gmail-p1\" style=\"color: rgb(34, 34, 34); font-family: arial, sans-serif; font-size: 12.8px; line-height: normal;\"><span style=\"font-size:16px;\">Ger\u00e7ekle\u015fen toplant\u0131ya Mersin B\u00fcy\u00fck\u015fehir Belediye Ba\u015fkan\u0131 Burhanettin Kocamaz, MHP Mersin Milletvekilleri Oktay \u00d6zt\u00fcrk ile Baki \u015eim\u015fek, Mersin Baro Ba\u015fkan\u0131 Avukat Ali Er, siyasi partilerin il, il\u00e7e ba\u015fkanlar\u0131, il\u00e7e belediye ba\u015fkanlar\u0131, sivil toplum kurulu\u015flar\u0131, oda ve dernek temsilcileri, akademisyenler, meclis \u00fcyeleri, muhtarlar, bas\u0131n mensuplar\u0131 ve y\u00fczlerce Mersinli yer ald\u0131. Hizmette 4. Y\u0131l Tan\u0131t\u0131m ve Bilgilendirme Toplant\u0131s\u0131na ak\u0131n ak\u0131n eden Mersinli vatanda\u015flar Kongre Sergi saray\u0131nda\u00a0 yer s\u0131k\u0131nt\u0131s\u0131 ya\u015fand\u0131.<\/span><\/p>\n<p class=\"m_400491705682533310gmail-p1\" style=\"color: rgb(34, 34, 34); font-family: arial, sans-serif; font-size: 12.8px; line-height: normal;\"><span style=\"font-size:16px;\">Toplant\u0131 salonunda herkes yerini ald\u0131ktan sonra 1 dakikal\u0131k sayg\u0131 duru\u015fu bekletilip ard\u0131ndan \u0130stiklal Mar\u015f\u0131 okundu.<\/span><\/p>\n<p class=\"m_400491705682533310gmail-p1\" style=\"color: rgb(34, 34, 34); font-family: arial, sans-serif; font-size: 12.8px; line-height: normal;\"><span style=\"font-size:16px;\">Mar\u015f sonras\u0131nda B\u00fcy\u00fck\u015fehir belediyesinin 2014 y\u0131l\u0131ndan beri yapt\u0131klar\u0131 \u00e7al\u0131\u015fmalar\u0131 film \u015feklinde toplant\u0131 salonunda Mersin\u2019li vatanda\u015flara izletilerek yapt\u0131klar\u0131 \u00e7al\u0131\u015fmalardan be\u011feniler al\u0131p kongreye kat\u0131lan herkes taraf\u0131ndan alk\u0131\u015fland\u0131.<\/span><\/p>\n<p class=\"m_400491705682533310gmail-p1\" style=\"color: rgb(34, 34, 34); font-family: arial, sans-serif; font-size: 12.8px; line-height: normal;\"><span style=\"font-size:16px;\">Kocamaz, kendisine \u00f6zel yaz\u0131lan \u20184.y\u0131l Mar\u015f\u0131\u2019 ile salona girerek 4 y\u0131lda Mersin\u2019e yapt\u0131klar\u0131 \u00e7al\u0131\u015fmalar\u0131ndan bahsederek toplant\u0131 konu\u015fmas\u0131n\u0131 ger\u00e7ekle\u015ftirdi. Konu\u015fma esnas\u0131nda salonda izleyici olan Mersinli vatanda\u015flar \u2018Ba\u015fkan Kocamaz Seni Kimse Y\u0131kamaz\u2019 ve \u2018Mersin Seninle Gurur Duyuyor\u2019 sloganlar\u0131 ile Kocamaz\u2019a desteklerini belirttiler.<\/span><\/p>\n<p class=\"m_400491705682533310gmail-p2\" style=\"color: rgb(34, 34, 34); font-family: arial, sans-serif; font-size: 12.8px; line-height: normal;\">\u00a0<\/p>\n<p class=\"m_400491705682533310gmail-p1\" style=\"color: rgb(34, 34, 34); font-family: arial, sans-serif; font-size: 12.8px; line-height: normal;\"><span style=\"font-size:16px;\">\u201cHIZLI, KAL\u0130TEL\u0130 \u00c7\u00d6Z\u00dcMLER \u00dcRETECE\u011e\u0130Z\u201d<\/span><\/p>\n<p class=\"m_400491705682533310gmail-p2\" style=\"color: rgb(34, 34, 34); font-family: arial, sans-serif; font-size: 12.8px; line-height: normal;\">\u00a0<\/p>\n<p class=\"m_400491705682533310gmail-p1\" style=\"color: rgb(34, 34, 34); font-family: arial, sans-serif; font-size: 12.8px; line-height: normal;\"><span style=\"font-size:16px;\">Mersin B\u00fcy\u00fck\u015fehir Belediyesi omuzlar\u0131m\u0131zdaki y\u00fck\u00fcn ve halk\u0131n beklentilerinin fark\u0131nda oldu\u011funu dile getiren Kocamaz: \u201c Sorumlu oldu\u011fumuz \u015fehrin insanlar\u0131n\u0131 Cenab\u0131 Allah\u2019\u0131n birer emaneti olarak g\u00f6r\u00fcyor, kamu mal\u0131n\u0131 can\u0131m\u0131zdan aziz biliyoruz. Mersin\u2019imizi ve Mersinlileri, hi\u00e7bir kar\u015f\u0131l\u0131k beklemeden, i\u00e7ten ve g\u00f6n\u00fclden, karasevdal\u0131lar gibi seviyoruz. Mersin\u2019de kurdu\u011fumuz merhamet odakl\u0131 sevgi sisteminin, yazd\u0131\u011f\u0131m\u0131z hizmet destan\u0131n\u0131n g\u00fc\u00e7 ve ilham kayna\u011f\u0131 budur. Y\u00fczler g\u00fcls\u00fcn, kar\u0131nlar doysun, bir tek vatanda\u015f\u0131m\u0131z kendini \u00e7aresiz ve d\u0131\u015flanm\u0131\u015f hissetmesin diye gece g\u00fcnd\u00fcz \u00e7al\u0131\u015fmam\u0131z\u0131n nedeni budur. D\u00f6rt y\u0131l \u00f6nce g\u00f6reve geldi\u011fimizde halk\u0131m\u0131za bir s\u00f6z verdik. \u201cMersin\u2019in birikmi\u015f t\u00fcm sorunlar\u0131na do\u011fru, h\u0131zl\u0131, kaliteli \u00e7\u00f6z\u00fcmler \u00fcretece\u011fiz\u201d ifadelerini kulland\u0131.<\/span><\/p>\n<p class=\"m_400491705682533310gmail-p1\" style=\"color: rgb(34, 34, 34); font-family: arial, sans-serif; font-size: 12.8px; line-height: normal;\"><span style=\"font-size:16px;\">\u201chizmetler sunarak ortaya bamba\u015fka bir Mersin tablosu \u00e7\u0131kard\u0131k\u201d<\/span><\/p>\n<p class=\"m_400491705682533310gmail-p1\" style=\"color: rgb(34, 34, 34); font-family: arial, sans-serif; font-size: 12.8px; line-height: normal;\"><span style=\"font-size:16px;\">Kocamaz: \u201cSizler de \u015fahit oluyorsunuz, i\u00e7me suyundan kanalizasyona, tar\u0131mdan ula\u015f\u0131ma, sosyal hizmetlerden sa\u011fl\u0131\u011fa, k\u00fclt\u00fcrden spora, \u00e7evreden veterinerlik hizmetlerine kadar her alanda g\u00f6r\u00fclmemi\u015f hizmetler sunduk. D\u00f6rt y\u0131l gibi k\u0131sa bir s\u00fcrede \u00fcretti\u011fimiz hizmet ve projelerle hayal \u00f6tesi i\u015fler ba\u015fard\u0131k. Belediye kaynaklar\u0131n\u0131 etkin ve verimli kullanarak, kat\u0131l\u0131mc\u0131, \u015feffaf, adil ve kaliteli hizmetler sunarak ortaya bamba\u015fka bir Mersin tablosu \u00e7\u0131kard\u0131k\u201d diye kaydetti.<\/span><\/p>\n<p class=\"m_400491705682533310gmail-p3\" style=\"color: rgb(34, 34, 34); font-family: arial, sans-serif; font-size: 12.8px; line-height: normal;\">\u00a0<\/p>\n<p class=\"m_400491705682533310gmail-p1\" style=\"color: rgb(34, 34, 34); font-family: arial, sans-serif; font-size: 12.8px; line-height: normal;\"><span style=\"font-size:16px;\">\u201cB\u0130R \u0130\u015e\u0130 YAPMI\u015e OLMAK \u0130\u00c7\u0130N YA DA DES\u0130NLER D\u0130YE YAPMADIK\u201d<\/span><\/p>\n<p class=\"m_400491705682533310gmail-p1\" style=\"color: rgb(34, 34, 34); font-family: arial, sans-serif; font-size: 12.8px; line-height: normal;\"><span style=\"font-size:16px;\">Kocamaz, derdi hizmet sevdas\u0131 memleket olan bir kadro taraf\u0131ndan y\u00f6netilen Mersin B\u00fcy\u00fck\u015fehir Belediyesi\u2019nin insan odakl\u0131 hizmetler i\u00e7in \u00e7al\u0131\u015ft\u0131\u011f\u0131n\u0131 belirterek \u201cMersin B\u00fcy\u00fck\u015fehir Belediyesi\u2019nin hayata ge\u00e7irdi\u011fi hizmetlerde \u2018\u0130nsan\u0131 ya\u015fat ki devlet ya\u015fas\u0131n\u2019 anlay\u0131\u015f\u0131 vard\u0131r.\u201d dedi. \u0130nsana dokunmayan hi\u00e7bir hizmetin nazarlar\u0131nda\u00a0 k\u0131ymeti harbiyesi yok oldu\u011funu dile getiren Kocamaz: \u201cBiz, hayat\u0131m\u0131z\u0131n hi\u00e7bir d\u00f6neminde bir i\u015fi yapm\u0131\u015f olmak i\u00e7in ya da desinler diye yapmad\u0131k. Kararlar\u0131m\u0131z\u0131, y\u00f6netti\u011fimiz \u015fehrin \u00f6nceliklerine g\u00f6re ald\u0131k ve uygulad\u0131k. Halk\u0131m\u0131zdan ald\u0131\u011f\u0131m\u0131z yetkiyi, tam bir ibadet \u015fuuru i\u00e7erisinde adaletle kulland\u0131k. 24 y\u0131ll\u0131k belediye ba\u015fkanl\u0131\u011f\u0131m\u0131z s\u00fcresince hep bu \u00f6l\u00e7\u00fcyle hareket ettik\u201d \u015feklinde konu\u015ftu.<\/span><\/p>\n<p class=\"m_400491705682533310gmail-p2\" style=\"color: rgb(34, 34, 34); font-family: arial, sans-serif; font-size: 12.8px; line-height: normal;\">\u00a0<\/p>\n<p class=\"m_400491705682533310gmail-p1\" style=\"color: rgb(34, 34, 34); font-family: arial, sans-serif; font-size: 12.8px; line-height: normal;\"><span style=\"font-size:16px;\">\u201cB\u0130Z\u0130M Y\u00d6NET\u0130M ANLAYI\u015eIMIZ BUNU GEREKT\u0130R\u0130R\u201d<\/span><\/p>\n<p class=\"m_400491705682533310gmail-p2\" style=\"color: rgb(34, 34, 34); font-family: arial, sans-serif; font-size: 12.8px; line-height: normal;\">\u00a0<\/p>\n<p class=\"m_400491705682533310gmail-p1\" style=\"color: rgb(34, 34, 34); font-family: arial, sans-serif; font-size: 12.8px; line-height: normal;\"><span style=\"font-size:16px;\">T\u00fcm insan\u0131n\u0131 birer deniz y\u0131ld\u0131z\u0131 olarak g\u00f6rd\u00fc\u011f\u00fcn\u00fc kaydeden Kocamaz: \u201cBelediye Ba\u015fkanlar\u0131 olarak bizler, Cenab\u0131 Allah\u2019\u0131n emaneti olan her bir insan\u0131m\u0131z\u0131 birer denizy\u0131ld\u0131z\u0131 gibi g\u00f6rmek durumunday\u0131z. Unutmayal\u0131m ki, her \u015fey sevgiyle ba\u015flar. Seven sevdi\u011fini korur, kollar, geli\u015ftirir. Onu mutlu, huzurlu, sa\u011fl\u0131kl\u0131 bir \u015fekilde sonsuza kadar ya\u015fatmak ister. Bizim y\u00f6netim anlay\u0131\u015f\u0131m\u0131z bunu gerektirir. Bizim nazar\u0131m\u0131zda bir tek Mersinlinin, evet sadece bir tek Mersinlinin mutlulu\u011fu, 80 y\u0131ll\u0131k yol, 100 y\u0131ll\u0131k k\u00f6pr\u00fc hayalleri ger\u00e7e\u011fe d\u00f6n\u00fc\u015fen k\u00f6yl\u00fcm\u00fcz\u00fcn duas\u0131, engelsiz tiyatro, m\u00fczik ve spor kurslar\u0131m\u0131zla hayata tutunan bir engelli bireyimizin y\u00fcz\u00fcndeki g\u00fcl\u00fcmseme, neredeyse bir as\u0131rd\u0131r su hasreti \u00e7eken k\u00f6y sakinlerinin avu\u00e7lar\u0131na doldurduklar\u0131 suyu kana kana i\u00e7mesi, evinde tencere kaynatamayan bir vatanda\u015f\u0131m\u0131z\u0131n A\u015fhanemizde \u00e7\u0131kan s\u0131cac\u0131k bir \u00e7orbay\u0131 yudumlarken hissetti\u011fi g\u00fcven, L\u00f6semi hastas\u0131 bir evlad\u0131m\u0131z\u0131n ya da bir k\u00f6y \u00f6\u011fretmeninin hayalini ger\u00e7e\u011fe d\u00f6n\u00fc\u015ft\u00fcrmek her \u015feye de\u011fer, Diyarbak\u0131r\u2019dan \u00e7ocuklar \u2018Biz Mersin\u2019i tan\u0131mak istiyoruz\u2019 dediklerinde, onlar\u0131n yan\u0131nda olmak her \u015feye de\u011fer, evde bak\u0131m hizmeti sundu\u011fumuz ya\u015fl\u0131 bir vatanda\u015f\u0131m\u0131z\u0131n dual\u0131 dudaklar\u0131ndan d\u00f6k\u00fclen bir te\u015fekk\u00fcr, beslenme oda\u011f\u0131nda huzurla suyunu i\u00e7en bir k\u00f6pek ya da Kedi Park\u0131nda ne\u015feyle oynayan sevimli bir kedinin ya\u015fama sevincine \u015fahit olmak her \u015feye de\u011fer\u201d \u015feklinde kaydetti.<\/span><\/p>\n<p class=\"m_400491705682533310gmail-p2\" style=\"color: rgb(34, 34, 34); font-family: arial, sans-serif; font-size: 12.8px; line-height: normal;\">\u00a0<\/p>\n<p class=\"m_400491705682533310gmail-p1\" style=\"color: rgb(34, 34, 34); font-family: arial, sans-serif; font-size: 12.8px; line-height: normal;\"><span style=\"font-size:16px;\">\u201cMERS\u0130N \u0130\u00c7\u0130N \u00c7ALI\u015eIYOR, MERS\u0130N \u0130\u00c7\u0130N \u00c7ABALIYORUZ\u201d<\/span><\/p>\n<p class=\"m_400491705682533310gmail-p2\" style=\"color: rgb(34, 34, 34); font-family: arial, sans-serif; font-size: 12.8px; line-height: normal;\">\u00a0<\/p>\n<p class=\"m_400491705682533310gmail-p1\" style=\"color: rgb(34, 34, 34); font-family: arial, sans-serif; font-size: 12.8px; line-height: normal;\"><span style=\"font-size:16px;\">Halka daha iyi hizmet verebilmek i\u00e7in \u00e7al\u0131\u015ft\u0131klar\u0131n\u0131 belirten Kocamaz, Mersin ilinde kader birli\u011fi eden b\u00fct\u00fcn toplum kesimlerini Mersin ortak paydas\u0131nda, bar\u0131\u015f ve karde\u015flik duygular\u0131 etraf\u0131nda birle\u015ftirdi\u011fini ifade etti. Cennetin yery\u00fcz\u00fc \u015fubesi Mersin\u2019in insanl\u0131k tarihiyle ya\u015f\u0131t benzersiz renkler, sesler ve de\u011ferler b\u00fct\u00fcn\u00fc oldu\u011funu vurgulayan Kocamaz: \u201c\u0130limizin karakter ve kaderini belirleyen bu paha bi\u00e7ilmez ahengin fark\u0131nda olarak milli, yerli, vizyoner bir anlay\u0131\u015fla b\u0131kmadan, usanmadan, y\u0131lmadan, yorulmadan Mersin i\u00e7in \u00e7al\u0131\u015f\u0131yor, Mersin i\u00e7in \u00e7abal\u0131yoruz\u201d dedi.<\/span><\/p>\n<p class=\"m_400491705682533310gmail-p2\" style=\"color: rgb(34, 34, 34); font-family: arial, sans-serif; font-size: 12.8px; line-height: normal;\">\u00a0<\/p>\n<p class=\"m_400491705682533310gmail-p1\" style=\"color: rgb(34, 34, 34); font-family: arial, sans-serif; font-size: 12.8px; line-height: normal;\"><span style=\"font-size:16px;\">\u201cBA\u015eIMIZI YERE E\u011eD\u0130RMED\u0130\u011e\u0130 \u0130\u00c7\u0130N RABB\u0130ME B\u0130NLERCE KEZ \u015e\u00dcKRED\u0130YORUM\u201d<\/span><\/p>\n<p class=\"m_400491705682533310gmail-p2\" style=\"color: rgb(34, 34, 34); font-family: arial, sans-serif; font-size: 12.8px; line-height: normal;\">\u00a0<\/p>\n<p class=\"m_400491705682533310gmail-p1\" style=\"color: rgb(34, 34, 34); font-family: arial, sans-serif; font-size: 12.8px; line-height: normal;\"><span style=\"font-size:16px;\">Hizmet sisteminin uzun y\u0131llar devam etmesi y\u00f6n\u00fcnde her birine \u00f6nemli g\u00f6revler d\u00fc\u015ft\u00fc\u011f\u00fcn\u00fc belirten Kocamaz: \u201cB\u00fct\u00fcn engelleme ve 15 Temmuz sonras\u0131 Belediyemiz \u00fczerine kurulan kumpaslara ra\u011fmen aln\u0131 a\u00e7\u0131k, ba\u015f\u0131 dik, verdi\u011fi s\u00f6z ve taahh\u00fctlerin tamam\u0131n\u0131 yerine getirmi\u015f bir halk adam\u0131, 24 y\u0131l\u0131n\u0131 tamamlam\u0131\u015f ve bug\u00fcn 25. y\u0131la ad\u0131m atm\u0131\u015f bir belediye ba\u015fkan\u0131 olarak huzurlar\u0131n\u0131zday\u0131m. Bu huzur ve mutlulu\u011fu bizlere ya\u015fatt\u0131\u011f\u0131, sizlere kar\u015f\u0131 bizleri mahcup etmedi\u011fi ve ba\u015f\u0131m\u0131z\u0131 yere e\u011fdirmedi\u011fi i\u00e7in Rabbime binlerce kez \u015f\u00fckrediyorum. Ayr\u0131\u015ft\u0131ran de\u011fil birle\u015ftiren bir anlay\u0131\u015fla kurdu\u011fumuz insan odakl\u0131 \u00fcretken hizmet sisteminin daha uzun y\u0131llar devam etmesi i\u00e7in her birimize \u00f6nemli g\u00f6revler d\u00fc\u015fmektedir. Bu duygu ve d\u00fc\u015f\u00fcncelerle; Cenab\u0131 Allah\u2019tan, Mersin\u2019i d\u00fcnya kenti haline getirecek daha nice projeleri sizlerle birlikte ba\u015far\u0131yla ger\u00e7ekle\u015ftirmeyi bizlere nasip etmesini diliyorum.\u201d diyerek son c\u00fcmlelerini tamamlad\u0131.<\/span><\/p>\n<p class=\"m_400491705682533310gmail-p3\" style=\"color: rgb(34, 34, 34); font-family: arial, sans-serif; font-size: 12.8px; line-height: normal;\">\u00a0<\/p>\n<p class=\"m_400491705682533310gmail-p1\" style=\"color: rgb(34, 34, 34); font-family: arial, sans-serif; font-size: 12.8px; line-height: normal;\"><span style=\"font-size:16px;\">Ba\u015fkan Kocamaz\u2019\u0131n konu\u015fmas\u0131n\u0131n ard\u0131ndan protokol \u00fcyeleri ile birlikte hat\u0131ra foto\u011fraf\u0131 \u00e7ekildi ve 4.y\u0131l pastas\u0131 kesilerek toplant\u0131 son buldu.<\/span><\/p>\n","protected":false},"excerpt":{"rendered":"<p>Mersin Kongre Sergi Saray\u0131\u2019nda Mersin B\u00fcy\u00fck\u015fehir Belediyesi Ba\u015fkan\u0131 Burhanettin Kocamaz \u00f6nc\u00fcl\u00fc\u011f\u00fcnde 4. Y\u0131l Tan\u0131t\u0131m ve Bilgilendirme Toplant\u0131s\u0131 ger\u00e7ekle\u015ftirilerek 2014 y\u0131l\u0131ndan beri yapt\u0131klar\u0131 \u00e7al\u0131\u015fmalar\u0131n\u0131 anlatarak halka kar\u015f\u0131 mahcup olmad\u0131\u011f\u0131n\u0131 s\u00f6yledi. Mersin &hellip; <a href=\"https:\/\/akdenizolaygazetesi.com\/?p=1656\" class=\"more-link\">Devam\u0131n\u0131 Oku&#8230;<\/a><\/p>\n","protected":false},"author":1,"featured_media":0,"comment_status":"open","ping_status":"open","sticky":false,"template":"","format":"standard","meta":[],"categories":[],"tags":[],"_links":{"self":[{"href":"https:\/\/akdenizolaygazetesi.com\/index.php?rest_route=\/wp\/v2\/posts\/1656"}],"collection":[{"href":"https:\/\/akdenizolaygazetesi.com\/index.php?rest_route=\/wp\/v2\/posts"}],"about":[{"href":"https:\/\/akdenizolaygazetesi.com\/index.php?rest_route=\/wp\/v2\/types\/post"}],"author":[{"embeddable":true,"href":"https:\/\/akdenizolaygazetesi.com\/index.php?rest_route=\/wp\/v2\/users\/1"}],"replies":[{"embeddable":true,"href":"https:\/\/akdenizolaygazetesi.com\/index.php?rest_route=%2Fwp%2Fv2%2Fcomments&post=1656"}],"version-history":[{"count":0,"href":"https:\/\/akdenizolaygazetesi.com\/index.php?rest_route=\/wp\/v2\/posts\/1656\/revisions"}],"wp:attachment":[{"href":"https:\/\/akdenizolaygazetesi.com\/index.php?rest_route=%2Fwp%2Fv2%2Fmedia&parent=1656"}],"wp:term":[{"taxonomy":"category","embeddable":true,"href":"https:\/\/akdenizolaygazetesi.com\/index.php?rest_route=%2Fwp%2Fv2%2Fcategories&post=1656"},{"taxonomy":"post_tag","embeddable":true,"href":"https:\/\/akdenizolaygazetesi.com\/index.php?rest_route=%2Fwp%2Fv2%2Ftags&post=1656"}],"curies":[{"name":"wp","href":"https:\/\/api.w.org\/{rel}","templated":true}]}}