{"id":16562,"date":"2022-02-10T13:13:53","date_gmt":"2022-02-10T10:13:53","guid":{"rendered":"http:\/\/akdenizolaygazetesi.com\/?p=16562"},"modified":"2022-02-10T13:13:53","modified_gmt":"2022-02-10T10:13:53","slug":"kendi-kategorilerinde-sampiyon-oldular","status":"publish","type":"post","link":"https:\/\/akdenizolaygazetesi.com\/?p=16562","title":{"rendered":"Kendi kategorilerinde \u015fampiyon oldular"},"content":{"rendered":"<p>Akdeniz Belediye Ba\u015fkan\u0131 Mustafa G\u00fcltak, 19-27 Ocak tarihleri aras\u0131nda Ordu&#8217;da ger\u00e7ekle\u015fen T\u00fcrkiye Kick Boks Turnuvas\u0131&#8217;ndan \u015fampiyon olarak d\u00f6nen Akdeniz Belediyespor Kul\u00fcb\u00fc sporcular\u0131n\u0131 a\u011f\u0131rlad\u0131. Ba\u015fkan G\u00fcltak, madalya ile d\u00f6nen sporcular\u0131 maddi olarak \u00f6d\u00fcllendirdi.<br \/>\nAkdeniz Belediyesi, \u00e7ocuklar\u0131 ve gen\u00e7leri sporun farkl\u0131 dallar\u0131yla bulu\u015fturup, Akdeniz\u2019i sporla an\u0131lan bir il\u00e7eye d\u00f6n\u00fc\u015ft\u00fcr\u00fcrken, gelece\u011fin sporcular\u0131n\u0131 yeti\u015ftirmeye de devam ediyor. Son olarak 81 ilden 6 bine yak\u0131n sporcu, antren\u00f6r ve hakemin kat\u0131l\u0131m\u0131yla minikler, y\u0131ld\u0131zlar, gen\u00e7ler ve b\u00fcy\u00fckler kategorisinde ger\u00e7ekle\u015ftirilen Kick Boks T\u00fcrkiye \u015eampiyonas\u0131&#8217;ndan madalya ile d\u00f6nen Akdeniz Belediyespor&#8217;a ba\u011fl\u0131 sporcular Ba\u015fkan Mustafa G\u00fcltak&#8217;\u0131 ziyaret etti.<br \/>\nKendi kategorilerinde \u015fampiyon oldular<br \/>\nZiyarete, sporcular G\u00fclizar Kara, Hatip Emlek ve Muhammed Ta\u015fkin&#8217;in yan\u0131 s\u0131ra Akdeniz Belediyespor Kul\u00fcb\u00fc Kick Boks Antren\u00f6r\u00fc Nas\u0131r Kandemir ve K\u00fclt\u00fcr ve Sosyal \u0130\u015fler M\u00fcd\u00fcr\u00fc Ali U\u00e7ar da kat\u0131ld\u0131. Ordu&#8217;da 19-27 Ocak tarihleri aras\u0131nda ger\u00e7ekle\u015fen turnuvada b\u00fcy\u00fckler art\u0131 kategorisinde milli boks\u00f6r\u00fcm\u00fcz G\u00fclizar Kara, b\u00fcy\u00fck erkekler kategorisinde 57 kiloda m\u00fccadele eden Hatip Emlek, ve gen\u00e7ler kategorisinde 51 kiloda ringde ter d\u00f6ken Muhammed Ta\u015fkin \u015fampiyonluk ipini g\u00f6\u011f\u00fcsledi.<br \/>\nHedef Antalya&#8217;daki Avrupa \u015eampiyonas\u0131<br \/>\nSporcular\u0131 a\u011f\u0131rlayan Ba\u015fkan Mustafa G\u00fcltak, &#8221; Ordu&#8217;da yo\u011fun bir kat\u0131l\u0131mla ger\u00e7ekle\u015fen turnuvada \u015fampiyon olan kul\u00fcb\u00fcm\u00fcz\u00fcn sporcular\u0131n\u0131 a\u011f\u0131rlamaktan gurur duyuyorum. S\u0131rada \u00f6nemli bir m\u00fcsabakalar\u0131 daha var. Eyl\u00fcl&#8217;de Antalya&#8217;da yap\u0131lacak olan Avrupa \u015eampiyonas\u0131&#8217;na haz\u0131rlan\u0131yorlar. Sporcular\u0131m\u0131z\u0131n oradan da madalya ile d\u00f6neceklerini umuyorum. Bizler deste\u011fimizi esirgemeden s\u00fcrd\u00fcrmeye devam edece\u011fiz. \u0130n\u015fallah onlar\u0131 Antalya&#8217;da da k\u00fcrs\u00fcde T\u00fcrk bayra\u011f\u0131m\u0131z\u0131 dalgaland\u0131r\u0131rken de g\u00f6rece\u011fiz&#8221; ifadelerini kulland\u0131.<br \/>\nBa\u015fkan G\u00fcltak&#8217;tan sporculara maddi destek<br \/>\nSporcular\u0131n \u00e7ok zorlu \u015fartlarda bu ba\u015far\u0131y\u0131 elde ettiklerine dikkat \u00e7eken Ba\u015fkan G\u00fcltak, Akdeniz Belediyespor Kul\u00fcb\u00fc yetkililerine, dereceye giren bu sporcular\u0131n maddi olarak da \u00f6d\u00fcllendirilmesi talimat\u0131n\u0131 verdi. Ba\u015fkan Mustafa G\u00fcltak s\u00f6zlerini \u015f\u00f6yle noktalad\u0131: &#8220;\u00d6n\u00fcm\u00fczde 1\/5000&#8217;lik imar d\u00fczenlemeleri de var. Bu d\u00fczenleme sonras\u0131 onlara spor merkezi yap\u0131lacak bir alan sunmay\u0131 hedefliyoruz. \u0130mar sorunlar\u0131 da bittikten sonra aralar\u0131nda d\u00fcnya \u015fampiyonu olan milli sporcular\u0131m\u0131z\u0131n da oldu\u011fu gen\u00e7lerimize daha modern ve nezih ortamlarda spor yapmalar\u0131 konusunda bir kompleksi de kazand\u0131rm\u0131\u015f olaca\u011f\u0131z&#8221; \u015feklinde konu\u015ftu.<br \/>\nBa\u015fkan G\u00fcltak&#8217;a desteklerinden dolay\u0131 te\u015fekk\u00fcr eden sporcular daha sonra g\u00fcn\u00fcn an\u0131s\u0131na istinaden hat\u0131ra foto\u011fraf\u0131 \u00e7ekildi. <\/p>\n","protected":false},"excerpt":{"rendered":"<p>Akdeniz Belediye Ba\u015fkan\u0131 Mustafa G\u00fcltak, 19-27 Ocak tarihleri aras\u0131nda Ordu&#8217;da ger\u00e7ekle\u015fen T\u00fcrkiye Kick Boks Turnuvas\u0131&#8217;ndan \u015fampiyon olarak d\u00f6nen Akdeniz Belediyespor Kul\u00fcb\u00fc sporcular\u0131n\u0131 a\u011f\u0131rlad\u0131. Ba\u015fkan G\u00fcltak, madalya ile d\u00f6nen sporcular\u0131 maddi &hellip; <a href=\"https:\/\/akdenizolaygazetesi.com\/?p=16562\" class=\"more-link\">Devam\u0131n\u0131 Oku&#8230;<\/a><\/p>\n","protected":false},"author":2,"featured_media":16563,"comment_status":"open","ping_status":"open","sticky":false,"template":"","format":"standard","meta":[],"categories":[2,3,5],"tags":[],"_links":{"self":[{"href":"https:\/\/akdenizolaygazetesi.com\/index.php?rest_route=\/wp\/v2\/posts\/16562"}],"collection":[{"href":"https:\/\/akdenizolaygazetesi.com\/index.php?rest_route=\/wp\/v2\/posts"}],"about":[{"href":"https:\/\/akdenizolaygazetesi.com\/index.php?rest_route=\/wp\/v2\/types\/post"}],"author":[{"embeddable":true,"href":"https:\/\/akdenizolaygazetesi.com\/index.php?rest_route=\/wp\/v2\/users\/2"}],"replies":[{"embeddable":true,"href":"https:\/\/akdenizolaygazetesi.com\/index.php?rest_route=%2Fwp%2Fv2%2Fcomments&post=16562"}],"version-history":[{"count":1,"href":"https:\/\/akdenizolaygazetesi.com\/index.php?rest_route=\/wp\/v2\/posts\/16562\/revisions"}],"predecessor-version":[{"id":16564,"href":"https:\/\/akdenizolaygazetesi.com\/index.php?rest_route=\/wp\/v2\/posts\/16562\/revisions\/16564"}],"wp:featuredmedia":[{"embeddable":true,"href":"https:\/\/akdenizolaygazetesi.com\/index.php?rest_route=\/wp\/v2\/media\/16563"}],"wp:attachment":[{"href":"https:\/\/akdenizolaygazetesi.com\/index.php?rest_route=%2Fwp%2Fv2%2Fmedia&parent=16562"}],"wp:term":[{"taxonomy":"category","embeddable":true,"href":"https:\/\/akdenizolaygazetesi.com\/index.php?rest_route=%2Fwp%2Fv2%2Fcategories&post=16562"},{"taxonomy":"post_tag","embeddable":true,"href":"https:\/\/akdenizolaygazetesi.com\/index.php?rest_route=%2Fwp%2Fv2%2Ftags&post=16562"}],"curies":[{"name":"wp","href":"https:\/\/api.w.org\/{rel}","templated":true}]}}