{"id":16568,"date":"2022-02-10T13:19:28","date_gmt":"2022-02-10T10:19:28","guid":{"rendered":"http:\/\/akdenizolaygazetesi.com\/?p=16568"},"modified":"2022-02-10T13:19:28","modified_gmt":"2022-02-10T10:19:28","slug":"bu-polis-memuru-ile-ilgili-idari-ve-hukuki-sorusturma-acilmis-midir","status":"publish","type":"post","link":"https:\/\/akdenizolaygazetesi.com\/?p=16568","title":{"rendered":"&#8216;Bu polis memuru ile ilgili idari ve hukuki soru\u015fturma a\u00e7\u0131lm\u0131\u015f m\u0131d\u0131r?&#8217;"},"content":{"rendered":"<p>\u015e\u0131rnak&#8217;\u0131n \u0130dil il\u00e7esinde bir araya gelen y\u00fczlerce ki\u015fi, Dicle Elektrik Da\u011f\u0131t\u0131m A.\u015e.&#8217;nin (DEDA\u015e) elektri\u011fe yapt\u0131\u011f\u0131 zamlar\u0131 protesto etti. Sanat Soka\u011f\u0131&#8217;nda bir araya gelen y\u00fczlerce ki\u015finin zamlara kar\u015f\u0131 yapmak istedi\u011fi a\u00e7\u0131klama, koronavir\u00fcs salg\u0131n\u0131 gerek\u00e7esiyle polislerce engellendi.<\/p>\n<p>Bu esnada sokakta hi\u00e7bir \u015fey yapmadan duran bir vatanda\u015f\u0131n y\u00fcz\u00fcne bir polis kalkan\u0131yla sert\u00e7e vurmu\u015f ve bu nedenle bu vatanda\u015f\u0131n yaralanm\u0131\u015ft\u0131. CHP konuyu Meclise ta\u015f\u0131d\u0131.<\/p>\n<p>\u0130\u00e7i\u015fleri Bakan\u0131 S\u00fcleyman Soylu&#8217;nun yan\u0131tlamas\u0131 i\u00e7in Meclis Ba\u015fkanl\u0131\u011f\u0131na \u00f6nerge veren Alpay Antmen &#8220;\u015e\u0131rnak \u0130dil&#8217;de hi\u00e7bir \u015fey yapmadan yolun kenar\u0131nda duran vatanda\u015fa kalkan\u0131yla vuran ve vatanda\u015f\u0131 yaralayan polis memuru kimdir? Bu polis memuru ile ilgili idari ve hukuki soru\u015fturma a\u00e7\u0131lm\u0131\u015f m\u0131d\u0131r?&#8221; diye sordu.<\/p>\n<p>Mersin Milletvekili Alpay Antmen ya\u015fananlar\u0131n asla kabul edilemeyecek oldu\u011funu belirterek &#8220;Polis ekipleri olay\u0131n ard\u0131ndan hi\u00e7bir \u015fey olmam\u0131\u015f gibi devam etmi\u015ftir. Bu polis memuru hakk\u0131nda mutlaka soru\u015fturma a\u00e7\u0131lmal\u0131d\u0131r. Bu tip davran\u0131\u015flar hem insan haklar\u0131na tamamen ayk\u0131r\u0131d\u0131r hem de vatanda\u015f\u0131n devletle olan ba\u011f\u0131n\u0131 da zay\u0131flatan hareketlerdir&#8221; dedi.<\/p>\n<p>Antmen&#8217;in \u00f6nergesinde yer alan sorular \u015funlar;<\/p>\n<p>\u2013 \u015e\u0131rnak \u0130dil&#8217;de hi\u00e7bir \u015fey yapmadan yolun kenar\u0131nda duran vatanda\u015fa kalkan\u0131yla vuran ve vatanda\u015f\u0131 yaralayan polis memuru kimdir? Bu polis memuru ile ilgili idari ve hukuki soru\u015fturma a\u00e7\u0131lm\u0131\u015f m\u0131d\u0131r? A\u00e7\u0131lmad\u0131ysa neden beklenmektedir?<\/p>\n<p>&#8211; A\u015f\u0131 kar\u015f\u0131tlar\u0131 sosyal mesafeye uymadan ve maskesiz bir \u015fekilde b\u00fcy\u00fck\u015fehirlerde miting ve toplant\u0131 yapt\u0131\u011f\u0131nda bula\u015fmayan koronavir\u00fcs elektrik zamlar\u0131 protesto edildi\u011finde mi bula\u015f\u0131yor?<\/p>\n<p>-Vatanda\u015f\u0131n anayasal demokratik hakk\u0131 olan protestolar\u0131 ve a\u00e7\u0131klamalar\u0131 neden engellenmektedir? Polisin demokratik hakk\u0131n\u0131 kullanan vatanda\u015flara m\u00fcdahale etmek yerine onlar\u0131 eylem yaparken korumas\u0131 gerekmez mi?<\/p>\n<p>\u2013 Polis memurlar\u0131n\u0131n vatanda\u015flara bu tip m\u00fcdahalesinin \u00f6n\u00fcne ge\u00e7mek i\u00e7in ne t\u00fcr \u00f6nlemler almay\u0131 d\u00fc\u015f\u00fcn\u00fcyorsunuz?<\/p>\n","protected":false},"excerpt":{"rendered":"<p>\u015e\u0131rnak&#8217;\u0131n \u0130dil il\u00e7esinde bir araya gelen y\u00fczlerce ki\u015fi, Dicle Elektrik Da\u011f\u0131t\u0131m A.\u015e.&#8217;nin (DEDA\u015e) elektri\u011fe yapt\u0131\u011f\u0131 zamlar\u0131 protesto etti. Sanat Soka\u011f\u0131&#8217;nda bir araya gelen y\u00fczlerce ki\u015finin zamlara kar\u015f\u0131 yapmak istedi\u011fi a\u00e7\u0131klama, &hellip; <a href=\"https:\/\/akdenizolaygazetesi.com\/?p=16568\" class=\"more-link\">Devam\u0131n\u0131 Oku&#8230;<\/a><\/p>\n","protected":false},"author":2,"featured_media":16569,"comment_status":"open","ping_status":"open","sticky":false,"template":"","format":"standard","meta":[],"categories":[2,3,5],"tags":[],"_links":{"self":[{"href":"https:\/\/akdenizolaygazetesi.com\/index.php?rest_route=\/wp\/v2\/posts\/16568"}],"collection":[{"href":"https:\/\/akdenizolaygazetesi.com\/index.php?rest_route=\/wp\/v2\/posts"}],"about":[{"href":"https:\/\/akdenizolaygazetesi.com\/index.php?rest_route=\/wp\/v2\/types\/post"}],"author":[{"embeddable":true,"href":"https:\/\/akdenizolaygazetesi.com\/index.php?rest_route=\/wp\/v2\/users\/2"}],"replies":[{"embeddable":true,"href":"https:\/\/akdenizolaygazetesi.com\/index.php?rest_route=%2Fwp%2Fv2%2Fcomments&post=16568"}],"version-history":[{"count":1,"href":"https:\/\/akdenizolaygazetesi.com\/index.php?rest_route=\/wp\/v2\/posts\/16568\/revisions"}],"predecessor-version":[{"id":16570,"href":"https:\/\/akdenizolaygazetesi.com\/index.php?rest_route=\/wp\/v2\/posts\/16568\/revisions\/16570"}],"wp:featuredmedia":[{"embeddable":true,"href":"https:\/\/akdenizolaygazetesi.com\/index.php?rest_route=\/wp\/v2\/media\/16569"}],"wp:attachment":[{"href":"https:\/\/akdenizolaygazetesi.com\/index.php?rest_route=%2Fwp%2Fv2%2Fmedia&parent=16568"}],"wp:term":[{"taxonomy":"category","embeddable":true,"href":"https:\/\/akdenizolaygazetesi.com\/index.php?rest_route=%2Fwp%2Fv2%2Fcategories&post=16568"},{"taxonomy":"post_tag","embeddable":true,"href":"https:\/\/akdenizolaygazetesi.com\/index.php?rest_route=%2Fwp%2Fv2%2Ftags&post=16568"}],"curies":[{"name":"wp","href":"https:\/\/api.w.org\/{rel}","templated":true}]}}