{"id":1657,"date":"2020-11-04T18:22:11","date_gmt":"2020-11-04T15:22:11","guid":{"rendered":"http:\/\/mersinekonomipolitikagazetesi.com\/?p=1657"},"modified":"2020-11-04T18:22:11","modified_gmt":"2020-11-04T15:22:11","slug":"cukurlu-yola-vatandastan-ilginc-cozum","status":"publish","type":"post","link":"https:\/\/akdenizolaygazetesi.com\/?p=1657","title":{"rendered":"\u00c7UKURLU YOLA VATANDA\u015eTAN \u0130LG\u0130N\u00c7 \u00c7\u00d6Z\u00dcM!"},"content":{"rendered":"<p>Mersin Toroslar \u00c7avu\u015flu Mahallesi\u2019nde yolun ortas\u0131nda bulunan \u00e7ukurun yap\u0131lmamas\u0131 sonucu vatanda\u015f \u00e7ukura \u00e7i\u00e7ek ekti.<\/p>\n<blockquote type=\"cite\">\n<div dir=\"ltr\">\n<p><span style=\"font-size:16px;\">Mersin Toroslar \u00c7avu\u015flu Mahallesi\u2019nde haftalard\u0131r yolun ortas\u0131nda olu\u015fan \u00e7ukur yap\u0131lmad\u0131.<\/span><\/p>\n<p><span style=\"font-size:16px;\">Toroslar \u00c7avu\u015flu Mahallesi\u2019nde ya\u015fayan vatanda\u015f, \u00e7ukur olu\u015fan yolun yap\u0131lmamas\u0131 sonucunda yolun ortas\u0131ndaki \u00e7ukura \u00e7i\u00e7ek dikerek \u00c7avu\u015flu Mahallesi\u2019nde g\u00fcndeme oturdu.<\/span><\/p>\n<p>\u00a0<\/p>\n<p><span style=\"font-size:16px;\">Vatanda\u015f bu durumdan bir hayli rahats\u0131z oldu\u011funu belirterek, yolun i\u00e7inde olu\u015fan \u00e7ukurun haftalard\u0131r bu durumda oldu\u011funu kaydetti.<\/span><\/p>\n<p><span style=\"font-size:16px;\">Ara\u00e7lar i\u00e7in tehlike arz eden \u00e7ukur onar\u0131m\u0131n\u0131n yap\u0131lmad\u0131\u011f\u0131 ve \u00e7ukurun \u00f6nemsenmedi\u011fi g\u00f6zlemleniyor.<\/span><\/p>\n<p><span style=\"font-size:16px;\">Vatanda\u015f yolun ortas\u0131ndaki \u00e7ukura dikkatleri toplamak i\u00e7in \u00e7i\u00e7ek dikerek gelen giden vatanda\u015f\u0131n \u015fok i\u00e7inde izlemesini sa\u011fl\u0131yor.<\/span><\/p>\n<\/div>\n<\/blockquote>\n","protected":false},"excerpt":{"rendered":"<p>Mersin Toroslar \u00c7avu\u015flu Mahallesi\u2019nde yolun ortas\u0131nda bulunan \u00e7ukurun yap\u0131lmamas\u0131 sonucu vatanda\u015f \u00e7ukura \u00e7i\u00e7ek ekti. Mersin Toroslar \u00c7avu\u015flu Mahallesi\u2019nde haftalard\u0131r yolun ortas\u0131nda olu\u015fan \u00e7ukur yap\u0131lmad\u0131. Toroslar \u00c7avu\u015flu Mahallesi\u2019nde ya\u015fayan vatanda\u015f, \u00e7ukur &hellip; <a href=\"https:\/\/akdenizolaygazetesi.com\/?p=1657\" class=\"more-link\">Devam\u0131n\u0131 Oku&#8230;<\/a><\/p>\n","protected":false},"author":1,"featured_media":0,"comment_status":"open","ping_status":"open","sticky":false,"template":"","format":"standard","meta":[],"categories":[],"tags":[],"_links":{"self":[{"href":"https:\/\/akdenizolaygazetesi.com\/index.php?rest_route=\/wp\/v2\/posts\/1657"}],"collection":[{"href":"https:\/\/akdenizolaygazetesi.com\/index.php?rest_route=\/wp\/v2\/posts"}],"about":[{"href":"https:\/\/akdenizolaygazetesi.com\/index.php?rest_route=\/wp\/v2\/types\/post"}],"author":[{"embeddable":true,"href":"https:\/\/akdenizolaygazetesi.com\/index.php?rest_route=\/wp\/v2\/users\/1"}],"replies":[{"embeddable":true,"href":"https:\/\/akdenizolaygazetesi.com\/index.php?rest_route=%2Fwp%2Fv2%2Fcomments&post=1657"}],"version-history":[{"count":0,"href":"https:\/\/akdenizolaygazetesi.com\/index.php?rest_route=\/wp\/v2\/posts\/1657\/revisions"}],"wp:attachment":[{"href":"https:\/\/akdenizolaygazetesi.com\/index.php?rest_route=%2Fwp%2Fv2%2Fmedia&parent=1657"}],"wp:term":[{"taxonomy":"category","embeddable":true,"href":"https:\/\/akdenizolaygazetesi.com\/index.php?rest_route=%2Fwp%2Fv2%2Fcategories&post=1657"},{"taxonomy":"post_tag","embeddable":true,"href":"https:\/\/akdenizolaygazetesi.com\/index.php?rest_route=%2Fwp%2Fv2%2Ftags&post=1657"}],"curies":[{"name":"wp","href":"https:\/\/api.w.org\/{rel}","templated":true}]}}