{"id":1658,"date":"2020-11-04T18:22:11","date_gmt":"2020-11-04T15:22:11","guid":{"rendered":"http:\/\/mersinekonomipolitikagazetesi.com\/?p=1658"},"modified":"2020-11-04T18:22:11","modified_gmt":"2020-11-04T15:22:11","slug":"bakanlardan-vali-suya-ziyaret","status":"publish","type":"post","link":"https:\/\/akdenizolaygazetesi.com\/?p=1658","title":{"rendered":"BAKANLARDAN VAL\u0130 SU\u2019YA Z\u0130YARET"},"content":{"rendered":"<p>Vali Ali \u0130hsan Su\u2019yu ziyarette bulunan Kalk\u0131nma Bakan\u0131 L\u00fctfi Elvan, G\u0131da Tar\u0131m ve Hayvanc\u0131l\u0131k Bakan\u0131 Say\u0131n Ahmet E\u015fref Fak\u0131baba ve Milli E\u011fitim Bakan\u0131 \u0130smet Y\u0131lmaz Mersin\u2019in ekonomi ve e\u011fitimi hakk\u0131nda \u00f6nemli bulgulara de\u011finildi.<\/p>\n<div>\n<div>\n<div>\n<div>\n<div>\n<div>\n<div>\n<div>\n<div>\n<div>\n<div>\n<div id=\":4\">\n<div id=\":2\">\n<div>\n<div role=\"main\">\n<div>\n<table cellpadding=\"0\" role=\"presentation\" style=\"width:1675px;\">\n<tbody>\n<tr>\n<td>\n<div>\n<div>\n<div>\n<div role=\"list\">\n<div role=\"listitem\" style=\"clear:both;\" tabindex=\"-1\">\n<div>\n<div>\n<div id=\":1hm\">\n<div data-legacy-message-id=\"162810ecdbd4737f\" data-message-id=\"162810ecdbd4737f\">\n<div style=\"margin-left:44px;\">\n<div id=\":1if\">\n<div id=\":1ig\">\n<div dir=\"ltr\">\n<div>\n<div dir=\"auto\">\n<blockquote type=\"cite\">\n<div>\n<div dir=\"ltr\">\n<p><span style=\"font-size:16px;\">Kalk\u0131nma Bakan\u0131 L\u00fctfi Elvan, G\u0131da Tar\u0131m ve Hayvanc\u0131l\u0131k Bakan\u0131 Ahmet E\u015fref Fak\u0131baba ve Milli E\u011fitim Bakan\u0131 (MEB) \u0130smet Y\u0131lmaz Vali Ali \u0130hsan Su\u2019yu ziyarette bulundu.<\/span><\/p>\n<p>\u00a0<\/p>\n<p><span style=\"font-size:16px;\">Valilik makam\u0131nda ger\u00e7ekle\u015fen ziyarette hizmet binas\u0131 \u00f6n\u00fcnde Elvan , G\u0131da Tar\u0131m ve Hayvanc\u0131l\u0131k Bakan\u0131 ile Milli E\u011fitim Bakan\u0131n\u0131n, Akdeniz\u2019in incisi olan Mersini a\u011f\u0131rlamaktan duydu\u011fu memnuniyeti dile getirdi.<\/span><\/p>\n<p><span style=\"font-size:16px;\">Elvan, tar\u0131mda daha iyi noktalara gelmesine ve rekabet g\u00fcc\u00fcn\u00fc daha da artt\u0131rabilmesi y\u00f6n\u00fcnde G\u0131da Tar\u0131m ve Hayvanc\u0131l\u0131k Bakan\u0131 Fak\u0131baba\u2019ya te\u015fekk\u00fcr etti.<\/span><\/p>\n<p>\u00a0<\/p>\n<p><span style=\"font-size:16px;\">Mersine \u00e7ok \u00f6nemli hizmetler verdi\u011fini 2019 y\u0131l\u0131 sonu itibariyle tekli e\u011fitime ge\u00e7me hedefine i\u015faret eden Elvan: \u201c Tekli e\u011fitime ge\u00e7me hedefimiz do\u011frultusunda, \u00f6zellikle ilk\u00f6\u011fretim ve orta\u00f6\u011fretim yat\u0131r\u0131mlar\u0131nda inan\u0131lmaz bir destek veren, destek olmaya da devam eden Milli E\u011fitim Bakan\u0131m\u0131z Say\u0131n \u0130smet Y\u0131lmaz\u2019a te\u015fekk\u00fcr ediyorum.\u201d dedi.<\/span><\/p>\n<p>\u00a0<\/p>\n<p><span style=\"font-size:16px;\">BAKAN FAKIBABA; \u201c BAKAN ELVAN MERS\u0130N\u2019E VE B\u00d6LGEYE \u00c7OK \u015eEY KAZANDIRDI\u201d<\/span><\/p>\n<p>\u00a0<\/p>\n<p><span style=\"font-size:16px;\">Bakan Elvan\u2019dan sonra s\u00f6z alan G\u0131da Tar\u0131m ve Hayvanc\u0131l\u0131k Bakan\u0131 Ahmet E\u015fref Fak\u0131baba: \u201cMersin\u2019de Mersinlilerle bir arada olmaktan mutluluk duyuyorum. Mersinimiz tar\u0131m\u0131n merkezi olarak akla geliyor. Mersin en \u00f6nemli \u015fehirlerimizin ba\u015f\u0131nda gelmektedir. Kalk\u0131nma Bakan\u0131m\u0131z\u0131n Tar\u0131m alan\u0131nda da, turizm alan\u0131nda da Mersin\u2019e ve b\u00f6lgeye kazand\u0131rd\u0131\u011f\u0131 \u00e7ok b\u00fcy\u00fck g\u00fczellikler var.\u201d \u015feklinde konu\u015ftu.<\/span><\/p>\n<p>\u00a0<\/p>\n<p><span style=\"font-size:16px;\">BAKAN YILMAZ; &#8221; 2019 YILI SONUNA KADAR \u0130K\u0130L\u0130 E\u011e\u0130T\u0130M S\u0130STEM\u0130 MERS\u0130N\u2019DE DE SONLANDIRILACAK &#8220;<\/span><\/p>\n<p>\u00a0<\/p>\n<p><span style=\"font-size:16px;\">E\u011fitim yat\u0131r\u0131mlar\u0131na de\u011finerek ve e\u011fitim ile ilgili de\u011ferlendirmelerde bulunarak konu\u015fmas\u0131n\u0131 ger\u00e7ekle\u015ftiren Bakan Y\u0131lmaz: \u201cDaha kaliteli bir e\u011fitimi evlatlar\u0131m\u0131za verebilmek, T\u00fcrkiye\u2019nin Akdeniz\u2019deki en b\u00fcy\u00fck liman\u0131na sahip olan Mersin\u2019de evlatlar\u0131m\u0131z\u0131n \u00e7ok daha iyi yeti\u015ftirilmesi i\u00e7in ikili e\u011fitim kald\u0131r\u0131lacak. Bunun i\u00e7in de \u00f6ncelikle altyap\u0131 ile ilgili sorunlar\u0131n \u00e7\u00f6z\u00fclmesi laz\u0131m. G\u00f6reve geldi\u011fimiz ilk y\u0131llarda Mersin\u2019de 1 Milyar\u0131n \u00fczerinde e\u011fitim yat\u0131r\u0131m\u0131n\u0131 ger\u00e7ekle\u015ftirdik, halen devam eden yat\u0131r\u0131mlar\u0131m\u0131z da var. Biz geldi\u011fimizde derslik ba\u015f\u0131na d\u00fc\u015fen \u00f6\u011frenci say\u0131s\u0131 35\u2019ti, \u015fimdi ise 26\u2019ya d\u00fc\u015ft\u00fc. 2019 y\u0131l\u0131 sonuna kadar ikili e\u011fitim sistemi Mersin\u2019de de sonland\u0131r\u0131lacak.\u201d diye kaydetti.<\/span><\/p>\n<p>\u00a0<\/p>\n<p><span style=\"font-size:16px;\">Bakan Y\u0131lmaz, e\u011fitimden daha \u00f6nemli bir konu olmad\u0131\u011f\u0131n\u0131 belirterek \u201cBu nedenle T\u00fcrkiye\u2019nin \u00f6nceli\u011fi e\u011fitimdir. E\u011fer e\u011fitim iyi giderse, her alan iyi gider. \u0130lk ve ortaokullar\u0131n \u015fehir i\u00e7erisinde kalmas\u0131n\u0131 istiyoruz. Liseleri ise \u015fehir i\u00e7ine yapam\u0131yorsak, \u015fehrin biraz uza\u011f\u0131na ta\u015f\u0131yabiliriz. Ta\u015f\u0131mal\u0131 e\u011fitimi de azaltmak istiyoruz.\u201d dedi.<\/span><\/p>\n<p>\u00a0<\/p>\n<p>\u00a0<\/p>\n<p><span style=\"font-size:16px;\">BAKAN YILMAZ: \u201cT\u00dcRK\u0130YE\u2019N\u0130N YARININI BUG\u00dcNDEN DAHA \u0130Y\u0130 B\u0130R NOKTAYA TA\u015eIYACA\u011eIZ\u201d<\/span><\/p>\n<p>\u00a0<\/p>\n<p><span style=\"font-size:16px;\">Bakan Y\u0131lmaz: \u201cOkul \u00f6ncesi e\u011fitimi daha da yayg\u0131nla\u015ft\u0131rmaya y\u00f6nelik \u00e7al\u0131\u015fmalar yapt\u0131k. Geldi\u011fimiz d\u00f6nemde, okul \u00f6ncesi e\u011fitim oran\u0131n\u0131n %10\u2019du. Yap\u0131lan yat\u0131r\u0131m ve \u00e7al\u0131\u015fmalar neticesinde ise 5 ya\u015f i\u00e7in okul \u00f6ncesi e\u011fitime gidenlerin oran\u0131n\u0131n %74\u2019e ula\u015ft\u0131rd\u0131k. Milli gelirimizin %6.2 sinin, Merkezi H\u00fck\u00fcmet b\u00fct\u00e7esinin ise %18\u2019inden fazlas\u0131n\u0131n e\u011fitime ay\u0131rd\u0131k. T\u00fcrkiye\u2019nin yar\u0131n\u0131n\u0131 bug\u00fcnden daha iyi bir noktaya ta\u015f\u0131yaca\u011f\u0131z.\u201d diyerek konu\u015fmas\u0131n\u0131 noktalad\u0131.<\/span><\/p>\n<\/p><\/div>\n<\/p><\/div>\n<\/blockquote><\/div>\n<\/p><\/div>\n<\/p><\/div>\n<\/p><\/div>\n<\/p><\/div>\n<\/p><\/div>\n<\/p><\/div>\n<\/p><\/div>\n<\/p><\/div>\n<\/p><\/div>\n<\/p><\/div>\n<\/p><\/div>\n<\/p><\/div>\n<\/p><\/div>\n<\/p><\/div>\n<\/td>\n<\/tr>\n<\/tbody>\n<\/table>\n<\/div>\n<\/div>\n<\/div>\n<\/div>\n<\/div>\n<\/div>\n<\/div>\n<\/div>\n<\/div>\n<\/div>\n<\/div>\n<\/div>\n<\/div>\n<\/div>\n<\/div>\n<\/div>\n","protected":false},"excerpt":{"rendered":"<p>Vali Ali \u0130hsan Su\u2019yu ziyarette bulunan Kalk\u0131nma Bakan\u0131 L\u00fctfi Elvan, G\u0131da Tar\u0131m ve Hayvanc\u0131l\u0131k Bakan\u0131 Say\u0131n Ahmet E\u015fref Fak\u0131baba ve Milli E\u011fitim Bakan\u0131 \u0130smet Y\u0131lmaz Mersin\u2019in ekonomi ve e\u011fitimi hakk\u0131nda &hellip; <a href=\"https:\/\/akdenizolaygazetesi.com\/?p=1658\" class=\"more-link\">Devam\u0131n\u0131 Oku&#8230;<\/a><\/p>\n","protected":false},"author":1,"featured_media":0,"comment_status":"open","ping_status":"open","sticky":false,"template":"","format":"standard","meta":[],"categories":[],"tags":[],"_links":{"self":[{"href":"https:\/\/akdenizolaygazetesi.com\/index.php?rest_route=\/wp\/v2\/posts\/1658"}],"collection":[{"href":"https:\/\/akdenizolaygazetesi.com\/index.php?rest_route=\/wp\/v2\/posts"}],"about":[{"href":"https:\/\/akdenizolaygazetesi.com\/index.php?rest_route=\/wp\/v2\/types\/post"}],"author":[{"embeddable":true,"href":"https:\/\/akdenizolaygazetesi.com\/index.php?rest_route=\/wp\/v2\/users\/1"}],"replies":[{"embeddable":true,"href":"https:\/\/akdenizolaygazetesi.com\/index.php?rest_route=%2Fwp%2Fv2%2Fcomments&post=1658"}],"version-history":[{"count":0,"href":"https:\/\/akdenizolaygazetesi.com\/index.php?rest_route=\/wp\/v2\/posts\/1658\/revisions"}],"wp:attachment":[{"href":"https:\/\/akdenizolaygazetesi.com\/index.php?rest_route=%2Fwp%2Fv2%2Fmedia&parent=1658"}],"wp:term":[{"taxonomy":"category","embeddable":true,"href":"https:\/\/akdenizolaygazetesi.com\/index.php?rest_route=%2Fwp%2Fv2%2Fcategories&post=1658"},{"taxonomy":"post_tag","embeddable":true,"href":"https:\/\/akdenizolaygazetesi.com\/index.php?rest_route=%2Fwp%2Fv2%2Ftags&post=1658"}],"curies":[{"name":"wp","href":"https:\/\/api.w.org\/{rel}","templated":true}]}}